{"id":7242,"date":"2016-09-22T14:38:48","date_gmt":"2016-09-22T12:38:48","guid":{"rendered":"http:\/\/www.ladislavjakl.cz\/?p=7242"},"modified":"2016-09-22T15:39:49","modified_gmt":"2016-09-22T13:39:49","slug":"anketa-krome-zemana-by-volil-trumpa-i-ladislav-jakl-nebo-martin-michal","status":"publish","type":"post","link":"https:\/\/www.ladislavjakl.cz\/?p=7242","title":{"rendered":"ANKETA: Krom\u011b Zemana by volil Trumpa i Ladislav Jakl nebo Martin Michal!"},"content":{"rendered":"<p>Prezident Milo\u0161 Zeman nen\u00ed jedin\u00fd, kdo by v\u00a0americk\u00fdch prezidentsk\u00fdch volb\u00e1ch podpo\u0159il republik\u00e1nsk\u00e9ho kandid\u00e1ta Donalda Trumpa. Volil by ho i\u00a0b\u00fdval\u00fd \u0159editel politick\u00e9ho odboru Kancel\u00e1\u0159e prezidenta republiky, hudebn\u00edk a\u00a0b\u00fdval\u00fd novin\u00e1\u0159 Ladislav Jakl.<\/p>\n<p><!--more--><\/p>\n<p><em>&#8222;Rozhodn\u011b ale fand\u00edm Donaldu Trumpovi, a\u00a0to\u00a0nejen proto, \u017ee\u00a0m\u00e1 bl\u00edzko k\u00a0\u010cesku, jeho d\u011bti sem jezd\u00ed za\u00a0babi\u010dkou a\u00a0on s\u00e1m je tu mnohokr\u00e1t nav\u0161t\u00edvil nebo vyzved\u00e1val. V\u00a0tom bychom to\u00a0m\u011bli jist\u011b dobr\u00e9. Hlavn\u011b si ale mysl\u00edm, \u017ee\u00a0navzdory \u0161\u00edlen\u00e9 kampani, kter\u00e1 se\u00a0proti n\u011bmu vede, jen on je nad\u011bj\u00ed na\u00a0zm\u011bnu sou\u010dasn\u00e9ho tragick\u00e9ho trendu americk\u00e9 politiky, zat\u00edmco jeho konkurentka, kter\u00e1 chce pokra\u010dovat v\u00a0m\u00f3d\u011b americk\u00fdch prezidentsk\u00fdch dynasti\u00ed, zn\u00e1 na\u00a0dom\u00e1c\u00ed sc\u00e9n\u011b jedin\u00fd recept: dal\u0161\u00ed regulace a\u00a0st\u00e1tn\u00ed z\u00e1sahy. A\u00a0v\u00a0t\u00e9 zahrani\u010dn\u00ed si d\u00e1l chce nezodpov\u011bdn\u011b hr\u00e1t na\u00a0sv\u011btov\u00e9ho \u010detn\u00edka. Trump chce vr\u00e1tit politiku bl\u00ed\u017ee k\u00a0lidem, od\u00a0kter\u00fdch se\u00a0v\u00a0posledn\u00edch dek\u00e1d\u00e1ch tolik vzd\u00e1lila,&#8220;<\/em> \u0159ekl Jakl v\u00a0rozhovoru pro\u00a0VIPosobnosti.cz.<\/p>\n<p><em>&#8222;Naprosto se\u00a0ztoto\u017e\u0148uji s\u00a0n\u00e1zorem sv\u00fdch nej p\u0159\u00e1tel v\u00a0USA, \u017ee\u00a0posledn\u00edm bodem z\u00e1chrany p\u0159ed\u00a0tot\u00e1ln\u00ed v\u00e1lkou je volba Donalda Trumpa. Jak\u00e1koliv ostatn\u00ed volba je p\u0159\u00edm\u00e1 cesta k\u00a0ni\u010div\u00e9 sv\u011btov\u00e9 v\u00e1lce. A\u00a0to\u00a0mnoho z\u00a0n\u00e1s nechce i\u00a0kdy\u017e jsou jedinci ve\u00a0velen\u00ed NATO, a\u00a0jsou to\u00a0\u010ce\u0161i, kte\u0159\u00ed si z\u00a0nen\u00e1visti k\u00a0Rusku nic jin\u00e9ho nep\u0159ej\u00ed. Bez ohledu na\u00a0d\u016fsledky. J\u00e1 bych si ov\u0161em pro\u00a0sv\u00e9 d\u011bti a\u00a0vnou\u010data p\u0159\u00e1l m\u00edr a\u00a0pohodu. Ne v\u00e1lku, ke\u00a0kter\u00e9 nikdy nebylo d\u00edky t\u00e9to \u0161\u00edlen\u00e9 ideologii tak bl\u00edzko, jako je te\u010f. Je mi z\u00a0toho smutno,&#8220;<\/em> napsal na\u00a0sv\u00e9m Facebooku man\u017eel Heleny Vondr\u00e1\u010dkov\u00e9 Martin Michal.<\/p>\n<p><a href=\"http:\/\/www.frekvence1.cz\/celebrity-osobnosti\/krome-zemana-by-volil-trumpa-i-ladislav-jakl-nebo-martin-michal-23919.shtml\" target=\"_blank\">Zdroj<\/a><\/p>\n","protected":false},"excerpt":{"rendered":"<p>Prezident Milo\u0161 Zeman nen\u00ed jedin\u00fd, kdo by v\u00a0americk\u00fdch prezidentsk\u00fdch volb\u00e1ch podpo\u0159il republik\u00e1nsk\u00e9ho kandid\u00e1ta Donalda Trumpa. Volil by ho i\u00a0b\u00fdval\u00fd \u0159editel politick\u00e9ho odboru Kancel\u00e1\u0159e prezidenta republiky, hudebn\u00edk a\u00a0b\u00fdval\u00fd novin\u00e1\u0159 Ladislav Jakl.<\/p>\n","protected":false},"author":1,"featured_media":0,"comment_status":"open","ping_status":"open","sticky":false,"template":"","format":"standard","meta":{"ngg_post_thumbnail":0,"footnotes":""},"categories":[11],"tags":[],"class_list":["post-7242","post","type-post","status-publish","format-standard","hentry","category-ozvena"],"_links":{"self":[{"href":"https:\/\/www.ladislavjakl.cz\/index.php?rest_route=\/wp\/v2\/posts\/7242","targetHints":{"allow":["GET"]}}],"collection":[{"href":"https:\/\/www.ladislavjakl.cz\/index.php?rest_route=\/wp\/v2\/posts"}],"about":[{"href":"https:\/\/www.ladislavjakl.cz\/index.php?rest_route=\/wp\/v2\/types\/post"}],"author":[{"embeddable":true,"href":"https:\/\/www.ladislavjakl.cz\/index.php?rest_route=\/wp\/v2\/users\/1"}],"replies":[{"embeddable":true,"href":"https:\/\/www.ladislavjakl.cz\/index.php?rest_route=%2Fwp%2Fv2%2Fcomments&post=7242"}],"version-history":[{"count":1,"href":"https:\/\/www.ladislavjakl.cz\/index.php?rest_route=\/wp\/v2\/posts\/7242\/revisions"}],"predecessor-version":[{"id":7243,"href":"https:\/\/www.ladislavjakl.cz\/index.php?rest_route=\/wp\/v2\/posts\/7242\/revisions\/7243"}],"wp:attachment":[{"href":"https:\/\/www.ladislavjakl.cz\/index.php?rest_route=%2Fwp%2Fv2%2Fmedia&parent=7242"}],"wp:term":[{"taxonomy":"category","embeddable":true,"href":"https:\/\/www.ladislavjakl.cz\/index.php?rest_route=%2Fwp%2Fv2%2Fcategories&post=7242"},{"taxonomy":"post_tag","embeddable":true,"href":"https:\/\/www.ladislavjakl.cz\/index.php?rest_route=%2Fwp%2Fv2%2Ftags&post=7242"}],"curies":[{"name":"wp","href":"https:\/\/api.w.org\/{rel}","templated":true}]}}