{"id":7244,"date":"2016-09-23T08:35:34","date_gmt":"2016-09-23T06:35:34","guid":{"rendered":"http:\/\/www.ladislavjakl.cz\/?p=7244"},"modified":"2016-09-23T08:35:34","modified_gmt":"2016-09-23T06:35:34","slug":"stanovisko-ivk-ke-dni-22-9-2016-nemecko-kdo-si-na-cem-vylame-zuby","status":"publish","type":"post","link":"https:\/\/www.ladislavjakl.cz\/?p=7244","title":{"rendered":"Stanovisko IVK ke dni 22. 9. 2016: N\u011bmecko &#8211; Kdo si na \u010dem vyl\u00e1me zuby?"},"content":{"rendered":"<p>Podle n\u011bmeck\u00e9ho prezidenta Joachima Gaucka si \u201epopulist\u00e9\u201c na n\u011bmeck\u00e9 demokracii \u201evyl\u00e1mou zuby\u201c. \u0158ekl to v\u00a0rozhovoru pro den\u00edk Saarbr\u00fcckner Zeitung. \u201eZaveden\u00e9 strany\u201c pr\u00fd nesm\u011bj\u00ed ze strachu men\u0161iny obyvatel vytv\u00e1\u0159et \u00fast\u0159edn\u00ed politick\u00e9 t\u00e9ma.<\/p>\n<p><!--more--><\/p>\n<p>Abychom pochopili novo\u0159e\u010d dne\u0161n\u00edch vl\u00e1dnouc\u00edch n\u011bmeck\u00fdch politik\u016f, je t\u0159eba jejich v\u00fdroky p\u0159elo\u017eit. Populisty jsou u nich naz\u00fdvan\u00ed v\u0161ichni ti, kte\u0159\u00ed nejsou hlu\u0161\u00ed k\u00a0z\u00e1jm\u016fm n\u011bmeck\u00fdch ob\u010dan\u016f a jejich n\u00e1lad\u00e1m z\u00a0mas\u00edvn\u00edho p\u0159\u00edlivu neleg\u00e1ln\u00edch p\u0159ist\u011bhovalc\u016f a z\u00a0pokra\u010duj\u00edc\u00ed bruselsk\u00e9 unifikace a krize EU. \u201eZaveden\u00e9 strany\u201c jsou ty, kter\u00e9 u\u017e od v\u00e1lky dr\u017e\u00ed monopol na moc a nep\u0159ipou\u0161t\u011bj\u00ed \u017e\u00e1dnou alternativu.<\/p>\n<p>Je to opravdu \u201edemokracie\u201c, na \u010dem si podle Gaucka maj\u00ed vyl\u00e1mat nov\u00e1 uskupen\u00ed sv\u00e9 zuby? Nikoli, to pr\u00e1v\u011b tato uskupen\u00ed (jako t\u0159eba AfD) teprve skute\u010dnou demokracii do sou\u010dasn\u00fdch po dlouh\u00e1 desetilet\u00ed zabetonovan\u00fdch pom\u011br\u016f p\u0159in\u00e1\u0161ej\u00ed. A na \u010dem si tato uskupen\u00ed maj\u00ed vyl\u00e1mat zuby? Je to opravdu demokracie, nebo sp\u00ed\u0161e medi\u00e1ln\u00ed ma\u0161in\u00e9rie a st\u00e1tn\u00ed moc?<\/p>\n<p>Gauck tedy cht\u011bl \u0159\u00edci: nep\u0159ipust\u00edme demokracii, nep\u0159ipust\u00edme, aby \u010d\u00e1st n\u011bmeck\u00fdch voli\u010d\u016f, kter\u00e1 nesouhlas\u00ed s\u00a0na\u0161\u00edm dosavadn\u00edm neot\u0159esiteln\u00fdm monopolem na moc, z\u00edskala demokratickou cestou sv\u016fj legitimn\u00ed vliv na rozhodov\u00e1n\u00ed. Pak by panu prezidentovi Gauckovi m\u011bl n\u011bkdo sd\u011blit, co se v\u00a0d\u011bjin\u00e1ch u\u017e mockr\u00e1t stalo: pokud se dlouhodob\u011b odstaven\u00e9 v\u00fdznamn\u00e9 \u010d\u00e1sti ve\u0159ejnosti nepoda\u0159\u00ed prolomit si cestu k\u00a0pod\u00edlu na spr\u00e1v\u011b st\u00e1tu v\u00a0r\u00e1mci st\u00e1vaj\u00edc\u00edho syst\u00e9mu, najde si tuto cestu mimo syst\u00e9m.<\/p>\n<p>A to je p\u0159esn\u011b sc\u00e9n\u00e1\u0159, o kter\u00fd si Gauck sv\u00fdm postojem \u0159\u00edk\u00e1.<\/p>\n<p><em>Ladislav Jakl<\/em><\/p>\n<p><a href=\"http:\/\/www.institutvk.cz\/stanovisko-ivk-ke-dni-22-9-2016-nemecko-kdo-si-na-cem-vylame-zuby\" target=\"_blank\">Zdroj<\/a><\/p>\n","protected":false},"excerpt":{"rendered":"<p>Podle n\u011bmeck\u00e9ho prezidenta Joachima Gaucka si \u201epopulist\u00e9\u201c na n\u011bmeck\u00e9 demokracii \u201evyl\u00e1mou zuby\u201c. \u0158ekl to v\u00a0rozhovoru pro den\u00edk Saarbr\u00fcckner Zeitung. \u201eZaveden\u00e9 strany\u201c pr\u00fd nesm\u011bj\u00ed ze strachu men\u0161iny obyvatel vytv\u00e1\u0159et \u00fast\u0159edn\u00ed politick\u00e9 t\u00e9ma.<\/p>\n","protected":false},"author":1,"featured_media":0,"comment_status":"open","ping_status":"open","sticky":false,"template":"","format":"standard","meta":{"ngg_post_thumbnail":0,"footnotes":""},"categories":[1],"tags":[],"class_list":["post-7244","post","type-post","status-publish","format-standard","hentry","category-publikovane-clanky"],"_links":{"self":[{"href":"https:\/\/www.ladislavjakl.cz\/index.php?rest_route=\/wp\/v2\/posts\/7244","targetHints":{"allow":["GET"]}}],"collection":[{"href":"https:\/\/www.ladislavjakl.cz\/index.php?rest_route=\/wp\/v2\/posts"}],"about":[{"href":"https:\/\/www.ladislavjakl.cz\/index.php?rest_route=\/wp\/v2\/types\/post"}],"author":[{"embeddable":true,"href":"https:\/\/www.ladislavjakl.cz\/index.php?rest_route=\/wp\/v2\/users\/1"}],"replies":[{"embeddable":true,"href":"https:\/\/www.ladislavjakl.cz\/index.php?rest_route=%2Fwp%2Fv2%2Fcomments&post=7244"}],"version-history":[{"count":1,"href":"https:\/\/www.ladislavjakl.cz\/index.php?rest_route=\/wp\/v2\/posts\/7244\/revisions"}],"predecessor-version":[{"id":7245,"href":"https:\/\/www.ladislavjakl.cz\/index.php?rest_route=\/wp\/v2\/posts\/7244\/revisions\/7245"}],"wp:attachment":[{"href":"https:\/\/www.ladislavjakl.cz\/index.php?rest_route=%2Fwp%2Fv2%2Fmedia&parent=7244"}],"wp:term":[{"taxonomy":"category","embeddable":true,"href":"https:\/\/www.ladislavjakl.cz\/index.php?rest_route=%2Fwp%2Fv2%2Fcategories&post=7244"},{"taxonomy":"post_tag","embeddable":true,"href":"https:\/\/www.ladislavjakl.cz\/index.php?rest_route=%2Fwp%2Fv2%2Ftags&post=7244"}],"curies":[{"name":"wp","href":"https:\/\/api.w.org\/{rel}","templated":true}]}}