{"id":7246,"date":"2016-09-30T15:26:46","date_gmt":"2016-09-30T13:26:46","guid":{"rendered":"http:\/\/www.ladislavjakl.cz\/?p=7246"},"modified":"2016-09-30T15:26:46","modified_gmt":"2016-09-30T13:26:46","slug":"z-diskuse-na-neviditelnem-psu","status":"publish","type":"post","link":"https:\/\/www.ladislavjakl.cz\/?p=7246","title":{"rendered":"Z diskuse na Neviditeln\u00e9m psu:"},"content":{"rendered":"<p><strong>Kdysi jsem syl\u0161el v rozhlase<\/strong>:<\/p>\n<p><!--more--><\/p>\n<p>Autor:\u00a0D. Stirsk\u00fd\u00a0Datum:\u00a026.9.2016 9:34<\/p>\n<table>\n<tbody>\n<tr>\n<td>report\u00e1\u017e o jednom velk\u00e9m m\u011bst\u011b v Ji\u017en\u00ed Americe, kde se magistr\u00e1t rozhodl v\u00fdrazn\u011b omezit automobilovou dopravu. Okam\u017eit\u011b za\u010daly demonstrace, petice, protesty. Jen\u017ee radn\u00ed nepovolili. A lid\u00e9 najednou zjistili, jak je centrum m\u011bsta bez aut kr\u00e1sn\u00e9 a o co v\u0161e p\u0159ich\u00e1zeli. Hlavn\u00ed t\u0159\u00edda se za\u010dala kultivovat, a to i v m\u00edstech, kde vedla r\u016fzn\u00fdmi chud\u00fdmi \u010dtvrt\u011bmi a slumy, vznikalo mnoho nov\u00fdch obchod\u016f, restaurac\u00ed, kav\u00e1ren&#8230; Je mn\u011b smutno, kdy\u017e vid\u00edm t\u0159eba \u0161irok\u00e9 vinohradsk\u00e9 ulice s kr\u00e1sn\u00fdmi domy z p\u0159elomu 19. a 20. stolet\u00ed zastav\u011bn\u00e9 auty, n\u011bkdy se d\u00e1 j\u00edt po chodn\u00edku jen st\u011b\u017e\u00ed, v\u0161ude jen sam\u00e9 plechov\u00e9 \u0161katule. A kdy\u017e vid\u00edm \u0159eky aut na magistr\u00e1le a skoro v ka\u017ed\u00e9m je jen jeden \u010dlov\u011bk&#8230;<\/td>\n<\/tr>\n<\/tbody>\n<\/table>\n<p>&nbsp;<\/p>\n<p><strong>Re: Kdysi jsem syl\u0161el v rozhlase<\/strong>:<br \/>\nAutor:\u00a0R. Chodovsky\u00a0Datum:\u00a026.9.2016 11:31<\/p>\n<table>\n<tbody>\n<tr>\n<td>report\u00e1\u017e o jednom velk\u00e9m m\u011bst\u011b na ostrov\u011b Utopie, kde se magistr\u00e1t rozhodl v\u00fdrazn\u011b omezit soukrom\u00e9 bydlen\u00ed. Okam\u017eit\u011b za\u010daly demonstrace, petice, protesty. Jen\u017ee radn\u00ed nepovolili. A lid\u00e9 najednou zjistili, jak je kr\u00e1sn\u00e9 nebydlet s\u00e1m. Lid\u00e9 se potk\u00e1vali a komunikovali i p\u0159\u00edmo doma. V\u0161ude zavl\u00e1dla dobr\u00e1 n\u00e1lada a m\u00edr. Na hlavn\u00ed t\u0159\u00edd\u011b se tan\u010dilo a zp\u00edvalo. Za\u010dal se kultivovat ve\u0161ker\u00fd spole\u010densk\u00fd \u017eivot a to i v m\u00edstech, kde d\u0159\u00edve bydleli v chatr\u010d\u00edch chud\u00ed, v m\u00edstech slum\u016f vznikaly spole\u010dn\u00e9 proslun\u011bn\u00e9 pal\u00e1ce. Je mn\u011b smutno, kdy\u017e vid\u00edm t\u0159eba \u0161irok\u00e9 vinohradsk\u00e9 ulice s kr\u00e1sn\u00fdmi domy z p\u0159elomu 19. a 20. stolet\u00ed a v ka\u017ed\u00e9m byt\u011b jen jedna rodina, n\u011bkde dokonce i samotn\u00fd jeden \u010dlov\u011bk&#8230;.<\/td>\n<\/tr>\n<\/tbody>\n<\/table>\n","protected":false},"excerpt":{"rendered":"<p>Kdysi jsem syl\u0161el v rozhlase:<\/p>\n","protected":false},"author":1,"featured_media":0,"comment_status":"open","ping_status":"open","sticky":false,"template":"","format":"standard","meta":{"ngg_post_thumbnail":0,"footnotes":""},"categories":[11],"tags":[],"class_list":["post-7246","post","type-post","status-publish","format-standard","hentry","category-ozvena"],"_links":{"self":[{"href":"https:\/\/www.ladislavjakl.cz\/index.php?rest_route=\/wp\/v2\/posts\/7246","targetHints":{"allow":["GET"]}}],"collection":[{"href":"https:\/\/www.ladislavjakl.cz\/index.php?rest_route=\/wp\/v2\/posts"}],"about":[{"href":"https:\/\/www.ladislavjakl.cz\/index.php?rest_route=\/wp\/v2\/types\/post"}],"author":[{"embeddable":true,"href":"https:\/\/www.ladislavjakl.cz\/index.php?rest_route=\/wp\/v2\/users\/1"}],"replies":[{"embeddable":true,"href":"https:\/\/www.ladislavjakl.cz\/index.php?rest_route=%2Fwp%2Fv2%2Fcomments&post=7246"}],"version-history":[{"count":1,"href":"https:\/\/www.ladislavjakl.cz\/index.php?rest_route=\/wp\/v2\/posts\/7246\/revisions"}],"predecessor-version":[{"id":7247,"href":"https:\/\/www.ladislavjakl.cz\/index.php?rest_route=\/wp\/v2\/posts\/7246\/revisions\/7247"}],"wp:attachment":[{"href":"https:\/\/www.ladislavjakl.cz\/index.php?rest_route=%2Fwp%2Fv2%2Fmedia&parent=7246"}],"wp:term":[{"taxonomy":"category","embeddable":true,"href":"https:\/\/www.ladislavjakl.cz\/index.php?rest_route=%2Fwp%2Fv2%2Fcategories&post=7246"},{"taxonomy":"post_tag","embeddable":true,"href":"https:\/\/www.ladislavjakl.cz\/index.php?rest_route=%2Fwp%2Fv2%2Ftags&post=7246"}],"curies":[{"name":"wp","href":"https:\/\/api.w.org\/{rel}","templated":true}]}}