{"id":726,"date":"2010-12-21T09:48:59","date_gmt":"2010-12-21T08:48:59","guid":{"rendered":"http:\/\/www.ladislavjakl.cz\/?p=726"},"modified":"2010-12-21T09:48:59","modified_gmt":"2010-12-21T08:48:59","slug":"hajek-k-drobilovi-je-to-prefouknute-jakl-k-lumparne-doslo","status":"publish","type":"post","link":"https:\/\/www.ladislavjakl.cz\/?p=726","title":{"rendered":"H\u00e1jek k Drobilovi: Je to p\u0159efouknut\u00e9. Jakl: K lump\u00e1rn\u011b do\u0161lo"},"content":{"rendered":"<p><strong>Podle hradn\u00edch p\u00e1n\u016f je kauza odstupuj\u00edc\u00edho \u0161\u00e9fa \u017eivotn\u00edho prost\u0159ed\u00ed n\u011bk\u00fdm na\u010dasovan\u00e1. S c\u00edlem po\u0161kodit konkr\u00e9tn\u00ed osoby.<\/strong><\/p>\n<p><strong><!--more--><\/strong>Kauza kolem odch\u00e1zej\u00edc\u00edho ministra \u017eivotn\u00edho prost\u0159ed\u00ed Pavla Drobila  (ODS) rozbou\u0159\u00ed z\u0159ejm\u011b nejen klidn\u00e9 vody ob\u010dansk\u00e9 demokratick\u00e9 strany,  ale mo\u017en\u00e1 zam\u00edch\u00e1 kartami i v cel\u00e9m kabinetu Petra Ne\u010dase.<\/p>\n<p align=\"justify\"><strong>Ne\u010das se vrac\u00ed<\/strong><\/p>\n<p align=\"justify\">Ten se i na z\u00e1klad\u011b v\u00fdzvy nejmen\u0161\u00ed koali\u010dn\u00ed strany V\u011bc\u00ed ve\u0159ejn\u00fdch vr\u00e1t\u00ed z  bruselsk\u00e9ho summitu ji\u017e v p\u00e1tek odpoledne, aby mohl celou kauzu  projednat.<\/p>\n<p align=\"justify\">Z\u00e1stupce vedouc\u00edho Kancel\u00e1\u0159e prezidenta republiky Petr H\u00e1jek v\u0161ak kauzu  rozhodn\u011b nevn\u00edm\u00e1 tak dramaticky, jak ji prezentuj\u00ed m\u00e9dia.<\/p>\n<p align=\"justify\"><strong><\/strong><strong>Medi\u00e1ln\u00ed hysterie<\/strong><\/p>\n<p align=\"justify\">&#8222;Je to nep\u0159edstaviteln\u011b p\u0159efouknut\u00e9,&#8220; zhodnotil af\u00e9ru pro  Parlamentn\u00edlisty.cz H\u00e1jek s t\u00edm, \u017ee chov\u00e1n\u00ed politik\u016f i m\u00e9di\u00ed, kter\u00e9  af\u00e9ra vyvolala, pova\u017euje za &#8222;zhysterizovan\u00e9&#8220;.<\/p>\n<p align=\"justify\">&#8222;Jedn\u00e1 se o zpravodajskou hru, n\u011bkdo chce n\u011bkoho zdiskreditovat,&#8220; sd\u011blil  sv\u016fj n\u00e1zor na pozad\u00ed kauzy z\u00e1stupce Hradu s t\u00edm, \u017ee kabinet ani pozici  premi\u00e9ra Ne\u010dase Drobilova af\u00e9ra &#8222;rozhodn\u011b neohroz\u00ed&#8220;.<\/p>\n<p align=\"justify\">Trochu jin\u00fd pohled na kauzu v\u0161ak nast\u00ednil dal\u0161\u00ed hradn\u00ed p\u00e1n, poradce prezidenta republiky Ladislav Jakl.<\/p>\n<p align=\"justify\"><strong>Jakl: Byla to lump\u00e1rna<\/strong><\/p>\n<p align=\"justify\">&#8222;V\u0161e nasv\u011bd\u010duje tomu, \u017ee to nen\u00ed vymy\u0161len\u00e9, \u017ee k v\u00e1\u017en\u00e9 lump\u00e1rn\u011b do\u0161lo.  Jinou v\u011bc\u00ed je rafinovan\u00e1 medi\u00e1ln\u00ed pr\u00e1ce kolem v\u011bci,&#8220;\u00a0sd\u011blil Jakl  Parlamentn\u00edmList\u016fm.cz s t\u00edm, \u017ee kauza si v m\u00e9di\u00edch\u00a0\u017eije vlastn\u00edm  \u017eivotem, kter\u00fd je vzd\u00e1len\u00fd\u00a0jej\u00edmu skute\u010dn\u00e9mu j\u00e1dru.<\/p>\n<p align=\"justify\">&#8222;Nen\u00ed n\u00e1hodou pro\u010d, kdo, kdy a jak o tom p\u00ed\u0161e a mluv\u00ed,&#8220; uvedl z\u00e1v\u011brem  Jakl a shodl se tak s H\u00e1jkem na tom, \u017ee na\u010dasov\u00e1n\u00ed cel\u00e9 af\u00e9ry je  \u00fa\u010delov\u00e9.<\/p>\n<p align=\"justify\"><a href=\"http:\/\/www.parlamentnilisty.cz\/parlament\/183864.aspx\" target=\"_blank\">Zdroj<\/a><\/p>\n","protected":false},"excerpt":{"rendered":"<p>Podle hradn\u00edch p\u00e1n\u016f je kauza odstupuj\u00edc\u00edho \u0161\u00e9fa \u017eivotn\u00edho prost\u0159ed\u00ed n\u011bk\u00fdm na\u010dasovan\u00e1. S c\u00edlem po\u0161kodit konkr\u00e9tn\u00ed osoby.<\/p>\n","protected":false},"author":1,"featured_media":0,"comment_status":"open","ping_status":"open","sticky":false,"template":"","format":"standard","meta":{"ngg_post_thumbnail":0,"footnotes":""},"categories":[11],"tags":[],"class_list":["post-726","post","type-post","status-publish","format-standard","hentry","category-ozvena"],"_links":{"self":[{"href":"https:\/\/www.ladislavjakl.cz\/index.php?rest_route=\/wp\/v2\/posts\/726","targetHints":{"allow":["GET"]}}],"collection":[{"href":"https:\/\/www.ladislavjakl.cz\/index.php?rest_route=\/wp\/v2\/posts"}],"about":[{"href":"https:\/\/www.ladislavjakl.cz\/index.php?rest_route=\/wp\/v2\/types\/post"}],"author":[{"embeddable":true,"href":"https:\/\/www.ladislavjakl.cz\/index.php?rest_route=\/wp\/v2\/users\/1"}],"replies":[{"embeddable":true,"href":"https:\/\/www.ladislavjakl.cz\/index.php?rest_route=%2Fwp%2Fv2%2Fcomments&post=726"}],"version-history":[{"count":1,"href":"https:\/\/www.ladislavjakl.cz\/index.php?rest_route=\/wp\/v2\/posts\/726\/revisions"}],"predecessor-version":[{"id":727,"href":"https:\/\/www.ladislavjakl.cz\/index.php?rest_route=\/wp\/v2\/posts\/726\/revisions\/727"}],"wp:attachment":[{"href":"https:\/\/www.ladislavjakl.cz\/index.php?rest_route=%2Fwp%2Fv2%2Fmedia&parent=726"}],"wp:term":[{"taxonomy":"category","embeddable":true,"href":"https:\/\/www.ladislavjakl.cz\/index.php?rest_route=%2Fwp%2Fv2%2Fcategories&post=726"},{"taxonomy":"post_tag","embeddable":true,"href":"https:\/\/www.ladislavjakl.cz\/index.php?rest_route=%2Fwp%2Fv2%2Ftags&post=726"}],"curies":[{"name":"wp","href":"https:\/\/api.w.org\/{rel}","templated":true}]}}