{"id":7262,"date":"2016-10-05T13:10:38","date_gmt":"2016-10-05T11:10:38","guid":{"rendered":"http:\/\/www.ladislavjakl.cz\/?p=7262"},"modified":"2016-10-05T13:10:38","modified_gmt":"2016-10-05T11:10:38","slug":"je-suis-vacha-a-koubek","status":"publish","type":"post","link":"https:\/\/www.ladislavjakl.cz\/?p=7262","title":{"rendered":"Je suis V\u00e1cha a Koubek!"},"content":{"rendered":"<div class=\"opener\">Sama nebesa se ot\u0159\u00e1saj\u00ed nad tou hr\u016fzou. Zased\u00e1 Valn\u00e9 shrom\u00e1\u017ed\u011bn\u00ed OSN i Evropsk\u00e1 komise. \u010cesk\u00fd parlament z\u0159izuje vy\u0161et\u0159ovac\u00ed komisi. No, to zas ne, ale kdy\u017e se \u010dlov\u011bk pod\u00edv\u00e1 do pohor\u0161en\u00fdch m\u00e9di\u00ed, skoro by takov\u00fd pocit m\u011bl. A co tak stra\u0161liv\u00e9ho se stalo? Dva sportovci se pohrdliv\u011b vyj\u00e1d\u0159ili o rozhod\u010d\u00ed, kter\u00e1 jim svou chybou zkazila z\u00e1pas a obrala je o cenn\u00e9 body.<\/div>\n<p><!--more--><\/p>\n<div id=\"art-text\" class=\"text\">\n<p>P\u0159edes\u00edl\u00e1m, \u017ee sport m\u011b nezaj\u00edm\u00e1, \u017ee Spart\u011b bych nikdy nefandil, snad jen proti zahrani\u010dn\u00edmu klubu, a jsem n\u00e1zoru, \u017ee mnoz\u00ed sportovci jsou nep\u0159\u00edli\u0161 bystr\u00e9ho uva\u017eov\u00e1n\u00ed. Z jejich \u00fast b\u011b\u017en\u011b padaj\u00ed blbosti a\u017e b\u011bda. Ka\u017ed\u00fd ale m\u00e1vne rukou, proto\u017ee oni jsou p\u0159ece hodni obdivu za jin\u00e9 p\u0159ednosti ne\u017e za r\u00e9torick\u00e9 dovednosti.<\/p>\n<p>Tentokr\u00e1t se rukou nem\u00e1vlo. Zat\u00edmco jin\u00e9 hloup\u00e9 \u010di buransk\u00e9 v\u00fdroky fotbalist\u016f b\u011b\u017en\u011b projdou, neprojde takov\u00fd, kter\u00fd se dotkl posv\u00e1tn\u00e9 kr\u00e1vy dne\u0161ka: politick\u00e9 korektnosti.<\/p>\n<p>\u017de pr\u00fd ta rozhod\u010d\u00ed m\u011bla j\u00edt ke spor\u00e1ku a ne p\u00edskat mu\u017esk\u00fd fotbal. No co, ulevili si z pocitu k\u0159ivdy. Mo\u017en\u00e1 by se diplomat vyj\u00e1d\u0159il citliv\u011bji, ale to se budeme \u0161ikanovat za takov\u00e9 banality? Budeme.<\/p>\n<p>Dva fotbalist\u00e9 pra\u017esk\u00e9 Sparty, kte\u0159\u00ed se takhle vyj\u00e1d\u0159ili, jsou natahov\u00e1ni na sk\u0159ipec, mu\u010deni pov\u00fd\u0161en\u00fdmi medi\u00e1ln\u00edmi koment\u00e1tory, odsoudil je klub, \u201eskand\u00e1l\u201c \u0159e\u0161il i n\u00e1rodn\u00ed fotbalov\u00fd sraz. Jeden z trest\u016f vpad\u00e1 zaj\u00edmav\u011b, \u201eh\u0159\u00ed\u0161n\u00edci\u201c pr\u00fd budou n\u011bjak\u00fd \u010das tr\u00e9novat s fotbalistkami. Jestli to bude obn\u00e1\u0161et i spole\u010dn\u00e9 sprchov\u00e1n\u00ed po tr\u00e9ninku, tak to na moc tvrd\u00fd trest nevypad\u00e1. I kdy\u017e kdov\u00ed, t\u0159eba by se oba fotbalist\u00e9 v t\u00e9 spr\u0161e dov\u011bd\u011bli v\u00edc, ne\u017e by cht\u011bli v\u011bd\u011bt&#8230;<\/p>\n<p>Taky politicky nekorektn\u00ed? Jist\u011b. Kde jsou ale v\u0161ichni ti \u201eJe suis&#8230;\u201c, co naoko br\u00e1nili pr\u00e1vo ka\u017ed\u00e9ho \u0159\u00edkat i n\u00e1zory, se kter\u00fdmi nesouhlasili? Dnes jsou \u201espravedliv\u011b\u201c plamenn\u011b rozho\u0159\u010deni.<\/p>\n<p>M\u00e1me se vz\u00e1jemn\u011b ok\u0159ikovat, rozho\u0159\u010dovat nad ka\u017ed\u00fdm drobn\u00fdm cynismem? Vym\u00fdt\u00edme v\u0161echen drsn\u011bj\u0161\u00ed humor, zak\u00e1\u017eeme emoce? Obou kluk\u016f je t\u0159eba se zastat, proto\u017ee jinak bude p\u0159\u00ed\u0161t\u011b ter\u010dem \u0161tvanice kdokoli z n\u00e1s.<\/p>\n<p>Je tu ale je\u0161t\u011b jedna postava p\u0159\u00edb\u011bhu. Chybuj\u00edc\u00ed rozhod\u010d\u00ed. Ona prvn\u00ed by to m\u011bla zastavit. T\u0159eba t\u00edm, \u017ee ob\u011bma fotbalist\u016fm vzk\u00e1\u017ee, \u017ee je bere za slovo a \u017ee vzala m\u00edsto v jejich klubov\u00e9 kuchyni. A \u017ee ji \u010dasem pak je\u0161t\u011b r\u00e1di po\u0161lou s praporkem na tr\u00e1vn\u00edk.<\/p>\n<\/div>\n<p><a href=\"http:\/\/jakl.blog.idnes.cz\/blog.aspx?c=557028\">Zdroj<\/a><\/p>\n","protected":false},"excerpt":{"rendered":"<p>Sama nebesa se ot\u0159\u00e1saj\u00ed nad tou hr\u016fzou. Zased\u00e1 Valn\u00e9 shrom\u00e1\u017ed\u011bn\u00ed OSN i Evropsk\u00e1 komise. \u010cesk\u00fd parlament z\u0159izuje vy\u0161et\u0159ovac\u00ed komisi. No, to zas ne, ale kdy\u017e se \u010dlov\u011bk pod\u00edv\u00e1 do pohor\u0161en\u00fdch m\u00e9di\u00ed, skoro by takov\u00fd pocit m\u011bl. A co tak stra\u0161liv\u00e9ho se stalo? Dva sportovci se pohrdliv\u011b vyj\u00e1d\u0159ili o rozhod\u010d\u00ed, kter\u00e1 jim svou chybou zkazila z\u00e1pas [&hellip;]<\/p>\n","protected":false},"author":1,"featured_media":0,"comment_status":"open","ping_status":"open","sticky":false,"template":"","format":"standard","meta":{"ngg_post_thumbnail":0,"footnotes":""},"categories":[10],"tags":[],"class_list":["post-7262","post","type-post","status-publish","format-standard","hentry","category-zlehka"],"_links":{"self":[{"href":"https:\/\/www.ladislavjakl.cz\/index.php?rest_route=\/wp\/v2\/posts\/7262","targetHints":{"allow":["GET"]}}],"collection":[{"href":"https:\/\/www.ladislavjakl.cz\/index.php?rest_route=\/wp\/v2\/posts"}],"about":[{"href":"https:\/\/www.ladislavjakl.cz\/index.php?rest_route=\/wp\/v2\/types\/post"}],"author":[{"embeddable":true,"href":"https:\/\/www.ladislavjakl.cz\/index.php?rest_route=\/wp\/v2\/users\/1"}],"replies":[{"embeddable":true,"href":"https:\/\/www.ladislavjakl.cz\/index.php?rest_route=%2Fwp%2Fv2%2Fcomments&post=7262"}],"version-history":[{"count":1,"href":"https:\/\/www.ladislavjakl.cz\/index.php?rest_route=\/wp\/v2\/posts\/7262\/revisions"}],"predecessor-version":[{"id":7263,"href":"https:\/\/www.ladislavjakl.cz\/index.php?rest_route=\/wp\/v2\/posts\/7262\/revisions\/7263"}],"wp:attachment":[{"href":"https:\/\/www.ladislavjakl.cz\/index.php?rest_route=%2Fwp%2Fv2%2Fmedia&parent=7262"}],"wp:term":[{"taxonomy":"category","embeddable":true,"href":"https:\/\/www.ladislavjakl.cz\/index.php?rest_route=%2Fwp%2Fv2%2Fcategories&post=7262"},{"taxonomy":"post_tag","embeddable":true,"href":"https:\/\/www.ladislavjakl.cz\/index.php?rest_route=%2Fwp%2Fv2%2Ftags&post=7262"}],"curies":[{"name":"wp","href":"https:\/\/api.w.org\/{rel}","templated":true}]}}