{"id":728,"date":"2010-12-23T15:20:18","date_gmt":"2010-12-23T14:20:18","guid":{"rendered":"http:\/\/www.ladislavjakl.cz\/?p=728"},"modified":"2010-12-23T15:20:18","modified_gmt":"2010-12-23T14:20:18","slug":"hrad-i-koalice-o-uzavrene-dohode-mlci-na-zverejneni-je-pry-brzy","status":"publish","type":"post","link":"https:\/\/www.ladislavjakl.cz\/?p=728","title":{"rendered":"Hrad i koalice o uzav\u0159en\u00e9 dohod\u011b ml\u010d\u00ed. Na zve\u0159ejn\u011bn\u00ed je pr\u00fd brzy"},"content":{"rendered":"<p>Poslanci za\u010dali po \u0161est\u00e9 odpoledne debatovat o d\u016fv\u011b\u0159e vl\u00e1d\u011b. Je\u0161t\u011b  p\u0159edt\u00edm se z\u00e1stupci vl\u00e1dn\u00ed koalice se\u0161li u prezidenta V\u00e1clava Klause,  kde se dohodli, \u017ee vl\u00e1du podpo\u0159\u00ed. Konkr\u00e9tn\u00ed obsah uzav\u0159en\u00e9 dohody ale  zve\u0159ejnit necht\u011bj\u00ed.<\/p>\n<p><!--more--><\/p>\n<p>Dohoda ovliv\u0148uje jednotliv\u00e9 strany. Je dobr\u00e9, aby prozat\u00edm z\u016fstala  nezve\u0159ejn\u011bn\u00e1,\u201c \u0159ekl p\u0159edseda poslaneck\u00e9ho klubu TOP 09 Petr Gazd\u00edk.<\/p>\n<p>Z\u00e1jmem koalice je podle Gazd\u00edka vy\u0159e\u0161it  korup\u010dn\u00ed kauzu na ministerstvu \u017eivotn\u00edho prost\u0159ed\u00ed, kv\u016fli kter\u00e9 u\u017e  jednak rezignoval ministr Pavel Drobil a z\u00e1rove\u0148 \u010cSSD vyvolala ve  sn\u011bmovn\u011b hlasov\u00e1n\u00ed o ned\u016fv\u011b\u0159e vl\u00e1d\u011b. \u201eA tak\u00e9 chceme zlep\u0161it fungov\u00e1n\u00ed  koalice,\u201c poznamenal Gazd\u00edk.<\/p>\n<p>Nic bli\u017e\u0161\u00edho  ale k dohod\u011b prozradit necht\u011bl. Nic v\u00edc neprozradil ani tajemn\u00edk  prezidenta Ladislav Jakl. Koali\u010dn\u00ed K9 podle Klause na Hrad\u011b nalezla  dohodu v n\u011bkolika oblastech. On s\u00e1m se pak stal garantem t\u00e9to dohody.<\/p>\n<p><strong>Sobotka: Kabinet je ned\u016fv\u011bryhodn\u00fd<\/strong><\/p>\n<p>\u201eStrany  vl\u00e1dn\u00ed koalice uzav\u0159ely slo\u017eitou dohodu a v\u0161echny musely z n\u011b\u010deho  ustoupit,\u201c podotkl Jakl s t\u00edm, \u017ee prezident bude u t\u00e9to dohody fungovat  jako sv\u011bdek. V p\u0159\u00edpad\u011b, \u017ee by n\u011bkter\u00e1 ze stran m\u011bla pocit, \u017ee se dohoda  nedodr\u017euje, obr\u00e1t\u00ed se podle Jakl pr\u00e1v\u011b na prezidenta.<\/p>\n<p>Poslaneck\u00e1  sn\u011bmovna za\u010dala po \u0161est\u00e9 ve\u010der jednat o ned\u016fv\u011b\u0159e vl\u00e1d\u011b. V \u00favodu sch\u016fze  \u00fa\u0159aduj\u00edc\u00ed p\u0159edseda soci\u00e1ln\u00ed demokracie Bohuslav Sobotka \u0159ekl, \u017ee kabinet  je nev\u011brohodn\u00fd a devastuje st\u00e1tn\u00ed spr\u00e1vu. Premi\u00e9r Petr Ne\u010das pak ve  sv\u00e9m projevu p\u0159ed poslanci p\u0159ipustil, \u017ee kauza \u00fadajn\u00e9 korupce po\u0161kodila  vl\u00e1du. Zd\u016fraznil, \u017ee policie mus\u00ed p\u0159\u00edpad d\u016fsledn\u011b vy\u0161et\u0159it.<\/p>\n<p>Mo\u017enost  vysloven\u00ed ned\u016fv\u011bry vl\u00e1d\u011b je zakotvena v \u00fastav\u011b. Podle n\u00ed mus\u00ed n\u00e1vrh na  vysloven\u00ed ned\u016fv\u011bry vl\u00e1d\u011b projednat Poslaneck\u00e1 sn\u011bmovna, jen je-li pod\u00e1n  p\u00edsemn\u011b nejm\u00e9n\u011b pades\u00e1ti poslanci. K p\u0159ijet\u00ed n\u00e1vrhu je t\u0159eba souhlasu  nadpolovi\u010dn\u00ed v\u011bt\u0161iny v\u0161ech poslanc\u016f.<\/p>\n<p>Tu  pr\u00e1v\u011b opozice nem\u00e1. Vzhledem k tomu, \u017ee v\u0161echny koali\u010dn\u00ed strany pr\u00e1v\u011b po  dohod\u011b uzav\u0159en\u00e9 na Hrad\u011b, ozn\u00e1mily, \u017ee vl\u00e1du podpo\u0159\u00ed, opozici se  svrhnout vl\u00e1du s nejv\u011bt\u0161\u00ed pravd\u011bpodobnost\u00ed nepoda\u0159\u00ed.<\/p>\n<p><a href=\"http:\/\/www.rozhlas.cz\/zpravy\/politika\/_zprava\/hrad-i-koalice-o-uzavrene-dohode-mlci-na-zverejneni-je-pry-brzy--827239\" target=\"_blank\">AUDIO a ZDROJ<\/a><\/p>\n","protected":false},"excerpt":{"rendered":"<p>Poslanci za\u010dali po \u0161est\u00e9 odpoledne debatovat o d\u016fv\u011b\u0159e vl\u00e1d\u011b. Je\u0161t\u011b p\u0159edt\u00edm se z\u00e1stupci vl\u00e1dn\u00ed koalice se\u0161li u prezidenta V\u00e1clava Klause, kde se dohodli, \u017ee vl\u00e1du podpo\u0159\u00ed. Konkr\u00e9tn\u00ed obsah uzav\u0159en\u00e9 dohody ale zve\u0159ejnit necht\u011bj\u00ed.<\/p>\n","protected":false},"author":1,"featured_media":0,"comment_status":"open","ping_status":"open","sticky":false,"template":"","format":"standard","meta":{"ngg_post_thumbnail":0,"footnotes":""},"categories":[11],"tags":[],"class_list":["post-728","post","type-post","status-publish","format-standard","hentry","category-ozvena"],"_links":{"self":[{"href":"https:\/\/www.ladislavjakl.cz\/index.php?rest_route=\/wp\/v2\/posts\/728","targetHints":{"allow":["GET"]}}],"collection":[{"href":"https:\/\/www.ladislavjakl.cz\/index.php?rest_route=\/wp\/v2\/posts"}],"about":[{"href":"https:\/\/www.ladislavjakl.cz\/index.php?rest_route=\/wp\/v2\/types\/post"}],"author":[{"embeddable":true,"href":"https:\/\/www.ladislavjakl.cz\/index.php?rest_route=\/wp\/v2\/users\/1"}],"replies":[{"embeddable":true,"href":"https:\/\/www.ladislavjakl.cz\/index.php?rest_route=%2Fwp%2Fv2%2Fcomments&post=728"}],"version-history":[{"count":1,"href":"https:\/\/www.ladislavjakl.cz\/index.php?rest_route=\/wp\/v2\/posts\/728\/revisions"}],"predecessor-version":[{"id":729,"href":"https:\/\/www.ladislavjakl.cz\/index.php?rest_route=\/wp\/v2\/posts\/728\/revisions\/729"}],"wp:attachment":[{"href":"https:\/\/www.ladislavjakl.cz\/index.php?rest_route=%2Fwp%2Fv2%2Fmedia&parent=728"}],"wp:term":[{"taxonomy":"category","embeddable":true,"href":"https:\/\/www.ladislavjakl.cz\/index.php?rest_route=%2Fwp%2Fv2%2Fcategories&post=728"},{"taxonomy":"post_tag","embeddable":true,"href":"https:\/\/www.ladislavjakl.cz\/index.php?rest_route=%2Fwp%2Fv2%2Ftags&post=728"}],"curies":[{"name":"wp","href":"https:\/\/api.w.org\/{rel}","templated":true}]}}