{"id":7281,"date":"2016-10-18T09:57:18","date_gmt":"2016-10-18T07:57:18","guid":{"rendered":"http:\/\/www.ladislavjakl.cz\/?p=7281"},"modified":"2016-10-18T09:57:18","modified_gmt":"2016-10-18T07:57:18","slug":"stanovisko-ivk-ke-dni-13-10-2016-i-odborar-muze-mit-v-necem-pravdu","status":"publish","type":"post","link":"https:\/\/www.ladislavjakl.cz\/?p=7281","title":{"rendered":"Stanovisko IVK ke dni 13. 10. 2016: I odbor\u00e1\u0159 m\u016f\u017ee m\u00edt v n\u011b\u010dem pravdu"},"content":{"rendered":"<p>Josef St\u0159edula pat\u0159\u00ed mezi radik\u00e1ln\u00ed odbor\u00e1\u0159e. To je pochopiteln\u00e9, jinak by se v\u00a0k\u0159esle odbor\u00e1\u0159sk\u00e9ho bosse neudr\u017eel. Je proto o\u010dek\u00e1vateln\u00e9, \u017ee nijak nechv\u00e1l\u00ed aktu\u00e1ln\u00ed pr\u016fb\u011b\u017en\u00fd rozpo\u010dtov\u00fd p\u0159ebytek a po\u017eaduje v\u011bt\u0161\u00ed utr\u00e1cen\u00ed, v\u011bt\u0161\u00ed vl\u00e1dn\u00ed v\u00fddaje. A tento sv\u016fj postoj h\u00e1jil i ve v\u010derej\u0161\u00ed televizn\u00ed debat\u011b.<\/p>\n<p><!--more--><\/p>\n<p>Koledovat si o fin\u00e1lov\u00fd schodek na konci roku, ve kter\u00e9m se \u010desk\u00e9mu hospod\u00e1\u0159stv\u00ed nadoby\u010dejn\u011b da\u0159\u00ed, je nepochybn\u011b nezodpov\u011bdn\u00e9, ale to tak n\u011bjak k\u00a0odbor\u00e1\u0159sk\u00e9mu pohledu na ve\u0159ejn\u00e9 finance u\u017e pat\u0159\u00ed. P\u0159esto je t\u0159eba se St\u0159edulou v\u00a0jednom momentu souhlasit, a to, kdy\u017e konstatuje, \u017ee \u00faspory ve v\u00fddajov\u00e9 polo\u017ece rozpo\u010dtu byly zaznamen\u00e1ny z\u010d\u00e1sti i proto, \u017ee se t\u00e9m\u011b\u0159 zastavily projekty na rozvoj infrastruktury.<\/p>\n<p>Ne\u00fam\u011brn\u011b slo\u017eit\u00e1 a st\u00e1le se komplikuj\u00edc\u00ed stavebn\u00ed \u0159\u00edzen\u00ed, alibismus p\u0159i p\u0159id\u011blov\u00e1n\u00ed st\u00e1tn\u00edch zak\u00e1zek, kdy ze strachu plynouc\u00edho ze sou\u010dasn\u00e9ho nesmysln\u00e9ho honu na \u00fadajn\u00e9 zv\u00fdhod\u0148ov\u00e1n\u00ed n\u011bkter\u00fdch subjekt\u016f nerozhodne nikdo nic, plus sebevra\u017eedn\u00e1 \u201eekologick\u00e1\u201c legislativa, kter\u00e1 samozvan\u00fdm aktivist\u016fm d\u00e1v\u00e1 do rukou mo\u017enost blokovat d\u016fle\u017eit\u00e9 stavby, to v\u0161e se podepsalo na poklesu po\u010dtu zah\u00e1jen\u00fdch staveb, a tedy i na \u010derp\u00e1n\u00ed p\u0159\u00edslu\u0161n\u00fdch rozpo\u010dtov\u00fdch kapitol.<\/p>\n<p>Na takov\u00e9to \u201e\u00faspory\u201c skute\u010dn\u011b nen\u00ed t\u0159eba b\u00fdt hrd\u00fd, zde m\u00e1 prost\u011b St\u0159edula pravdu. Ne kv\u016fli prvopl\u00e1nov\u00fdm odkaz\u016fm na p\u0159ece\u0148ovan\u00e9 multiplika\u010dn\u00ed efekty t\u011bchto v\u00fddaj\u016f, ale prost\u011b proto, \u017ee budov\u00e1n\u00ed na\u0161\u00ed infrastruktury zaost\u00e1v\u00e1 za pot\u0159ebami cel\u00e9 ekonomiky, co\u017e m\u016f\u017ee b\u00fdt p\u0159ek\u00e1\u017ekou pro prosperitu v\u00a0del\u0161\u00edch horizontech.<\/p>\n<p>Tam, kde je t\u0159eba \u0161et\u0159it nejv\u00edce: mandatorn\u00ed v\u00fddaje, soci\u00e1ln\u00ed, zdravotn\u00ed, rozhazov\u00e1n\u00ed pen\u011bz aktivistick\u00fdm organizac\u00edm, tam se neu\u0161et\u0159ilo nic. Proto\u017ee nikdo si nechce rozkmot\u0159it z\u00e1jmov\u00e9 skupiny. Ale tam, kde je to nutn\u00e9: u d\u00e1lnic, koridor\u016f, vodn\u00edch cest, energetiky, tam naopak \u0161et\u0159\u00edme (proto\u017ee je to jednodu\u0161\u0161\u00ed ne\u017e syst\u00e9mov\u00e9 zm\u011bny v\u00a0mandatorn\u00edch v\u00fddaj\u00edch), a je\u0161t\u011b to vl\u00e1da vyd\u00e1v\u00e1 za projev rozpo\u010dtov\u00e9 odpov\u011bdnosti.<\/p>\n<p>V\u00fdsledek pozn\u00e1 na vlastn\u00ed k\u016f\u017ei ten, kdo se projede po na\u0161ich d\u00e1lnic\u00edch a silnic\u00edch a srovn\u00e1 to t\u0159eba s\u00a0jejich rozvojem v\u00a0posledn\u00edch letech v\u00a0Polsku.<\/p>\n<p><em>Ladislav Jakl<\/em><\/p>\n<p><a href=\"http:\/\/www.institutvk.cz\/stanovisko-ivk-ke-dni-13-10-2016-i-odborar-muze-mit-v-necem-pravdu\">Zdroj<\/a><\/p>\n","protected":false},"excerpt":{"rendered":"<p>Josef St\u0159edula pat\u0159\u00ed mezi radik\u00e1ln\u00ed odbor\u00e1\u0159e. To je pochopiteln\u00e9, jinak by se v\u00a0k\u0159esle odbor\u00e1\u0159sk\u00e9ho bosse neudr\u017eel. Je proto o\u010dek\u00e1vateln\u00e9, \u017ee nijak nechv\u00e1l\u00ed aktu\u00e1ln\u00ed pr\u016fb\u011b\u017en\u00fd rozpo\u010dtov\u00fd p\u0159ebytek a po\u017eaduje v\u011bt\u0161\u00ed utr\u00e1cen\u00ed, v\u011bt\u0161\u00ed vl\u00e1dn\u00ed v\u00fddaje. A tento sv\u016fj postoj h\u00e1jil i ve v\u010derej\u0161\u00ed televizn\u00ed debat\u011b.<\/p>\n","protected":false},"author":1,"featured_media":0,"comment_status":"open","ping_status":"open","sticky":false,"template":"","format":"standard","meta":{"ngg_post_thumbnail":0,"footnotes":""},"categories":[1],"tags":[],"class_list":["post-7281","post","type-post","status-publish","format-standard","hentry","category-publikovane-clanky"],"_links":{"self":[{"href":"https:\/\/www.ladislavjakl.cz\/index.php?rest_route=\/wp\/v2\/posts\/7281","targetHints":{"allow":["GET"]}}],"collection":[{"href":"https:\/\/www.ladislavjakl.cz\/index.php?rest_route=\/wp\/v2\/posts"}],"about":[{"href":"https:\/\/www.ladislavjakl.cz\/index.php?rest_route=\/wp\/v2\/types\/post"}],"author":[{"embeddable":true,"href":"https:\/\/www.ladislavjakl.cz\/index.php?rest_route=\/wp\/v2\/users\/1"}],"replies":[{"embeddable":true,"href":"https:\/\/www.ladislavjakl.cz\/index.php?rest_route=%2Fwp%2Fv2%2Fcomments&post=7281"}],"version-history":[{"count":1,"href":"https:\/\/www.ladislavjakl.cz\/index.php?rest_route=\/wp\/v2\/posts\/7281\/revisions"}],"predecessor-version":[{"id":7282,"href":"https:\/\/www.ladislavjakl.cz\/index.php?rest_route=\/wp\/v2\/posts\/7281\/revisions\/7282"}],"wp:attachment":[{"href":"https:\/\/www.ladislavjakl.cz\/index.php?rest_route=%2Fwp%2Fv2%2Fmedia&parent=7281"}],"wp:term":[{"taxonomy":"category","embeddable":true,"href":"https:\/\/www.ladislavjakl.cz\/index.php?rest_route=%2Fwp%2Fv2%2Fcategories&post=7281"},{"taxonomy":"post_tag","embeddable":true,"href":"https:\/\/www.ladislavjakl.cz\/index.php?rest_route=%2Fwp%2Fv2%2Ftags&post=7281"}],"curies":[{"name":"wp","href":"https:\/\/api.w.org\/{rel}","templated":true}]}}