{"id":7309,"date":"2016-10-27T13:38:33","date_gmt":"2016-10-27T11:38:33","guid":{"rendered":"http:\/\/www.ladislavjakl.cz\/?p=7309"},"modified":"2016-10-27T13:38:55","modified_gmt":"2016-10-27T11:38:55","slug":"kreslo-pro-hosta-poctil-novinar-a-byvaly-tajemnik-prezidenta-ladislav-jakl","status":"publish","type":"post","link":"https:\/\/www.ladislavjakl.cz\/?p=7309","title":{"rendered":"K\u0159eslo pro hosta poctil novin\u00e1\u0159 a b\u00fdval\u00fd tajemn\u00edk prezidenta Ladislav Jakl"},"content":{"rendered":"<p>Odpov\u00eddal, vysv\u011btloval, vypr\u00e1v\u011bl, naslouchal, zp\u00edval, hr\u00e1l na kytaru&#8230;a tak\u00e9 se ptal! Novin\u00e1\u0159 Ladislav Jakl, kter\u00e9ho si nejsp\u00ed\u0161 vybav\u00edte nejen v souvislosti s jeho bohat\u00fdm v\u00fd\u010dtem funkc\u00ed, ale tak\u00e9 jeho kandidaturou do prezidentsk\u00e9ho \u00fa\u0159adu za Stranu svobodn\u00fdch ob\u010dan\u016f v roce 2012, klienty Anavity ve Vyso\u010danech skute\u010dn\u011b pobavil.<\/p>\n<p><!--more--><\/p>\n<p>Povypr\u00e1v\u011bl jim toti\u017e nejen o politice a sv\u00fdch kon\u00ed\u010dc\u00edch, ale prozradil i to, \u017ee je velk\u00fdm milovn\u00edkem piva, o kter\u00e9m toho hodn\u011b v\u00ed. Nen\u00ed pr\u00fd v\u0161ak jen jeho n\u00e1ru\u017eiv\u00fdm konzumentem, ale zaj\u00edm\u00e1 se o n\u011bj tak, jako se n\u011bkte\u0159\u00ed zaj\u00edma\u00ed o v\u00edno. Dokonce pr\u00fd u\u017e nav\u0161t\u00edvil i festival piva, kde bylo neuv\u011b\u0159iteln\u00fdch 93 kategori\u00ed tohoto \u010cechy tak obl\u00edben\u00e9ho n\u00e1poje.<\/p>\n<p><a href=\"https:\/\/www.ladislavjakl.cz\/wp-content\/uploads\/2016\/10\/lj.jpg\"><img loading=\"lazy\" decoding=\"async\" class=\"alignnone wp-image-7310 size-medium\" src=\"https:\/\/www.ladislavjakl.cz\/wp-content\/uploads\/2016\/10\/lj-264x198.jpg\" alt=\"Ladislav Jakl\" width=\"264\" height=\"198\" srcset=\"https:\/\/www.ladislavjakl.cz\/wp-content\/uploads\/2016\/10\/lj-264x198.jpg 264w, https:\/\/www.ladislavjakl.cz\/wp-content\/uploads\/2016\/10\/lj-768x576.jpg 768w, https:\/\/www.ladislavjakl.cz\/wp-content\/uploads\/2016\/10\/lj.jpg 800w\" sizes=\"auto, (max-width: 264px) 100vw, 264px\" \/><\/a><\/p>\n<p>&#8222;Pan Ladislav Jakl n\u00e1m pov\u00eddal skute\u010dn\u011b o v\u0161em mo\u017en\u00e9m, mimo jin\u00e9 zm\u00ednil, \u017ee je tak\u00e9 signat\u00e1\u0159em manifestu D.O.S.T., jeho\u017e signat\u00e1\u0159i touto formou vyjad\u0159uj\u00ed sv\u00e9 znepokojen\u00ed nad pl\u00ed\u017eivou ideologizac\u00ed ve\u0159ejn\u00e9ho \u017eivota, nad diskriminuj\u00edc\u00ed antidiskrimina\u010dn\u00ed agendou, a to s ohledem na d\u011bjinnou zku\u0161enost st\u0159edov\u00fdchodn\u00ed Evropy s totalitou a s v\u011bdom\u00edm odpov\u011bdnosti ob\u010dan\u016f za osudy budouc\u00edch generac\u00ed. Klienti se tak\u00e9 dozv\u011bd\u011bli o jeho spojen\u00ed s projektem amnestie, kterou 1. ledna 2013 na konci sv\u00e9ho novoro\u010dn\u00edho projevu u p\u0159\u00edle\u017eitosti 20. v\u00fdro\u010d\u00ed vzniku samostatn\u00e9 \u010cesk\u00e9 republiky vyhl\u00e1sil tehdej\u0161\u00ed prezident V\u00e1clav Klaus. K tomuto kroku jej pr\u00fd Ladislav Jakl tehdy dlouze p\u0159emlouval,&#8220; p\u0159ibl\u00ed\u017eil aktiviza\u010dn\u00ed pracovn\u00edk DS Anavita ve Vyso\u010danech Ji\u0159\u00ed Kolda dal\u0161\u00ed zaj\u00edmavou debatu v r\u00e1mci obl\u00edben\u00e9ho aktiviza\u010dn\u00edho form\u00e1tu K\u0159eslo pro hosta.<\/p>\n<p>Klient\u016fm pak ve\u0159ejn\u011b zn\u00e1m\u00e1 osobnost zahr\u00e1la na kytaru a zazp\u00edvala, proto\u017ee krom\u011b \u017eurnalistiky a politiky se v\u011bnuje tak\u00e9 rockov\u00e9 hudb\u011b, a to jako autor a \u010dlen skupin Etal a Folimanka Blues.<\/p>\n<p>&#8222;Velmi p\u0159\u00edjemn\u00e9 odpoledne zakon\u010dil pak pan Jakl zp\u011bvem blues, v n\u011bm\u017e se zp\u00edv\u00e1 o Vyso\u010danech a t\u011b\u017ek\u00e9 pr\u00e1ci ve zdej\u0161\u00edm podniku \u010cKD. Nevyzn\u011blo v\u0161ak v\u016fbec smutn\u011b, bylo sp\u00ed\u0161e p\u0159\u00edjemn\u011b a uklid\u0148uj\u00edc\u00ed. Za milou n\u00e1v\u0161t\u011bvu jsme tomuto hostu pod\u011bkovali drobn\u00fdm d\u00e1rkem,&#8220; dodal je\u0161t\u011b aktiviza\u010dn\u00ed Jura Kolda.<\/p>\n<p>Na v\u00edce fotografi\u00ed z t\u00e9to akce se m\u016f\u017eete pod\u00edvat do na\u0161\u00ed Fotogalerie.<\/p>\n<p><a href=\"http:\/\/www.domov-senioru-praha.cz\/uvod\/aktuality\/uid_news\/kreslo-pro-hosta-poctil-novinar-a-byvaly-tajemnik-prezidenta-ladislav-jakl\/\">Zdroj<\/a><\/p>\n","protected":false},"excerpt":{"rendered":"<p>Odpov\u00eddal, vysv\u011btloval, vypr\u00e1v\u011bl, naslouchal, zp\u00edval, hr\u00e1l na kytaru&#8230;a tak\u00e9 se ptal! Novin\u00e1\u0159 Ladislav Jakl, kter\u00e9ho si nejsp\u00ed\u0161 vybav\u00edte nejen v souvislosti s jeho bohat\u00fdm v\u00fd\u010dtem funkc\u00ed, ale tak\u00e9 jeho kandidaturou do prezidentsk\u00e9ho \u00fa\u0159adu za Stranu svobodn\u00fdch ob\u010dan\u016f v roce 2012, klienty Anavity ve Vyso\u010danech skute\u010dn\u011b pobavil.<\/p>\n","protected":false},"author":1,"featured_media":0,"comment_status":"open","ping_status":"open","sticky":false,"template":"","format":"standard","meta":{"ngg_post_thumbnail":0,"footnotes":""},"categories":[11],"tags":[],"class_list":["post-7309","post","type-post","status-publish","format-standard","hentry","category-ozvena"],"_links":{"self":[{"href":"https:\/\/www.ladislavjakl.cz\/index.php?rest_route=\/wp\/v2\/posts\/7309","targetHints":{"allow":["GET"]}}],"collection":[{"href":"https:\/\/www.ladislavjakl.cz\/index.php?rest_route=\/wp\/v2\/posts"}],"about":[{"href":"https:\/\/www.ladislavjakl.cz\/index.php?rest_route=\/wp\/v2\/types\/post"}],"author":[{"embeddable":true,"href":"https:\/\/www.ladislavjakl.cz\/index.php?rest_route=\/wp\/v2\/users\/1"}],"replies":[{"embeddable":true,"href":"https:\/\/www.ladislavjakl.cz\/index.php?rest_route=%2Fwp%2Fv2%2Fcomments&post=7309"}],"version-history":[{"count":2,"href":"https:\/\/www.ladislavjakl.cz\/index.php?rest_route=\/wp\/v2\/posts\/7309\/revisions"}],"predecessor-version":[{"id":7312,"href":"https:\/\/www.ladislavjakl.cz\/index.php?rest_route=\/wp\/v2\/posts\/7309\/revisions\/7312"}],"wp:attachment":[{"href":"https:\/\/www.ladislavjakl.cz\/index.php?rest_route=%2Fwp%2Fv2%2Fmedia&parent=7309"}],"wp:term":[{"taxonomy":"category","embeddable":true,"href":"https:\/\/www.ladislavjakl.cz\/index.php?rest_route=%2Fwp%2Fv2%2Fcategories&post=7309"},{"taxonomy":"post_tag","embeddable":true,"href":"https:\/\/www.ladislavjakl.cz\/index.php?rest_route=%2Fwp%2Fv2%2Ftags&post=7309"}],"curies":[{"name":"wp","href":"https:\/\/api.w.org\/{rel}","templated":true}]}}