{"id":7314,"date":"2016-10-31T13:27:48","date_gmt":"2016-10-31T12:27:48","guid":{"rendered":"http:\/\/www.ladislavjakl.cz\/?p=7314"},"modified":"2016-10-31T13:27:48","modified_gmt":"2016-10-31T12:27:48","slug":"halik-horacek-ci-kocab-by-v-hospode-na-vsi-za-sve-nafoukanosti-dostali-leda-po-papuli-zeman-je-hrubian-ale-klausuv-jakl-ke-kauze-brady","status":"publish","type":"post","link":"https:\/\/www.ladislavjakl.cz\/?p=7314","title":{"rendered":"Hal\u00edk, Hor\u00e1\u010dek, \u010di Koc\u00e1b by v hospod\u011b na vsi za sv\u00e9 nafoukanosti dostali leda po papuli. Zeman je hrubi\u00e1n, ale&#8230; Klaus\u016fv Jakl ke kauze Brady"},"content":{"rendered":"<p>ROZHOVOR B\u00fdval\u00fd tajemn\u00edk prezidenta Klause Ladislav Jakl \u0159\u00edk\u00e1, \u017ee kv\u016fli medi\u00e1ln\u00edm hr\u00e1m n\u00e1m ut\u00edkaj\u00ed podstatn\u00e9 v\u011bci. Nap\u0159\u00edklad, \u017ee v \u201eEvrop\u011b zase vrchol\u00ed realizace gigantick\u00e9ho soci\u00e1ln\u011b-in\u017een\u00fdrsk\u00e9ho projektu, jeho\u017e c\u00edlem je za pomoci organizovan\u00e9ho dovozu milion\u016f Arab\u016f rozb\u00edt posledn\u00ed zbytky toho, co dr\u017e\u00ed n\u00e1\u0161 sv\u011bt pohromad\u011b\u201c. Zeman dle n\u011bho st\u00e1le reprezentuje norm\u00e1ln\u00edho \u010desk\u00e9ho \u010dlov\u011bka a ten se tak\u00e9 Zemanem c\u00edt\u00ed b\u00fdt reprezentov\u00e1n.<\/p>\n<p><!--more--><\/p>\n<p align=\"LEFT\"><strong>V\u00a0jak\u00e9 atmosf\u00e9\u0159e a v\u00a0jak\u00e9m stavu na\u0161e zem\u011b sp\u011bje k\u00a0leto\u0161n\u00edmu 28. \u0159\u00edjnu a 17. listopadu? D\u011bj\u00ed se v\u00a0posledn\u00ed dob\u011b v\u011bci, kter\u00e9 ji mohou ohrozit, nebo kter\u00e9 naopak slibuj\u00ed posun sm\u011brem k\u00a0lep\u0161\u00edmu? V\u00a0jak\u00e9m stavu na\u0161e politika sp\u011bje do roku nejd\u016fle\u017eit\u011bj\u0161\u00edch voleb?<\/strong><\/p>\n<p align=\"LEFT\">Kdybych soudil podle toho, co se n\u00e1m sna\u017e\u00ed n\u011bkolik novin\u00e1\u0159\u016f velk\u00fdch m\u00e9di\u00ed a p\u00e1r aktivistick\u00fdch politik\u016f vnutit jako na\u0161i nej\u017ehav\u011bj\u0161\u00ed aktu\u00e1ln\u00ed agendu, musel bych si myslet, \u017ee jsme uprost\u0159ed nejzu\u0159iv\u011bj\u0161\u00ed bitvy o osud n\u00e1roda a demokracie. P\u0159itom v\u00a0tomto p\u0159\u00edpad\u011b jde jen o jednu z\u00a0nepodstatn\u00fdch epizod dlouhodob\u00e9ho \u00fatoku havlist\u016f na z\u00e1klady st\u00e1tu. Epizoda je to nepodstatn\u00e1, onen dlouhotrvaj\u00edc\u00ed a dob\u0159e sponzorovan\u00fd \u00fatok u\u017e podstatn\u00fd je, proto\u017ee postupn\u011b, krok za krokem, d\u011bl\u00e1 d\u00edrky pod \u010darou ponoru na\u0161\u00ed st\u00e1tn\u00ed a n\u00e1rodn\u00ed lod\u011b. Lod\u011b, kter\u00e9 by se oni r\u00e1di zbavili, aby n\u00e1s v\u0161echny naserv\u00edrovali berl\u00ednsk\u00e9 a bruselsk\u00e9 vrchnosti. Pokud si nenech\u00e1me vnutit aktu\u00e1ln\u00ed t\u0159e\u0161t\u011bn\u00ed na\u0161ich m\u00e9di\u00ed, pak p\u0159ece daleko d\u016fle\u017eit\u011bj\u0161\u00ed ne\u017e n\u011bjak\u00fd spor o vyznamen\u00e1n\u00ed jednoho p\u00e1na nebo o p\u0159ijet\u00ed jednoho pou\u0165ov\u00e9ho podfuk\u00e1\u0159e v\u00a0r\u016f\u017eov\u00e9m \u017eupanu je to, co se nyn\u00ed d\u011bje s\u00a0na\u0161\u00edm sv\u011btem.<\/p>\n<p align=\"LEFT\"><strong>A co se s n\u00edm d\u011bje?<\/strong><\/p>\n<p align=\"LEFT\">V Americe vrchol\u00ed jeden z\u00a0posledn\u00edch zoufal\u00fdch pokus\u016f oby\u010dejn\u00fdch lid\u00ed set\u0159\u00e1st dikt\u00e1t mocn\u00fdch z\u00e1jmov\u00fdch sil a v\u00a0Evrop\u011b zase vrchol\u00ed realizace gigantick\u00e9ho soci\u00e1ln\u011b-in\u017een\u00fdrsk\u00e9ho projektu, jeho\u017e c\u00edlem je za pomoc\u00ed organizovan\u00e9ho dovozu milion\u016f Arab\u016f rozb\u00edt posledn\u00ed zbytky toho, co dr\u017e\u00ed n\u00e1\u0161 sv\u011bt pohromad\u011b a co dr\u017e\u00ed ka\u017ed\u00e9ho z\u00a0n\u00e1s jako svobodn\u00e9ho \u010dlov\u011bka. O tom by m\u011bly b\u00fdt sn\u011bmovn\u00ed volby p\u0159\u00ed\u0161t\u00edho roku. Ale nebudou. Budou o z\u00e1stupn\u00fdch malichernostech, kter\u00e9 budou ve\u0159ejnosti p\u0159edhozeny jako hlavn\u00ed p\u0159edm\u011bt sporu.<\/p>\n<p align=\"LEFT\"><strong>Jak vn\u00edm\u00e1te aktu\u00e1ln\u00ed spor o ocen\u011bn\u00ed pro Ji\u0159\u00edho Bradyho, kdy jeho synovec Daniel Herman tvrd\u00ed, \u017ee \u0158\u00e1d TGM str\u00fdci nebude ud\u011blen kv\u016fli postoji synovce k\u00a0dalajl\u00e1movi, p\u0159i\u010dem\u017e prezident Zeman to odm\u00edt\u00e1?<\/strong><\/p>\n<p align=\"LEFT\">J\u00e1 si nenech\u00e1v\u00e1m vnutit od m\u00e9di\u00ed t\u00e9mata, o kter\u00fdch m\u00e1m p\u0159em\u00fd\u0161let. A tohle je \u00fapln\u00e1 tit\u011brnost, ze kter\u00e9 se havlist\u00e9 sna\u017e\u00ed d\u011blat probl\u00e9m \u010d\u00edslo jedna. Lidi v\u00edc tr\u00e1p\u00ed t\u0159eba to, \u017ee se jim vinou elektronick\u00e9 evidence tr\u017eeb zdra\u017e\u00ed slu\u017eby a zbo\u017e\u00ed.<\/p>\n<p align=\"LEFT\"><strong>Jak jste tedy vn\u00edmal n\u00e1v\u0161t\u011bvu dalajl\u00e1my, kter\u00e1 op\u011bt vzbudila v\u00e1\u0161n\u011b? Co \u0159\u00edci ke sporu o to, zda se rad\u011bji setk\u00e1vat s\u00a0dalajl\u00e1mou, nebo rad\u011bji d\u00e1t p\u0159ednost ekonomick\u00fdm vztah\u016fm s\u00a0\u010c\u00ednou?<\/strong><\/p>\n<p align=\"LEFT\">Takov\u00e9 dilema v\u016fbec neexistuje. S\u00a0\u010c\u00ednou, stejn\u011b jako s\u00a0k\u00fdmkoli jin\u00fdm, m\u011bjme vz\u00e1jemn\u011b v\u00fdhodn\u00e9 vztahy ve v\u0161ech oblastech, nejen v\u00a0ekonomick\u00e9. A sledujme p\u0159i tom sv\u00e9 z\u00e1jmy. K\u0159ep\u010den\u00ed kolem toho star\u00e9ho marxisty, kter\u00fd ko\u010duje se sv\u00fdm variet\u00e9 po sv\u011bt\u011b a nech\u00e1v\u00e1 si platit za moudra typu: naslouchejme vnit\u0159n\u00edm hlas\u016fm, je jen a jen legra\u010dn\u00ed. Asi jako vnit\u0159n\u00ed hlasy, kter\u00e9 k\u00a0n\u00e1m promlouvaj\u00ed po sn\u011bden\u00ed tal\u00ed\u0159e fazol\u00ed.<\/p>\n<p align=\"LEFT\"><strong>Co \u0159\u00edk\u00e1te kroku Mariana Jure\u010dky, Petra Gazd\u00edka a dal\u0161\u00edch, kte\u0159\u00ed odm\u00edtaj\u00ed p\u0159ij\u00edt na st\u00e1tn\u00ed oslavu 28. \u0159\u00edjna a m\u00edsto toho hodlaj\u00ed uspo\u0159\u00e1dat vlastn\u00ed akci na Starom\u011bstsk\u00e9m n\u00e1m\u011bst\u00ed? Ch\u00e1pete to jako vyj\u00e1d\u0159en\u00ed jejich n\u00e1zoru, nebo to sp\u011bje k\u00a0nebezpe\u010dn\u00e9mu rozd\u011blen\u00ed jednotliv\u00fdch skupin spole\u010dnosti? Kdy\u017e u\u017e ani slavit neum\u00edme spolu, chceme si spolu v\u016fbec je\u0161t\u011b pov\u00eddat?<\/strong><\/p>\n<p align=\"LEFT\">Sou\u010dasn\u00fd prezident m\u011b nikam nezve, ale kdy\u017e m\u011b zv\u00e1val prezident Havel, se kter\u00fdm jsem nesouhlasil skoro v\u00a0ni\u010dem, bral jsem to jako p\u0159\u00edle\u017eitost k\u00a0uct\u011bn\u00ed na\u0161\u00ed st\u00e1tnosti. Lid\u00e9, o kter\u00fdch mluv\u00edte, asi budou jako sv\u00e1tek st\u00e1tnosti slavit v\u00fdro\u010d\u00ed Lisabonsk\u00e9 smlouvy.<\/p>\n<p align=\"LEFT\"><strong>Debata se \u010dasto to\u010d\u00ed kolem prezidenta Milo\u0161e Zemana. Toho m\u00e1 \u010d\u00e1st spole\u010dnosti za hrubi\u00e1na, burana, rusk\u00e9ho a \u010d\u00ednsk\u00e9ho kolaboranta a podn\u011bcovatele nen\u00e1visti. Jin\u00e1 \u010d\u00e1st ho zase bere za lidov\u00e9ho a p\u0159\u00edm\u00e9ho mu\u017ee, sv\u00e9ho advok\u00e1ta proti elit\u00e1m a za n\u011bkoho, kdo otev\u0159enou politikou v\u016f\u010di v\u0161em velmoc\u00edm kon\u00e1 pro na\u0161i zemi dobro&#8230; a kdo ji tak\u00e9 chr\u00e1n\u00ed p\u0159ed isl\u00e1mem. Kter\u00e1 skupina m\u00e1 pravdu?<\/strong><\/p>\n<p align=\"LEFT\">Hrubi\u00e1n jist\u011b prezident Zeman je. Mstiv\u00fd asi tak\u00e9. Ale kolaborant? To sp\u00ed\u0161 opravdov\u00ed kolaboranti k\u0159i\u010d\u00ed: chy\u0165te kolaboranta! Zeman h\u00e1j\u00ed \u010deskou suverenitu. Jestli v\u017edy spr\u00e1vn\u00fdmi cestami, to je ot\u00e1zka. Ale rozhodn\u011b toto je pro n\u011bj motivem \u010d\u00edslo jedna.<\/p>\n<p align=\"LEFT\"><strong>Milo\u0161 Zeman prohla\u0161uje, \u017ee kolem sebe sjednotil v\u011bt\u0161inu \u010desk\u00e9 spole\u010dnosti. M\u016f\u017ee ale ta koalice ,,prasknout\u201c, kdyby nap\u0159\u00edklad ji\u017e nebyl probl\u00e9m s\u00a0imigranty, kter\u00fd Zemanovi pomohl? Mohou se pod vlivem soustavn\u00e9ho medi\u00e1ln\u00edho bombardov\u00e1n\u00ed od Zemana trhnout n\u011bkte\u0159\u00ed vzd\u011blan\u011bj\u0161\u00ed voli\u010di? Anebo je to tak, \u017ee p\u0159\u00edznivci Zemana prost\u011b ,,sv\u00e9ho Milo\u0161e\u201c u\u017e neopust\u00ed, proto\u017ee je chr\u00e1n\u00ed p\u0159ed t\u011bmi ,,zmetky z\u00a0Prahy\u201c a p\u0159ed ,,kav\u00e1rnou\u201c a ,,Bruselem\u201c? Je n\u011bkdo, kdo by mohl Zemana na Hrad\u011b pro p\u0159\u00ed\u0161t\u00ed obdob\u00ed ohrozit?<\/strong><\/p>\n<p align=\"LEFT\">Zeman st\u00e1le reprezentuje norm\u00e1ln\u00edho \u010desk\u00e9ho \u010dlov\u011bka a ten se tak\u00e9 Zemanem c\u00edt\u00ed b\u00fdt reprezentov\u00e1n. Ohrozit Zemana jist\u011b n\u011bkdo m\u016f\u017ee. Nejl\u00e9pe n\u011bjak\u00fd kr\u00e1l\u00edk z\u00a0klobouku, o kter\u00e9m dnes nikdo skoro nic nev\u00ed, jeho\u017e n\u00e1zory nikdo nezn\u00e1, kter\u00fd jen dob\u0159e vypad\u00e1 a um\u00ed \u0159\u00edkat moud\u0159e vypadaj\u00edc\u00ed pr\u00e1zdn\u00e9 fr\u00e1ze. Kdy\u017e se k\u00a0tomu p\u0159id\u00e1 sto milion\u016f na kampa\u0148, soupe\u0159 je tady. \u010c\u00e1sti lid\u00ed se ulev\u00ed: kone\u010dn\u011b n\u011bkdo nov\u00fd, nezat\u00ed\u017een\u00fd. Nepost\u0159ehnou, \u017ee je to jen loutka na d\u00e1lkov\u00e9 ovl\u00e1d\u00e1n\u00ed. V\u00a0jedn\u00e9 velmi bl\u00edzk\u00e9 zemi se to p\u0159esn\u011b takhle stalo.<\/p>\n<p align=\"LEFT\"><strong>D\u016fchodci, pracuj\u00edc\u00ed, ni\u017e\u0161\u00ed st\u0159edn\u00ed t\u0159\u00eddy, soci\u00e1ln\u011b slab\u0161\u00ed, lid\u00e9 na venkov\u011b, lid\u00e9 pova\u017euj\u00edc\u00ed se za vlastence, ob\u010dan\u00e9 pochybuj\u00edc\u00ed o Evropsk\u00e9 unii, ti pat\u0159\u00ed mezi voli\u010de prezidenta. M\u016f\u017ee je z\u00edskat zp\u011bt pro my\u0161lenku ,,evropsk\u00e9\u201c \u010cSSD Sobotka? Nebo si je z\u00edsk\u00e1 Andrej Babi\u0161? Nebo na venkov\u011b \u00fasp\u011b\u0161n\u00ed lidovci a gazd\u00edkovci?<\/strong><\/p>\n<p align=\"LEFT\">Lidovci a gazd\u00edkovci jako re\u00e1ln\u00e1 s\u00edla neexistuj\u00ed, leda v\u00a0poh\u00e1dk\u00e1ch havlistick\u00fdch novin\u00e1\u0159\u016f. Oby\u010dejn\u00e9 lidi m\u016f\u017ee z\u00edskat prodava\u010d iluz\u00ed nebo \u010dlov\u011bk je\u0161t\u011b lidov\u011bj\u0161\u00ed a zemit\u011bj\u0161\u00ed, ne\u017e je Zeman. On ten Zeman je ve skute\u010dnosti tak\u00e9 pra\u017esk\u00fd intelektu\u00e1l, jen to o n\u011bm lidi moc nev\u011bd\u00ed.<\/p>\n<p align=\"LEFT\"><strong>Pak zde jsou lid\u00e9 mlad\u0161\u00ed, \u017eij\u00edc\u00ed sp\u00ed\u0161e ve m\u011bstech, vzd\u011blan\u011bj\u0161\u00ed, miluj\u00edc\u00ed V\u00e1clava Havla, otev\u0159en\u00ed v\u016f\u010di EU i imigrant\u016fm. Ti nejen\u017ee nemaj\u00ed r\u00e1di Zemana, ale \u00fasty n\u011bkter\u00fdch sv\u00fdch mluv\u010d\u00edch maj\u00ed probl\u00e9m s\u00a0tou prvn\u00ed skupinou. Co d\u011blaj\u00ed \u0161patn\u011b, \u017ee ,,lid\u201c nen\u00ed schopen pochopit jejich postoje? Je i na nich jak\u00e1si vina za rozd\u011blen\u00ed spole\u010dnosti? Jak se d\u00edvat na medi\u00e1ln\u00ed vystoupen\u00ed lid\u00ed jako Hal\u00edk, Hor\u00e1\u010dek, \u0160iklov\u00e1, Kroupa \u010di Koc\u00e1b?<\/strong><\/p>\n<p align=\"LEFT\">U n\u00e1s jsou to havlist\u00e9, ale takov\u00ed lid\u00e9 jsou v\u0161ude. P\u0159esv\u011bd\u010deni o sv\u00e9 nad\u0159azenosti a vyvolenosti, v\u011bt\u0161inou \u017eij\u00edc\u00ed z\u00a0pen\u011bz ostatn\u00edch, kter\u00e9 maj\u00ed za tupou masu. V hospod\u011b na vsi by za sv\u00e9 nafoukanosti dostali leda po papuli, norm\u00e1ln\u00ed \u010dlov\u011bk je m\u00e1 d\u00e1vno prokouknut\u00e9.<\/p>\n<p align=\"LEFT\"><strong>Petr Pithart ve sv\u00e9m ned\u00e1vn\u00e9m projevu zm\u00ednil, \u017ee se mu nel\u00edb\u00ed ,,obracen\u00ed se k\u00a0V\u00fdchodu\u201c.<\/strong><strong>Mluvil o p\u0159\u00edslu\u0161nosti k\u00a0Z\u00e1padu jako\u017eto o ,,n\u00e1ro\u010dn\u00e9m \u00fakolu\u201c, ze kter\u00e9ho se chceme vyvl\u00e9ct t\u00edm, \u017ee se ra\u010d\u00edm krokem suneme k\u00a0V\u00fdchodu, v\u00a0jeho\u017e marasmu um\u00edme \u017e\u00edt. Je to spr\u00e1vn\u00fd v\u00fdklad? Co je to dnes ,,Z\u00e1pad\u201c a co V\u00fdchod\u201c? Mnoz\u00ed tvrd\u00ed, \u017ee EU zanik\u00e1 pod n\u00e1porem imigrant\u016f, zadlu\u017een\u00ed, neomarxismu, ekonomick\u00fdch probl\u00e9m\u016f. Jak to jde dohromady s\u00a0t\u00edm ,,pithartovsk\u00fdm\u201c v\u00fdkladem? Nem\u00e1 takzvan\u00fd V\u00fdchod jako Rusko a \u010c\u00edna v\u011bt\u0161\u00ed pud sebez\u00e1chovy ne\u017e sou\u010dasn\u00fd Z\u00e1pad?<\/strong><\/p>\n<p align=\"LEFT\">J\u00e1 se d\u00edv\u00e1m kolem sebe a po\u0159\u00e1d u n\u00e1s hled\u00e1m ten boj V\u00fdchodu a Z\u00e1padu. Je v\u00a0televizi moc rusk\u00fdch po\u0159ad\u016f? Hraj\u00ed r\u00e1dia sam\u00e9 \u010d\u00ednsk\u00e9 p\u00edsni\u010dky? Hraj\u00ed se v\u00a0kinech jen rusk\u00e9 filmy? L\u00ed\u010d\u00ed n\u00e1m ve zpr\u00e1v\u00e1ch dokola jen to, co se d\u011bje v\u00a0Rusku a v \u010c\u00edn\u011b, jak \u017eij\u00ed jejich celebrity, jak\u00e9 jsou tam sportovn\u00ed akce, co kde m\u011bli za v\u00fdstavu ps\u016f, co tam postavili nov\u00e9ho, kde m\u011bli m\u00f3dn\u00ed p\u0159ehl\u00eddku, filmov\u00fd festival, velk\u00fd koncert? \u017dijeme v\u00a0z\u00e1plav\u011b v\u00fdchodn\u00ed kultury? No, mo\u017en\u00e1 kdy\u017e p\u0159ijede ten ko\u010dovn\u00fd \u0161aman, tak to se leckdo klan\u00ed v\u00fdchodn\u00ed civilizaci, jinak ale t\u011b\u017eko. Naopak, jsme zcela a tot\u00e1ln\u011b obklopeni a pohlceni z\u00e1padn\u00edm sv\u011btem, civilizac\u00ed, kulturou, ekonomikou, politikou. A nikdo to nezpochyb\u0148uje. Jen si bu\u010fme v\u011bdomi, \u017ee z\u00a0ka\u017ed\u00e9 z\u00e1padn\u00ed ch\u0159ipky budeme m\u00edt my z\u00e1pal plic.<\/p>\n<p align=\"LEFT\"><strong>Z\u00a0hlediska praktick\u00e9 politiky \u2013 kdo z\u00a0politik\u016f na\u0161\u00ed zemi posledn\u00ed dobou prosp\u00edv\u00e1 a kdo ne?<\/strong><\/p>\n<p align=\"LEFT\">J\u00e1 p\u0159esn\u011b nev\u00edm, co je praktick\u00e1 politika. Pokud je to cosi nez\u00e1visl\u00e9 na idej\u00edch, pak to nen\u00ed politika, ale pouze spr\u00e1va, a to maj\u00ed d\u011blat nevolen\u00ed \u00fa\u0159edn\u00edci. A pokud to nen\u00ed spr\u00e1va, pak je to st\u0159et idej\u00ed a z\u00e1jm\u016f. A takto j\u00e1 hodnot\u00edm v\u0161echny politiky. Podle toho, jak se jejich ideje a z\u00e1jmy, kter\u00e9 h\u00e1j\u00ed, slu\u010duj\u00ed se svobodou \u010dlov\u011bka. A ony se neslu\u010duj\u00ed. Nen\u00ed dne, kdy by n\u00e1m zase n\u011bco nezak\u00e1zali. Pro na\u0161e dobro, jist\u011b.<\/p>\n<p align=\"LEFT\"><strong>Prob\u00edh\u00e1 p\u00e1d Miroslava Kalouska a TOP 09, a m\u00edsto n\u011bj n\u00e1stup bloku KDU-\u010cSL a Starost\u016f jako nov\u00e9 hlavn\u00ed vlajkov\u00e9 lodi takzvan\u00e9 \u201epravdy a l\u00e1sky\u201c?<\/strong><\/p>\n<p align=\"LEFT\">Pravdol\u00e1skovci, j\u00e1 \u0159\u00edk\u00e1m havlist\u00e9, nikdy vlajkovou lo\u010f m\u00edt nebudou, to kdysi zkou\u0161eli a jejich OH ani nevyplulo z\u00a0p\u0159\u00edstavu. Jejich metoda je jin\u00e1. Napadat ostatn\u00ed strany nejd\u0159\u00edv zven\u010d\u00ed, navrtat se do nich, pak je zevnit\u0159 vyhlodat, ovl\u00e1dnout, zneu\u017e\u00edt, zni\u010den\u00e9 odhodit a hledat si dal\u0161\u00ed hostitele. Naposled takto zni\u010dili ODS, oslabili lidovce, nyn\u00ed rozkl\u00e1daj\u00ed soci\u00e1ln\u00ed demokracii. Jak\u00e1koli strana, kter\u00e1 s\u00a0nimi za\u010dne koketovat (aby se zal\u00edbila m\u00e9di\u00edm), je ztracena.<\/p>\n<p align=\"LEFT\"><strong>A sp\u011bje \u010cSSD k\u00a0z\u00e1niku \u010di p\u00e1du k\u00a0marginalit\u011b jako p\u0159ed n\u00ed ODS? Scvrk\u00e1vaj\u00ed se komunist\u00e9? Vyluxuje je Babi\u0161? A co Okamura? Jak\u00fd v\u00fdsledek voleb do Poslaneck\u00e9 sn\u011bmovny se n\u00e1m r\u00fdsuje?<\/strong><\/p>\n<p align=\"LEFT\">\u010cSSD m\u00e1 jedinou \u0161anci: zbavit se havlist\u016f a d\u00e1t si do \u010dela skute\u010dn\u00e9 socany. Mysl\u00edm ale, \u017ee u\u017e je na to pozd\u011b. Komunist\u00e9 se nescvrk\u00e1vaj\u00ed. Jsou nesmrteln\u00ed. Pochopiteln\u011b p\u0159i vl\u00e1d\u00e1ch levice v\u017edy trochu oslab\u00ed, okradeni o sv\u00e1 t\u00e9mata, p\u0159i pravicov\u00fdch zase pos\u00edl\u00ed. A jak\u00fd v\u00fdsledek se r\u00fdsuje? Babi\u0161 dostane \u0161anci se historicky znemo\u017enit v\u00a0roli premi\u00e9ra. A pak lidi uv\u011b\u0159\u00ed v\u00a0dal\u0161\u00edho fale\u0161n\u00e9ho proroka.<\/p>\n<p align=\"LEFT\"><strong>Ministr Babi\u0161 s\u00a0radost\u00ed hl\u00e1s\u00ed, \u017ee hospod\u00e1\u0159stv\u00ed na\u0161\u00ed zem\u011b vzkv\u00e9t\u00e1. Vid\u00edte to ve sv\u00e9m okol\u00ed? Maj\u00ed se lid\u00e9 l\u00e9pe? V\u011b\u0159\u00ed v ,,lep\u0161\u00ed z\u00edt\u0159ek\u201c? A mysl\u00edte, \u017ee tento t\u0159eba i statistick\u00fd r\u016fst bude pokra\u010dovat, nebo se zase bl\u00ed\u017e\u00ed ekonomick\u00fd pr\u016f\u0161vih? Jsme z\u00e1visl\u00ed na N\u011bmecku, kde se objevuj\u00ed jist\u00e9 pot\u00ed\u017ee a mluv\u00ed se o tom, \u017ee mzdy jsou u n\u00e1s trvale n\u00edzk\u00e9\u2026<\/strong><\/p>\n<p align=\"LEFT\">Nouze posledn\u00edch let n\u00e1s nau\u010dila radovat se z\u00a0mali\u010dkost\u00ed. A mali\u010dkost\u00ed je i kr\u00e1tkodob\u00fd r\u016fst z\u00a0posledn\u00ed doby, ta\u017een\u00fd odlo\u017eenou popt\u00e1vkou z\u00a0ned\u00e1vn\u00fdch krizov\u00fdch let. R\u016fst skon\u010d\u00ed, proto\u017ee nem\u00e1 pevn\u00e9 z\u00e1klady, Takov\u00fdmi z\u00e1klady m\u016f\u017ee b\u00fdt jen svobodn\u00e9 prost\u0159ed\u00ed pro ekonomiku. A to zanik\u00e1.<\/p>\n<p align=\"LEFT\"><strong>Co n\u00e1m z\u00a0na\u0161ich ned\u00e1vn\u00fdch tradic vlastn\u011b je\u0161t\u011b z\u016fstalo? V\u00e1clava Havla mnoz\u00ed nemohou ani c\u00edtit. Rok 1968 dle pr\u016fzkum\u016f v\u011bt\u0161inu n\u00e1roda nezaj\u00edm\u00e1. \u010c\u00e1st ve\u0159ejnosti r\u00e1da vzpom\u00edn\u00e1 na socialismus. Kdy\u017e pomineme V\u00e1noce, sport, zahr\u00e1dka\u0159en\u00ed apod., napad\u00e1 v\u00e1s alespo\u0148 n\u011bkolik v\u011bc\u00ed, nad kter\u00fdmi se lid\u00e9 v\u00a0na\u0161\u00ed zemi \u2013 bez ohledu na politick\u00fd n\u00e1zor \u2013 mohou sej\u00edt a spole\u010dn\u011b nad nimi cosi pro\u017e\u00edvat? Co n\u00e1s jako n\u00e1rod spojuje, \u010di co by n\u00e1s m\u011blo spojovat?<\/strong><\/p>\n<p align=\"LEFT\">Kdy\u017e se lidi budou v\u00a0oby\u010dejn\u00e9 hospod\u011b spole\u010dn\u011b koukat na televizn\u00ed zpr\u00e1vy, okam\u017eit\u011b se v\u0161ichni zh\u00e1daj\u00ed. Proto\u017ee se to tak po nich chce. Vnucuje se jim to. Kdy\u017e se ale za\u010dnou bavit o v\u011bcech, kter\u00e9 znaj\u00ed ze sv\u00e9ho denn\u00edho \u017eivota a ne z\u00a0televize, najednou se zjist\u00ed, co v\u0161echno maj\u00ed spole\u010dn\u00e9ho. Ani si \u010dasto neuv\u011bdomujeme, co v\u0161e jsme zd\u011bdili. Je to v\u00a0n\u00e1s a je to spole\u010dn\u00e9.<\/p>\n<p align=\"LEFT\"><a href=\"http:\/\/www.parlamentnilisty.cz\/arena\/rozhovory\/Halik-Horacek-ci-Kocab-by-v-hospode-na-vsi-za-sve-nafoukanosti-dostali-leda-po-papuli-Zeman-je-hrubian-ale-Klausuv-Jakl-ke-kauze-Brady-460277\">Zdroj<\/a><\/p>\n","protected":false},"excerpt":{"rendered":"<p>ROZHOVOR B\u00fdval\u00fd tajemn\u00edk prezidenta Klause Ladislav Jakl \u0159\u00edk\u00e1, \u017ee kv\u016fli medi\u00e1ln\u00edm hr\u00e1m n\u00e1m ut\u00edkaj\u00ed podstatn\u00e9 v\u011bci. Nap\u0159\u00edklad, \u017ee v \u201eEvrop\u011b zase vrchol\u00ed realizace gigantick\u00e9ho soci\u00e1ln\u011b-in\u017een\u00fdrsk\u00e9ho projektu, jeho\u017e c\u00edlem je za pomoci organizovan\u00e9ho dovozu milion\u016f Arab\u016f rozb\u00edt posledn\u00ed zbytky toho, co dr\u017e\u00ed n\u00e1\u0161 sv\u011bt pohromad\u011b\u201c. Zeman dle n\u011bho st\u00e1le reprezentuje norm\u00e1ln\u00edho \u010desk\u00e9ho \u010dlov\u011bka a ten se [&hellip;]<\/p>\n","protected":false},"author":1,"featured_media":0,"comment_status":"open","ping_status":"open","sticky":false,"template":"","format":"standard","meta":{"ngg_post_thumbnail":0,"footnotes":""},"categories":[13],"tags":[],"class_list":["post-7314","post","type-post","status-publish","format-standard","hentry","category-rozhovory"],"_links":{"self":[{"href":"https:\/\/www.ladislavjakl.cz\/index.php?rest_route=\/wp\/v2\/posts\/7314","targetHints":{"allow":["GET"]}}],"collection":[{"href":"https:\/\/www.ladislavjakl.cz\/index.php?rest_route=\/wp\/v2\/posts"}],"about":[{"href":"https:\/\/www.ladislavjakl.cz\/index.php?rest_route=\/wp\/v2\/types\/post"}],"author":[{"embeddable":true,"href":"https:\/\/www.ladislavjakl.cz\/index.php?rest_route=\/wp\/v2\/users\/1"}],"replies":[{"embeddable":true,"href":"https:\/\/www.ladislavjakl.cz\/index.php?rest_route=%2Fwp%2Fv2%2Fcomments&post=7314"}],"version-history":[{"count":1,"href":"https:\/\/www.ladislavjakl.cz\/index.php?rest_route=\/wp\/v2\/posts\/7314\/revisions"}],"predecessor-version":[{"id":7315,"href":"https:\/\/www.ladislavjakl.cz\/index.php?rest_route=\/wp\/v2\/posts\/7314\/revisions\/7315"}],"wp:attachment":[{"href":"https:\/\/www.ladislavjakl.cz\/index.php?rest_route=%2Fwp%2Fv2%2Fmedia&parent=7314"}],"wp:term":[{"taxonomy":"category","embeddable":true,"href":"https:\/\/www.ladislavjakl.cz\/index.php?rest_route=%2Fwp%2Fv2%2Fcategories&post=7314"},{"taxonomy":"post_tag","embeddable":true,"href":"https:\/\/www.ladislavjakl.cz\/index.php?rest_route=%2Fwp%2Fv2%2Ftags&post=7314"}],"curies":[{"name":"wp","href":"https:\/\/api.w.org\/{rel}","templated":true}]}}