{"id":7316,"date":"2016-10-31T13:28:35","date_gmt":"2016-10-31T12:28:35","guid":{"rendered":"http:\/\/www.ladislavjakl.cz\/?p=7316"},"modified":"2016-10-31T13:28:35","modified_gmt":"2016-10-31T12:28:35","slug":"stanovisko-ivk-ke-dni-28-10-2016-proc-slavit-28-rijen","status":"publish","type":"post","link":"https:\/\/www.ladislavjakl.cz\/?p=7316","title":{"rendered":"Stanovisko IVK ke dni 28. 10. 2016: Pro\u010d slavit 28. \u0159\u00edjen"},"content":{"rendered":"<p>Osmadvac\u00e1t\u00fd \u0159\u00edjen ka\u017edoro\u010dn\u011b slav\u00edme jako sv\u00e1tek na\u0161\u00ed \u010desk\u00e9 n\u00e1rodn\u00ed suverenity. Pro\u010d maj\u00ed lid\u00e9, jejich\u017e prioritou je ochrana svobody jednotlivce, oslavovat st\u00e1tn\u00ed suverenitu a varovat p\u0159ed jej\u00ed ztr\u00e1tou?<\/p>\n<p><!--more--><\/p>\n<p>Hlavn\u00edm nep\u0159\u00edtelem svobody \u010dlov\u011bka jsou kolektivismy a socialismy v\u0161ech mo\u017en\u00fdch barev a odr\u016fd. Je t\u0159eba se s\u00a0nimi pot\u00fdkat, bojovat s\u00a0nimi, odhalovat je jako nep\u0159\u00e1tele svobody a br\u00e1nit jim formovat spole\u010dnost podle sv\u00fdch soci\u00e1ln\u011b-in\u017een\u00fdrsk\u00fdch pl\u00e1n\u016f.<\/p>\n<p>N\u011bkdy budeme sp\u00ed\u0161e prohr\u00e1vat, jindy t\u0159eba zase jednou v\u00edt\u011bzit. Tento boj nikdy neskon\u010d\u00ed, p\u0159esto a pr\u00e1v\u011b proto je nutn\u00e9 ho st\u00e1le v\u00e9st. Znovu a znovu. By\u0165 mo\u017en\u00e1 poka\u017ed\u00e9 s\u00a0protivn\u00edkem v\u00a0jin\u00e9 vn\u011bj\u0161\u00ed podob\u011b.<\/p>\n<p>Ale boj s\u00a0kolektivismy lze regul\u00e9rn\u011b v\u00e9st na jedin\u00e9m h\u0159i\u0161ti, na jedin\u00e9m bitevn\u00edm poli. T\u00edm je parlamentn\u00ed demokracie, jej\u00ed instituce a mechanismy. A parlamentn\u00ed demokracie existuje jen v\u00a0r\u00e1mci suver\u00e9nn\u00edho demokratick\u00e9ho st\u00e1tu. Bez suverenity nebudeme m\u00edt k\u00a0dispozici \u017e\u00e1dn\u00fd regul\u00e9rn\u00ed r\u00e1mec, ve kter\u00e9m by bylo mo\u017eno za svobodu proti kolektivismu bojovat.<\/p>\n<p>Proto je dnes co slavit, proto je co p\u0159ipom\u00ednat. A proto je t\u0159eba se o suverenitu ob\u00e1vat. Je t\u0159eba br\u00e1nit jej\u00ed zbytek proti bobtnaj\u00edc\u00ed, suverenitu ni\u010d\u00edc\u00ed bruselsk\u00e9 ma\u0161in\u00e9rii. A je nutn\u00e9 v\u0161emi silami se sna\u017eit kousky suverenity, o kter\u00e9 jsme v\u00a0ned\u00e1vn\u00fdch letech p\u0159i\u0161li, si br\u00e1t zp\u011bt. Aby i v\u00a0p\u0159\u00ed\u0161t\u00edch letech bylo co slavit.<\/p>\n<p><em>Ladislav Jakl<\/em><\/p>\n<p><a href=\"http:\/\/www.institutvk.cz\/stanovisko-ivk-ke-dni-28-10-2016-proc-slavit-28-rijen\">Zdroj<\/a><\/p>\n","protected":false},"excerpt":{"rendered":"<p>Osmadvac\u00e1t\u00fd \u0159\u00edjen ka\u017edoro\u010dn\u011b slav\u00edme jako sv\u00e1tek na\u0161\u00ed \u010desk\u00e9 n\u00e1rodn\u00ed suverenity. Pro\u010d maj\u00ed lid\u00e9, jejich\u017e prioritou je ochrana svobody jednotlivce, oslavovat st\u00e1tn\u00ed suverenitu a varovat p\u0159ed jej\u00ed ztr\u00e1tou?<\/p>\n","protected":false},"author":1,"featured_media":0,"comment_status":"open","ping_status":"open","sticky":false,"template":"","format":"standard","meta":{"ngg_post_thumbnail":0,"footnotes":""},"categories":[1],"tags":[],"class_list":["post-7316","post","type-post","status-publish","format-standard","hentry","category-publikovane-clanky"],"_links":{"self":[{"href":"https:\/\/www.ladislavjakl.cz\/index.php?rest_route=\/wp\/v2\/posts\/7316","targetHints":{"allow":["GET"]}}],"collection":[{"href":"https:\/\/www.ladislavjakl.cz\/index.php?rest_route=\/wp\/v2\/posts"}],"about":[{"href":"https:\/\/www.ladislavjakl.cz\/index.php?rest_route=\/wp\/v2\/types\/post"}],"author":[{"embeddable":true,"href":"https:\/\/www.ladislavjakl.cz\/index.php?rest_route=\/wp\/v2\/users\/1"}],"replies":[{"embeddable":true,"href":"https:\/\/www.ladislavjakl.cz\/index.php?rest_route=%2Fwp%2Fv2%2Fcomments&post=7316"}],"version-history":[{"count":1,"href":"https:\/\/www.ladislavjakl.cz\/index.php?rest_route=\/wp\/v2\/posts\/7316\/revisions"}],"predecessor-version":[{"id":7317,"href":"https:\/\/www.ladislavjakl.cz\/index.php?rest_route=\/wp\/v2\/posts\/7316\/revisions\/7317"}],"wp:attachment":[{"href":"https:\/\/www.ladislavjakl.cz\/index.php?rest_route=%2Fwp%2Fv2%2Fmedia&parent=7316"}],"wp:term":[{"taxonomy":"category","embeddable":true,"href":"https:\/\/www.ladislavjakl.cz\/index.php?rest_route=%2Fwp%2Fv2%2Fcategories&post=7316"},{"taxonomy":"post_tag","embeddable":true,"href":"https:\/\/www.ladislavjakl.cz\/index.php?rest_route=%2Fwp%2Fv2%2Ftags&post=7316"}],"curies":[{"name":"wp","href":"https:\/\/api.w.org\/{rel}","templated":true}]}}