{"id":7344,"date":"2016-11-14T10:14:11","date_gmt":"2016-11-14T09:14:11","guid":{"rendered":"http:\/\/www.ladislavjakl.cz\/?p=7344"},"modified":"2016-11-14T10:14:11","modified_gmt":"2016-11-14T09:14:11","slug":"dejme-te-zklamane-hillary-aspon-nejakou-medaili","status":"publish","type":"post","link":"https:\/\/www.ladislavjakl.cz\/?p=7344","title":{"rendered":"Dejme t\u00e9 zklaman\u00e9 Hillary aspo\u0148 n\u011bjakou medaili"},"content":{"rendered":"<div class=\"opener\">Kdo se o\u0161kliv\u011b vyjad\u0159uje o demokraticky zvolen\u00e9m americk\u00e9m prezidentovi, mus\u00ed b\u00fdt Putinov\u00fdm agentem. Dob\u0159e si t\u011bch Trumpov\u00fdch nen\u00e1vistn\u00edk\u016f v\u0161\u00edmejte, nen\u00e1vid\u00ed z\u00e1padn\u00ed demokracii, ur\u010dit\u011b je plat\u00ed Rusko.<\/div>\n<p><!--more--><\/p>\n<div id=\"art-text\" class=\"text\">\n<p>Pro numerology: Velk\u00fd americk\u00fd pr\u016f\u0161vih za\u010dal 11. 9. A bod obratu k lep\u0161\u00edmu nastal 9. 11. Nenap\u00ed\u0161e n\u011bkdo o tom nov\u00fd Bal\u00ed\u010dek karet?<\/p>\n<p>Hillary Clintonov\u00e9 ud\u011blali hroznou lump\u00e1rnu. Ve v\u0161ech pr\u016fzkumech, s\u00e1zkov\u00fdch kurzech, medi\u00e1ln\u00edch anal\u00fdz\u00e1ch, v\u00fdroc\u00edch hv\u011bzdi\u010dek \u0161oubyznysu, tam v\u0161ude byla u\u017e p\u0159edem bez jak\u00fdchkoli pochybnost\u00ed korunov\u00e1na. M\u016f\u017ee se j\u00ed n\u011bkdo divit, \u017ee tomu uv\u011b\u0159ila a u\u017e m\u011bla objednan\u00e9ho tax\u00edka do B\u00edl\u00e9ho domu? A te\u010f j\u00ed najednou \u0159eknou, \u017ee to neplat\u00ed? To je hrozn\u011b nef\u00e9r. Pro\u010d j\u00ed to slibovali? Ned\u00e1me j\u00ed jako n\u00e1plast n\u011bjakou \u010destnou plaketu? Hezkou medaili? T\u0159eba na Starom\u011bstsk\u00e9m n\u00e1m\u011bst\u00ed?<\/p>\n<p>Rok a p\u016fl n\u00e1s dokola u\u010dili, \u017ee Trump je chl\u00edpn\u00fd pras\u00e1k, rusk\u00fd agent a rasista. Abychom to i o p\u016flnoci um\u011bli p\u0159ed\u0159\u00edkat zpam\u011bti. Proto n\u00e1s neru\u0161ili \u017e\u00e1dn\u00fdmi dal\u0161\u00edmi \u00fadaji o jeho osob\u011b, my\u0161lenk\u00e1ch, pl\u00e1nech, v\u00fdroc\u00edch, rodin\u011b. Pro\u010d ho najednou objevuj\u00ed a rozkop\u00e1vaj\u00ed ten jednoduch\u00fd obr\u00e1zek, na kter\u00fd jsme si zvykli? To se to ostatn\u00ed o n\u011bm dov\u011bd\u011bli a\u017e po volb\u00e1ch?<\/p>\n<p>Na t\u0159iadevades\u00e1t procent voli\u010d\u016f hlavn\u00edho americk\u00e9ho m\u011bsta uv\u011bdom\u011ble volilo Clintonovou, Trumpa jen asi \u010dty\u0159i. Pro\u010d d\u00e1vaj\u00ed volebn\u00ed pr\u00e1vo t\u011bm blbc\u016fm z venkova? Ti tomu p\u0159ece nem\u016f\u017eou rozum\u011bt.<\/p>\n<p>V\u0161imli jste si, jak novin\u00e1\u0159i pou\u017e\u00edvaj\u00ed slovo \u201ep\u0159ekvapiv\u00fd\u201c? Vytv\u00e1\u0159ej\u00ed dojem, \u017ee to je vlastnost n\u011bjak\u00e9ho jevu. Je fialov\u00fd, tenk\u00fd, chlupat\u00fd, rychl\u00fd, sklen\u011bn\u00fd, symetrick\u00fd, &#8230; p\u0159ekvapiv\u00fd. Jen\u017ee p\u0159ekvapivost nen\u00ed vlastnost\u00ed toho jevu. Je to vlastnost pozorovatel\u016f, to oni jsou p\u0159ekvapeni, proto\u017ee m\u011bli chybn\u00e1 o\u010dek\u00e1v\u00e1n\u00ed. M\u011bli by \u0159\u00edct: \u201ek na\u0161emu p\u0159ekvapen\u00ed\u201c nebo \u201ev rozporu s na\u0161\u00edm p\u0159edpokladem\u201c. Ne \u201evyhr\u00e1l p\u0159ekvapiv\u011b\u201c.<\/p>\n<p>Medi\u00e1ln\u00ed kav\u00e1rna l\u017ee. M\u00e1 to v popisu pr\u00e1ce. Pot\u0159ebuje, aby publikum do\u0161lo k z\u00e1v\u011br\u016fm, kter\u00e9 mu chce kav\u00e1rna v\u0161t\u00edpit. Jen\u017ee to m\u00e1 jedno riziko. Oni si novin\u00e1\u0159i nev\u011bdomky ty z\u00e1v\u011bry navz\u00e1jem v\u0161t\u00edp\u00ed sami jeden druh\u00e9mu. Tak dlouho cht\u011bj\u00ed ostatn\u00ed uv\u00e1d\u011bt v omyl, a\u017e mu sami nalet\u00ed. Proto jsou v\u017edy p\u0159ekvapeni realitou.<\/p>\n<p>Nechcete za m\u011b n\u011bkdo dopsat dal\u0161\u00ed odstavce post\u0159eh\u016f?<\/p>\n<\/div>\n<p><a href=\"http:\/\/jakl.blog.idnes.cz\/blog.aspx?c=566494\">Zdroj<\/a><\/p>\n","protected":false},"excerpt":{"rendered":"<p>Kdo se o\u0161kliv\u011b vyjad\u0159uje o demokraticky zvolen\u00e9m americk\u00e9m prezidentovi, mus\u00ed b\u00fdt Putinov\u00fdm agentem. Dob\u0159e si t\u011bch Trumpov\u00fdch nen\u00e1vistn\u00edk\u016f v\u0161\u00edmejte, nen\u00e1vid\u00ed z\u00e1padn\u00ed demokracii, ur\u010dit\u011b je plat\u00ed Rusko.<\/p>\n","protected":false},"author":1,"featured_media":0,"comment_status":"open","ping_status":"open","sticky":false,"template":"","format":"standard","meta":{"ngg_post_thumbnail":0,"footnotes":""},"categories":[10],"tags":[],"class_list":["post-7344","post","type-post","status-publish","format-standard","hentry","category-zlehka"],"_links":{"self":[{"href":"https:\/\/www.ladislavjakl.cz\/index.php?rest_route=\/wp\/v2\/posts\/7344","targetHints":{"allow":["GET"]}}],"collection":[{"href":"https:\/\/www.ladislavjakl.cz\/index.php?rest_route=\/wp\/v2\/posts"}],"about":[{"href":"https:\/\/www.ladislavjakl.cz\/index.php?rest_route=\/wp\/v2\/types\/post"}],"author":[{"embeddable":true,"href":"https:\/\/www.ladislavjakl.cz\/index.php?rest_route=\/wp\/v2\/users\/1"}],"replies":[{"embeddable":true,"href":"https:\/\/www.ladislavjakl.cz\/index.php?rest_route=%2Fwp%2Fv2%2Fcomments&post=7344"}],"version-history":[{"count":1,"href":"https:\/\/www.ladislavjakl.cz\/index.php?rest_route=\/wp\/v2\/posts\/7344\/revisions"}],"predecessor-version":[{"id":7345,"href":"https:\/\/www.ladislavjakl.cz\/index.php?rest_route=\/wp\/v2\/posts\/7344\/revisions\/7345"}],"wp:attachment":[{"href":"https:\/\/www.ladislavjakl.cz\/index.php?rest_route=%2Fwp%2Fv2%2Fmedia&parent=7344"}],"wp:term":[{"taxonomy":"category","embeddable":true,"href":"https:\/\/www.ladislavjakl.cz\/index.php?rest_route=%2Fwp%2Fv2%2Fcategories&post=7344"},{"taxonomy":"post_tag","embeddable":true,"href":"https:\/\/www.ladislavjakl.cz\/index.php?rest_route=%2Fwp%2Fv2%2Ftags&post=7344"}],"curies":[{"name":"wp","href":"https:\/\/api.w.org\/{rel}","templated":true}]}}