{"id":7347,"date":"2016-11-15T08:47:51","date_gmt":"2016-11-15T07:47:51","guid":{"rendered":"http:\/\/www.ladislavjakl.cz\/?p=7347"},"modified":"2016-11-15T08:47:51","modified_gmt":"2016-11-15T07:47:51","slug":"obhaji-rychtar-nebo-vyhraje-heineken-nebo-nekdo-jiny","status":"publish","type":"post","link":"https:\/\/www.ladislavjakl.cz\/?p=7347","title":{"rendered":"Obh\u00e1j\u00ed Rycht\u00e1\u0159? Nebo vyhraje Heineken? N\u011bbo n\u011bkdo jin\u00fd?"},"content":{"rendered":"<p>Ve dnech 4. a 18. \u0159\u00edjna prob\u011bhla semifin\u00e1le leto\u0161n\u00edho ro\u010dn\u00edku Prvn\u00ed pivn\u00ed extraligy, kter\u00e1 rozhodla o finalistech pro rok 2016.\u00a0A je t\u0159eba podotknout, \u017ee situace na \u010dele \u010desk\u00e9ho le\u017e\u00e1kov\u00e9ho pelotonu se za\u010d\u00edn\u00e1 stabilizovat.<\/p>\n<p><!--more--><\/p>\n<p>V\u017edy\u0165 \u0161est z\u00a0leto\u0161n\u00edch semifinalist\u016f bylo ve fin\u00e1le i loni! Jsou to Zubr, Radegast, Starobrno, Louny Rycht\u00e1\u0159 a Konrad. Mezi finalisty jsou i t\u0159i z\u00a0celkov\u00fdch v\u00edt\u011bz\u016f n\u011bkter\u00e9ho z\u00a0minul\u00fdch ro\u010dn\u00edk\u016f (Zubr, Radegast, Rycht\u00e1\u0159). N\u011bkdy o postupuj\u00edc\u00edm u\u017e do semifin\u00e1le a pak znovu do fin\u00e1le rozhoduje t\u0159eba jen bod\u00edk a v\u00fdsledky pak vypadaj\u00ed n\u00e1hodn\u011b \u2013 \u017ee mohly dopadnout t\u0159eba i \u00fapln\u011b jinak. T\u0159eba mohly. Ale opakovan\u00e9 \u00fasp\u011bchy n\u011bkter\u00fdch zna\u010dek n\u00e1hodn\u00e9 b\u00fdt nemohou.\u00a0 N\u011bkde prost\u011b um\u011bj\u00ed dr\u017eet svou kvalitu bez v\u00fdkyv\u016f a je vid\u011bt, \u017ee se u nich pracuje dob\u0159e. Z\u00a0firem je dobr\u00e9 upozornit na opakovan\u00e9 velmi dobr\u00e9 zastoupen\u00ed Heinekenu ve fin\u00e1le, op\u011bt m\u00e1 v\u00a0ohni t\u0159i \u017eel\u00edzka.<\/p>\n<p>Jak to dopadne ve fin\u00e1le? Na to jsme zv\u011bdav\u00ed v\u0161ichni: pivovarn\u00edci, jejich fandov\u00e9 i my, co to budeme muset rozhodnout.\u00a0 P\u0159ij\u010fte se pod\u00edvat! V\u00a0\u00fater\u00fd 15. listopadu od 19 hodin v\u00a0Prvn\u00ed Pivn\u00ed Tramwayi.<\/p>\n<p>Prvn\u00ed semifin\u00e1le:<\/p>\n<ol>\n<li><strong>Zubr<\/strong><\/li>\n<li><strong>Radegast<\/strong><\/li>\n<li><strong>Lobkowicz<\/strong><\/li>\n<li><strong>Staropramen<\/strong><\/li>\n<li><strong>Starobrno<\/strong><\/li>\n<li>Rohozec<\/li>\n<li>Pern\u0161tejn<\/li>\n<li>Zlatopramen<\/li>\n<li>Kl\u00e1\u0161ter<\/li>\n<li>Hubertus<\/li>\n<\/ol>\n<p>Druh\u00e9 semifin\u00e1le:<\/p>\n<ol>\n<li><strong>B\u0159ez\u0148\u00e1k<\/strong><\/li>\n<li><strong>Louny<\/strong><\/li>\n<li><strong>Rycht\u00e1\u0159<\/strong><\/li>\n<li><strong>Litovel<\/strong><\/li>\n<li><strong>Konrad<\/strong><\/li>\n<li>Ferdonand<\/li>\n<li>Kozel<\/li>\n<li>Prazdroj<\/li>\n<li>Herold<\/li>\n<li>Je\u017eek<\/li>\n<\/ol>\n<p><em>(Finalist\u00e9 jsou vyzna\u010deni tu\u010dn\u011b.)<\/em><\/p>\n<p><!-- index.php -->\n<div\n\tclass=\"ngg-galleryoverview\n\t ngg-ajax-pagination-none\t\"\n\tid=\"ngg-gallery-a63c7f53d983032eb8fd38c8a7984509-1\">\n\n\t\t\t<!-- Thumbnails -->\n\t\t\t\t<div id=\"ngg-image-0\" class=\"ngg-gallery-thumbnail-box\"\n\t\t\t\t\t\t\t\t\t\t\t>\n\t\t\t\t\t\t<div class=\"ngg-gallery-thumbnail\">\n\t\t\t<a href=\"https:\/\/www.ladislavjakl.cz\/wp-content\/gallery\/1a2semi2016\/image1.JPG\"\n\t\t\t\ttitle=\"\"\n\t\t\t\tdata-src=\"https:\/\/www.ladislavjakl.cz\/wp-content\/gallery\/1a2semi2016\/image1.JPG\"\n\t\t\t\tdata-thumbnail=\"https:\/\/www.ladislavjakl.cz\/wp-content\/gallery\/1a2semi2016\/thumbs\/thumbs_image1.JPG\"\n\t\t\t\tdata-image-id=\"546\"\n\t\t\t\tdata-title=\"image1\"\n\t\t\t\tdata-description=\"\"\n\t\t\t\tdata-image-slug=\"image1-1\"\n\t\t\t\tclass=\"shutterset_a63c7f53d983032eb8fd38c8a7984509\">\n\t\t\t\t<img\n\t\t\t\t\ttitle=\"image1\"\n\t\t\t\t\talt=\"image1\"\n\t\t\t\t\tsrc=\"https:\/\/www.ladislavjakl.cz\/wp-content\/gallery\/1a2semi2016\/thumbs\/thumbs_image1.JPG\"\n\t\t\t\t\twidth=\"100\"\n\t\t\t\t\theight=\"75\"\n\t\t\t\t\tstyle=\"max-width:100%;\"\n\t\t\t\t\/>\n\t\t\t<\/a>\n\t\t<\/div>\n\t\t\t\t\t\t\t<\/div>\n\t\t\t\n\t\t\n\t\t\t\t<div id=\"ngg-image-1\" class=\"ngg-gallery-thumbnail-box\"\n\t\t\t\t\t\t\t\t\t\t\t>\n\t\t\t\t\t\t<div class=\"ngg-gallery-thumbnail\">\n\t\t\t<a href=\"https:\/\/www.ladislavjakl.cz\/wp-content\/gallery\/1a2semi2016\/IMG_3077.JPG\"\n\t\t\t\ttitle=\" \"\n\t\t\t\tdata-src=\"https:\/\/www.ladislavjakl.cz\/wp-content\/gallery\/1a2semi2016\/IMG_3077.JPG\"\n\t\t\t\tdata-thumbnail=\"https:\/\/www.ladislavjakl.cz\/wp-content\/gallery\/1a2semi2016\/thumbs\/thumbs_IMG_3077.JPG\"\n\t\t\t\tdata-image-id=\"547\"\n\t\t\t\tdata-title=\"IMG_3077\"\n\t\t\t\tdata-description=\" \"\n\t\t\t\tdata-image-slug=\"img_3077\"\n\t\t\t\tclass=\"shutterset_a63c7f53d983032eb8fd38c8a7984509\">\n\t\t\t\t<img\n\t\t\t\t\ttitle=\"IMG_3077\"\n\t\t\t\t\talt=\"IMG_3077\"\n\t\t\t\t\tsrc=\"https:\/\/www.ladislavjakl.cz\/wp-content\/gallery\/1a2semi2016\/thumbs\/thumbs_IMG_3077.JPG\"\n\t\t\t\t\twidth=\"100\"\n\t\t\t\t\theight=\"75\"\n\t\t\t\t\tstyle=\"max-width:100%;\"\n\t\t\t\t\/>\n\t\t\t<\/a>\n\t\t<\/div>\n\t\t\t\t\t\t\t<\/div>\n\t\t\t\n\t\t\n\t\t\t\t<div id=\"ngg-image-2\" class=\"ngg-gallery-thumbnail-box\"\n\t\t\t\t\t\t\t\t\t\t\t>\n\t\t\t\t\t\t<div class=\"ngg-gallery-thumbnail\">\n\t\t\t<a href=\"https:\/\/www.ladislavjakl.cz\/wp-content\/gallery\/1a2semi2016\/IMG_3078.JPG\"\n\t\t\t\ttitle=\" \"\n\t\t\t\tdata-src=\"https:\/\/www.ladislavjakl.cz\/wp-content\/gallery\/1a2semi2016\/IMG_3078.JPG\"\n\t\t\t\tdata-thumbnail=\"https:\/\/www.ladislavjakl.cz\/wp-content\/gallery\/1a2semi2016\/thumbs\/thumbs_IMG_3078.JPG\"\n\t\t\t\tdata-image-id=\"548\"\n\t\t\t\tdata-title=\"IMG_3078\"\n\t\t\t\tdata-description=\" \"\n\t\t\t\tdata-image-slug=\"img_3078\"\n\t\t\t\tclass=\"shutterset_a63c7f53d983032eb8fd38c8a7984509\">\n\t\t\t\t<img\n\t\t\t\t\ttitle=\"IMG_3078\"\n\t\t\t\t\talt=\"IMG_3078\"\n\t\t\t\t\tsrc=\"https:\/\/www.ladislavjakl.cz\/wp-content\/gallery\/1a2semi2016\/thumbs\/thumbs_IMG_3078.JPG\"\n\t\t\t\t\twidth=\"100\"\n\t\t\t\t\theight=\"75\"\n\t\t\t\t\tstyle=\"max-width:100%;\"\n\t\t\t\t\/>\n\t\t\t<\/a>\n\t\t<\/div>\n\t\t\t\t\t\t\t<\/div>\n\t\t\t\n\t\t\n\t\t\t\t<div id=\"ngg-image-3\" class=\"ngg-gallery-thumbnail-box\"\n\t\t\t\t\t\t\t\t\t\t\t>\n\t\t\t\t\t\t<div class=\"ngg-gallery-thumbnail\">\n\t\t\t<a href=\"https:\/\/www.ladislavjakl.cz\/wp-content\/gallery\/1a2semi2016\/IMG_3080.JPG\"\n\t\t\t\ttitle=\" \"\n\t\t\t\tdata-src=\"https:\/\/www.ladislavjakl.cz\/wp-content\/gallery\/1a2semi2016\/IMG_3080.JPG\"\n\t\t\t\tdata-thumbnail=\"https:\/\/www.ladislavjakl.cz\/wp-content\/gallery\/1a2semi2016\/thumbs\/thumbs_IMG_3080.JPG\"\n\t\t\t\tdata-image-id=\"549\"\n\t\t\t\tdata-title=\"IMG_3080\"\n\t\t\t\tdata-description=\" \"\n\t\t\t\tdata-image-slug=\"img_3080\"\n\t\t\t\tclass=\"shutterset_a63c7f53d983032eb8fd38c8a7984509\">\n\t\t\t\t<img\n\t\t\t\t\ttitle=\"IMG_3080\"\n\t\t\t\t\talt=\"IMG_3080\"\n\t\t\t\t\tsrc=\"https:\/\/www.ladislavjakl.cz\/wp-content\/gallery\/1a2semi2016\/thumbs\/thumbs_IMG_3080.JPG\"\n\t\t\t\t\twidth=\"100\"\n\t\t\t\t\theight=\"75\"\n\t\t\t\t\tstyle=\"max-width:100%;\"\n\t\t\t\t\/>\n\t\t\t<\/a>\n\t\t<\/div>\n\t\t\t\t\t\t\t<\/div>\n\t\t\t\n\t\t\n\t\t\t\t<div id=\"ngg-image-4\" class=\"ngg-gallery-thumbnail-box\"\n\t\t\t\t\t\t\t\t\t\t\t>\n\t\t\t\t\t\t<div class=\"ngg-gallery-thumbnail\">\n\t\t\t<a href=\"https:\/\/www.ladislavjakl.cz\/wp-content\/gallery\/1a2semi2016\/IMG_3082.JPG\"\n\t\t\t\ttitle=\" \"\n\t\t\t\tdata-src=\"https:\/\/www.ladislavjakl.cz\/wp-content\/gallery\/1a2semi2016\/IMG_3082.JPG\"\n\t\t\t\tdata-thumbnail=\"https:\/\/www.ladislavjakl.cz\/wp-content\/gallery\/1a2semi2016\/thumbs\/thumbs_IMG_3082.JPG\"\n\t\t\t\tdata-image-id=\"550\"\n\t\t\t\tdata-title=\"IMG_3082\"\n\t\t\t\tdata-description=\" \"\n\t\t\t\tdata-image-slug=\"img_3082\"\n\t\t\t\tclass=\"shutterset_a63c7f53d983032eb8fd38c8a7984509\">\n\t\t\t\t<img\n\t\t\t\t\ttitle=\"IMG_3082\"\n\t\t\t\t\talt=\"IMG_3082\"\n\t\t\t\t\tsrc=\"https:\/\/www.ladislavjakl.cz\/wp-content\/gallery\/1a2semi2016\/thumbs\/thumbs_IMG_3082.JPG\"\n\t\t\t\t\twidth=\"100\"\n\t\t\t\t\theight=\"75\"\n\t\t\t\t\tstyle=\"max-width:100%;\"\n\t\t\t\t\/>\n\t\t\t<\/a>\n\t\t<\/div>\n\t\t\t\t\t\t\t<\/div>\n\t\t\t\n\t\t\n\t\t\t\t<div id=\"ngg-image-5\" class=\"ngg-gallery-thumbnail-box\"\n\t\t\t\t\t\t\t\t\t\t\t>\n\t\t\t\t\t\t<div class=\"ngg-gallery-thumbnail\">\n\t\t\t<a href=\"https:\/\/www.ladislavjakl.cz\/wp-content\/gallery\/1a2semi2016\/IMG_3087.JPG\"\n\t\t\t\ttitle=\" \"\n\t\t\t\tdata-src=\"https:\/\/www.ladislavjakl.cz\/wp-content\/gallery\/1a2semi2016\/IMG_3087.JPG\"\n\t\t\t\tdata-thumbnail=\"https:\/\/www.ladislavjakl.cz\/wp-content\/gallery\/1a2semi2016\/thumbs\/thumbs_IMG_3087.JPG\"\n\t\t\t\tdata-image-id=\"551\"\n\t\t\t\tdata-title=\"IMG_3087\"\n\t\t\t\tdata-description=\" \"\n\t\t\t\tdata-image-slug=\"img_3087\"\n\t\t\t\tclass=\"shutterset_a63c7f53d983032eb8fd38c8a7984509\">\n\t\t\t\t<img\n\t\t\t\t\ttitle=\"IMG_3087\"\n\t\t\t\t\talt=\"IMG_3087\"\n\t\t\t\t\tsrc=\"https:\/\/www.ladislavjakl.cz\/wp-content\/gallery\/1a2semi2016\/thumbs\/thumbs_IMG_3087.JPG\"\n\t\t\t\t\twidth=\"100\"\n\t\t\t\t\theight=\"75\"\n\t\t\t\t\tstyle=\"max-width:100%;\"\n\t\t\t\t\/>\n\t\t\t<\/a>\n\t\t<\/div>\n\t\t\t\t\t\t\t<\/div>\n\t\t\t\n\t\t\n\t\t\n\t\t<!-- Pagination -->\n\t\t<div class='ngg-clear'><\/div>\t<\/div>\n<\/p>\n","protected":false},"excerpt":{"rendered":"<p>Ve dnech 4. a 18. \u0159\u00edjna prob\u011bhla semifin\u00e1le leto\u0161n\u00edho ro\u010dn\u00edku Prvn\u00ed pivn\u00ed extraligy, kter\u00e1 rozhodla o finalistech pro rok 2016.\u00a0A je t\u0159eba podotknout, \u017ee situace na \u010dele \u010desk\u00e9ho le\u017e\u00e1kov\u00e9ho pelotonu se za\u010d\u00edn\u00e1 stabilizovat.<\/p>\n","protected":false},"author":1,"featured_media":0,"comment_status":"open","ping_status":"open","sticky":false,"template":"","format":"standard","meta":{"ngg_post_thumbnail":0,"footnotes":""},"categories":[20],"tags":[],"class_list":["post-7347","post","type-post","status-publish","format-standard","hentry","category-pivo"],"_links":{"self":[{"href":"https:\/\/www.ladislavjakl.cz\/index.php?rest_route=\/wp\/v2\/posts\/7347","targetHints":{"allow":["GET"]}}],"collection":[{"href":"https:\/\/www.ladislavjakl.cz\/index.php?rest_route=\/wp\/v2\/posts"}],"about":[{"href":"https:\/\/www.ladislavjakl.cz\/index.php?rest_route=\/wp\/v2\/types\/post"}],"author":[{"embeddable":true,"href":"https:\/\/www.ladislavjakl.cz\/index.php?rest_route=\/wp\/v2\/users\/1"}],"replies":[{"embeddable":true,"href":"https:\/\/www.ladislavjakl.cz\/index.php?rest_route=%2Fwp%2Fv2%2Fcomments&post=7347"}],"version-history":[{"count":1,"href":"https:\/\/www.ladislavjakl.cz\/index.php?rest_route=\/wp\/v2\/posts\/7347\/revisions"}],"predecessor-version":[{"id":7363,"href":"https:\/\/www.ladislavjakl.cz\/index.php?rest_route=\/wp\/v2\/posts\/7347\/revisions\/7363"}],"wp:attachment":[{"href":"https:\/\/www.ladislavjakl.cz\/index.php?rest_route=%2Fwp%2Fv2%2Fmedia&parent=7347"}],"wp:term":[{"taxonomy":"category","embeddable":true,"href":"https:\/\/www.ladislavjakl.cz\/index.php?rest_route=%2Fwp%2Fv2%2Fcategories&post=7347"},{"taxonomy":"post_tag","embeddable":true,"href":"https:\/\/www.ladislavjakl.cz\/index.php?rest_route=%2Fwp%2Fv2%2Ftags&post=7347"}],"curies":[{"name":"wp","href":"https:\/\/api.w.org\/{rel}","templated":true}]}}