{"id":7368,"date":"2016-11-23T09:25:26","date_gmt":"2016-11-23T08:25:26","guid":{"rendered":"http:\/\/www.ladislavjakl.cz\/?p=7368"},"modified":"2016-11-23T09:25:50","modified_gmt":"2016-11-23T08:25:50","slug":"finale-2016-pivem-roku-je-breznak","status":"publish","type":"post","link":"https:\/\/www.ladislavjakl.cz\/?p=7368","title":{"rendered":"Fin\u00e1le 2016  Pivem roku je B\u0159ez\u0148\u00e1k!"},"content":{"rendered":"<p>Dramatickou fin\u00e1lovou degustac\u00ed v\u010dera vyvrcholil sedm\u00fd ro\u010dn\u00edk Prvn\u00ed pivn\u00ed extraligy, nez\u00e1visl\u00e9ho spot\u0159ebitelsk\u00e9ho testu v\u0161ech \u010desk\u00fdch le\u017e\u00e1k\u016f, kter\u00e9 lze koupit v\u00a0b\u011b\u017en\u00e9 obchodn\u00ed s\u00edti. A v\u00edt\u011bzem se o jedin\u00fd bod stal B\u0159ez\u0148\u00e1k z\u00a0pivovaru Velk\u00e9 B\u0159ezno skupiny Heineken. Na stupn\u011b v\u00edt\u011bz\u016f ho doprovodil na druh\u00e9m m\u00edst\u011b p\u0159erovsk\u00fd Zubr (v\u00edt\u011bz z\u00a0roku 2010) a no\u0161ovick\u00fd Radegast (v\u00edt\u011bz z\u00a0let 2013 a 2014).<\/p>\n<p><!--more--><\/p>\n<p>Slavnostn\u00ed degustace byla ozdobena z\u00e1stupy dvou pivovarn\u00edk\u016f a davem t\u0159\u00ed novin\u00e1\u0159\u016f. Jednoho z\u00a0nich ale po\u010d\u00edtat nelze, nebo\u0165 \u0161\u00e9fredaktor \u010dasopisu Pivo, Bier &amp; Ale Pavel Borowiec zasedl do poroty jako hostuj\u00edc\u00ed degust\u00e9r. \u00davodn\u00ed projev p\u0159ednesl prezident Ladislav Jakl, kter\u00fd nast\u00ednil ideologick\u00e9, duchovn\u00ed a mravn\u00ed z\u00e1klady PPE. Po n\u011bm viceprezident Honza \u0160ur\u00e1\u0148 \u0159ekl, jak se to pivo m\u00e1 hodnotit.<\/p>\n<p>Fin\u00e1le bylo velmi vyrovnan\u00e9, jednotliv\u00e9 vzorky od sebe v\u011bt\u0161inou d\u011blil jedin\u00fd bod. Vyrovnan\u00e9 bylo i hodnocen\u00ed v\u0161ech osmi porotc\u016f, kte\u0159\u00ed se vz\u00e1cn\u011b shodli na\u00a0p\u0159\u00edsnosti metru, kter\u00fd zvolili, i kdy\u017e v\u00a0hodnocen\u00ed jednotliv\u00fdch piv se n\u011bkte\u0159\u00ed m\u00edsty rozch\u00e1zeli.<\/p>\n<p>U\u017e slo\u017een\u00ed fin\u00e1lov\u00e9 des\u00edtky nazna\u010dilo, \u017ee situace na \u010dele \u010desk\u00e9ho le\u017e\u00e1kov\u00e9ho pelotonu se za\u010d\u00edn\u00e1 stabilizovat. V\u017edy\u0165 \u0161est z\u00a0leto\u0161n\u00edch finalist\u016f bylo ve fin\u00e1le i loni! Jsou to Zubr, Radegast, Starobrno, Louny, Rycht\u00e1\u0159 a Konrad. Mezi finalisty byli i t\u0159i z\u00a0celkov\u00fdch v\u00edt\u011bz\u016f n\u011bkter\u00e9ho z\u00a0minul\u00fdch ro\u010dn\u00edk\u016f (Zubr, Radegast, Rycht\u00e1\u0159). N\u011bkdy o postupuj\u00edc\u00edm u\u017e do semifin\u00e1le a pak znovu do fin\u00e1le rozhoduje t\u0159eba jen bod\u00edk a v\u00fdsledky pak vypadaj\u00ed n\u00e1hodn\u011b \u2013 \u017ee mohly dopadnout t\u0159eba i \u00fapln\u011b jinak. T\u0159eba mohly. Ale opakovan\u00e9 \u00fasp\u011bchy n\u011bkter\u00fdch zna\u010dek n\u00e1hodn\u00e9 b\u00fdt nemohou.\u00a0 N\u011bkde prost\u011b um\u011bj\u00ed dr\u017eet svou kvalitu bez v\u00fdkyv\u016f a je vid\u011bt, \u017ee se u nich pracuje dob\u0159e.<\/p>\n<p>Z\u00a0firem je t\u0159eba upozornit na opakovan\u00e9 velmi dobr\u00e9 zastoupen\u00ed Heinekenu ve fin\u00e1le, op\u011bt m\u011bl v\u00a0ohni t\u0159i \u017eel\u00edzka, z\u00a0toho jedno se ze \u017eeleza prom\u011bnilo ve zlato. Fin\u00e1le se nepovedlo le\u017e\u00e1ku Lobkowicz, vzorek byl kaln\u00fd a vykazoval senzorick\u00e9 vady.<\/p>\n<p>B\u0159ez\u0148\u00e1k (m\u00e4rzen) bylo p\u016fvodn\u011b ozna\u010den\u00ed pivn\u00edho stylu, ur\u010dit\u00e9ho p\u0159edch\u016fdce dne\u0161n\u00edch le\u017e\u00e1k\u016f. Je hezk\u00e9, \u017ee si tento term\u00edn m\u016f\u017eeme p\u0159ipomenout v\u00a0nov\u00e9, velmi slavn\u00e9 p\u0159\u00edle\u017eitosti.<\/p>\n<p>&nbsp;<\/p>\n<p><strong>\u00a0 V\u00fdsledky fin\u00e1le PPE za rok 2016<\/strong><\/p>\n<table style=\"height: 295px;\" width=\"411\">\n<tbody>\n<tr>\n<td width=\"64\">1.<\/td>\n<td width=\"91\">B\u0159ez\u0148\u00e1k<\/td>\n<td width=\"107\">Velk\u00e9 B\u0159ezno<\/td>\n<td width=\"151\">Heineken<\/td>\n<td width=\"41\">26<\/td>\n<\/tr>\n<tr>\n<td>2.<\/td>\n<td>Zubr<\/td>\n<td>P\u0159erov<\/td>\n<td>PMS<\/td>\n<td>27<\/td>\n<\/tr>\n<tr>\n<td>3.<\/td>\n<td>Radegast<\/td>\n<td>No\u0161ovice<\/td>\n<td>Plze\u0148sk\u00fd Prazdroj<\/td>\n<td>28<\/td>\n<\/tr>\n<tr>\n<td>4.<\/td>\n<td>Staropramen<\/td>\n<td>Praha<\/td>\n<td>Pivovary Staropramen<\/td>\n<td>30<\/td>\n<\/tr>\n<tr>\n<td>5.<\/td>\n<td>Louny<\/td>\n<td>Kru\u0161ovice<\/td>\n<td>Heineken<\/td>\n<td>31<\/td>\n<\/tr>\n<tr>\n<td>6.<\/td>\n<td>Litovel<\/td>\n<td>Litovel<\/td>\n<td>PMS<\/td>\n<td>32<\/td>\n<\/tr>\n<tr>\n<td>7.<\/td>\n<td>Konrad<\/td>\n<td>Vratislavice<\/td>\n<td>Hols<\/td>\n<td>33<\/td>\n<\/tr>\n<tr>\n<td>8.<\/td>\n<td>Rycht\u00e1\u0159<\/td>\n<td>Hlinsko<\/td>\n<td>Lobkowicz<\/td>\n<td>33<\/td>\n<\/tr>\n<tr>\n<td>9.<\/td>\n<td>Starobrno<\/td>\n<td>Brno<\/td>\n<td>Heineken<\/td>\n<td>34<\/td>\n<\/tr>\n<tr>\n<td>10.<\/td>\n<td>Lobkowicz<\/td>\n<td>Protiv\u00edn<\/td>\n<td>Lobkowicz<\/td>\n<td>35<\/td>\n<\/tr>\n<\/tbody>\n<\/table>\n<p><img loading=\"lazy\" decoding=\"async\" class=\"alignnone wp-image-7369\" src=\"https:\/\/www.ladislavjakl.cz\/wp-content\/uploads\/2016\/11\/finale2016-768x576.png\" alt=\"Fin\u00e1le PPE 2016\" width=\"413\" height=\"310\" srcset=\"https:\/\/www.ladislavjakl.cz\/wp-content\/uploads\/2016\/11\/finale2016-768x576.png 768w, https:\/\/www.ladislavjakl.cz\/wp-content\/uploads\/2016\/11\/finale2016-768x576-264x198.png 264w\" sizes=\"auto, (max-width: 413px) 100vw, 413px\" \/><\/p>\n<p>text a foto: Ladislav Jakl, prezident PPE<\/p>\n<p><a href=\"http:\/\/www.prvnipivniextraliga.cz\/cesky-lezak\/finale-2016-pivem-roku-je-breznak\/\">Zdroj<\/a><\/p>\n","protected":false},"excerpt":{"rendered":"<p>Dramatickou fin\u00e1lovou degustac\u00ed v\u010dera vyvrcholil sedm\u00fd ro\u010dn\u00edk Prvn\u00ed pivn\u00ed extraligy, nez\u00e1visl\u00e9ho spot\u0159ebitelsk\u00e9ho testu v\u0161ech \u010desk\u00fdch le\u017e\u00e1k\u016f, kter\u00e9 lze koupit v\u00a0b\u011b\u017en\u00e9 obchodn\u00ed s\u00edti. A v\u00edt\u011bzem se o jedin\u00fd bod stal B\u0159ez\u0148\u00e1k z\u00a0pivovaru Velk\u00e9 B\u0159ezno skupiny Heineken. Na stupn\u011b v\u00edt\u011bz\u016f ho doprovodil na druh\u00e9m m\u00edst\u011b p\u0159erovsk\u00fd Zubr (v\u00edt\u011bz z\u00a0roku 2010) a no\u0161ovick\u00fd Radegast (v\u00edt\u011bz z\u00a0let 2013 a [&hellip;]<\/p>\n","protected":false},"author":1,"featured_media":0,"comment_status":"open","ping_status":"open","sticky":false,"template":"","format":"standard","meta":{"ngg_post_thumbnail":0,"footnotes":""},"categories":[20],"tags":[],"class_list":["post-7368","post","type-post","status-publish","format-standard","hentry","category-pivo"],"_links":{"self":[{"href":"https:\/\/www.ladislavjakl.cz\/index.php?rest_route=\/wp\/v2\/posts\/7368","targetHints":{"allow":["GET"]}}],"collection":[{"href":"https:\/\/www.ladislavjakl.cz\/index.php?rest_route=\/wp\/v2\/posts"}],"about":[{"href":"https:\/\/www.ladislavjakl.cz\/index.php?rest_route=\/wp\/v2\/types\/post"}],"author":[{"embeddable":true,"href":"https:\/\/www.ladislavjakl.cz\/index.php?rest_route=\/wp\/v2\/users\/1"}],"replies":[{"embeddable":true,"href":"https:\/\/www.ladislavjakl.cz\/index.php?rest_route=%2Fwp%2Fv2%2Fcomments&post=7368"}],"version-history":[{"count":2,"href":"https:\/\/www.ladislavjakl.cz\/index.php?rest_route=\/wp\/v2\/posts\/7368\/revisions"}],"predecessor-version":[{"id":7371,"href":"https:\/\/www.ladislavjakl.cz\/index.php?rest_route=\/wp\/v2\/posts\/7368\/revisions\/7371"}],"wp:attachment":[{"href":"https:\/\/www.ladislavjakl.cz\/index.php?rest_route=%2Fwp%2Fv2%2Fmedia&parent=7368"}],"wp:term":[{"taxonomy":"category","embeddable":true,"href":"https:\/\/www.ladislavjakl.cz\/index.php?rest_route=%2Fwp%2Fv2%2Fcategories&post=7368"},{"taxonomy":"post_tag","embeddable":true,"href":"https:\/\/www.ladislavjakl.cz\/index.php?rest_route=%2Fwp%2Fv2%2Ftags&post=7368"}],"curies":[{"name":"wp","href":"https:\/\/api.w.org\/{rel}","templated":true}]}}