{"id":7372,"date":"2016-11-23T09:38:24","date_gmt":"2016-11-23T08:38:24","guid":{"rendered":"http:\/\/www.ladislavjakl.cz\/?p=7372"},"modified":"2016-11-23T09:38:24","modified_gmt":"2016-11-23T08:38:24","slug":"jakl-mit-uctu-ke-svobode-znamena-i-to-ze-muze-mit-pravdu-i-nekdo-jiny","status":"publish","type":"post","link":"https:\/\/www.ladislavjakl.cz\/?p=7372","title":{"rendered":"Jakl: M\u00edt \u00factu ke svobod\u011b znamen\u00e1 i to, \u017ee m\u016f\u017ee m\u00edt pravdu i n\u011bkdo jin\u00fd"},"content":{"rendered":"<p>M\u00edt \u00factu ke svobod\u011b znamen\u00e1 mimo jin\u00e9 i to, \u017ee strp\u00edm, kdy\u017e se v\u011bci zrovna nevyv\u00edjej\u00ed podle m\u00e9ho, kdy\u017e ostatn\u00ed lid\u00e9 sleduj\u00ed sv\u00e9 vlastn\u00ed c\u00edle a \u0161t\u011bst\u00ed, \u0159\u00edk\u00e1 v rozhovoru pro Prvnizpravy.cz Ladislav Jakl.<\/p>\n<p><!--more--><\/p>\n<p><b>Jak vid\u00edte 17.listopad 1989 z dne\u0161n\u00edho pohledu?<\/b><br \/>\nJ\u00e1 jsem se demonstrace, kter\u00e1\u00a0 17. listopadu 1989 vykro\u010dila z Albertova, osobn\u011b z\u00fa\u010dastnil, tak v\u00edm, \u017ee ten den \u017e\u00e1dn\u00fd komismus nepadl a drtiv\u00e1 v\u011bt\u0161ina ob\u010dan\u016f \u010ceskoslovenska se druh\u00fd den probudila do \u00fapln\u011b stejn\u00e9 reality hus\u00e1kovsk\u00e9ho re\u017eimu, jako kter\u00fdkoli den p\u0159edt\u00edm.<\/p>\n<p>\u0158\u00edk\u00e1me-li tedy 17. listopad 1989, mysl\u00edme to trochu symbolicky. A tou symbolikou p\u00e1d komunismu je, i kdy\u017e ten p\u00e1d tehdy fakticky trval \u0159adu n\u00e1sleduj\u00edc\u00edch dn\u016f, t\u00fddn\u016f a m\u011bs\u00edc\u016f.<\/p>\n<p>Historick\u00e9 ud\u00e1losti se sou\u010dasn\u00fdma o\u010dima moc pom\u011b\u0159ovat nemaj\u00ed, ale bylo-li tehdy c\u00edlem skoncovat se syst\u00e9mem, kdy st\u00e1t \u0159\u00eddil v\u0161e a svoboda jedince byla po\u0161lap\u00e1v\u00e1na, pak je dnes se smutkem asi t\u0159eba \u0159\u00edci, \u017ee st\u00e1t op\u011bt mohutn\u00ed a to pr\u00e1v\u011b na \u00fakor svobody n\u00e1s v\u0161ech.<\/p>\n<p>V\u0161echny nedemokratick\u00e9 re\u017eimy v d\u011bjin\u00e1ch neza\u010daly viditeln\u00fdm zlem, \u00fatlakem a n\u00e1sil\u00edm. Za\u010daly touhou lid\u00ed po zaru\u010den\u00e9m \u0161t\u011bst\u00ed a jistot\u00e1ch. A lid\u00e9 opakovan\u011b propadali pocitu, \u017ee ve svobodn\u00e9m prost\u0159ed\u00ed, kde si ka\u017ed\u00fd d\u011bl\u00e1 co chce, nen\u00ed mo\u017en\u00e9 v\u0161eobecn\u00e9ho dobra doc\u00edlit. Tak\u017ee si vlastn\u011b diktatury sami objedn\u00e1vali a podporovali jejich n\u00e1stup. A kdy\u017e poznali, \u017ee se sem\u00edlaj\u00ed v\u0161ichni navz\u00e1jem, b\u00fdvalo u\u017e pozd\u011b. Zd\u00e1 se mi, \u017ee se v\u0161e zase opakuje.<\/p>\n<p><b>Uspokojuje v\u00e1s polistopadov\u00fd v\u00fdvoj?<\/b><br \/>\nJist\u011b\u017ee jsem r\u00e1d, \u017ee u\u017e nepanuje vl\u00e1da jedn\u00e9 strany a \u017ee st\u00e1t nevyr\u00e1b\u00ed a neprod\u00e1v\u00e1 v\u0161e od housky \u010di sirek po auta a n\u00e1bytek. To jsem si n\u011bkdy v roce 1980 p\u0159edstavoval jen velmi t\u011b\u017eko. Ale v roce 1990 jsem si zas t\u011b\u017eko p\u0159edstavoval , jak lidi zase jednou budou fandit tomu, aby st\u00e1t mohl kontrolovat a \u0161ikanovat, koho se mu zachce.<\/p>\n<p>M\u00edt \u00factu ke svobod\u011b znamen\u00e1 mimo jin\u00e9 i to, \u017ee strp\u00edm, kdy\u017e se v\u011bci zrovna nevyv\u00edjej\u00ed podle m\u00e9ho, kdy\u017e ostatn\u00ed lid\u00e9 sleduj\u00ed sv\u00e9 vlastn\u00ed c\u00edle a \u0161t\u011bst\u00ed. Pokud ale m\u00e1m dojem, \u017ee v\u00edm, jak ostatn\u00ed maj\u00ed b\u00fdt \u0161\u0165astni, a tuto svou p\u0159edstavu jim za\u010dnu vnucovat, pak svobodu ni\u010d\u00edm.<br \/>\n<a href=\"http:\/\/prvnizpravy.parlamentnilisty.cz\/zpravy\/politika\/jakl-mit-uctu-ke-svobode-znamena-i-to-ze-muze-mit-pravdu-i-nekdo-jiny\/\">Zdroj<\/a><\/p>\n<div align=\"right\"><i>\u00a0(rp,prvnizpravy.cz,foto:ps)<\/i><\/div>\n","protected":false},"excerpt":{"rendered":"<p>M\u00edt \u00factu ke svobod\u011b znamen\u00e1 mimo jin\u00e9 i to, \u017ee strp\u00edm, kdy\u017e se v\u011bci zrovna nevyv\u00edjej\u00ed podle m\u00e9ho, kdy\u017e ostatn\u00ed lid\u00e9 sleduj\u00ed sv\u00e9 vlastn\u00ed c\u00edle a \u0161t\u011bst\u00ed, \u0159\u00edk\u00e1 v rozhovoru pro Prvnizpravy.cz Ladislav Jakl.<\/p>\n","protected":false},"author":1,"featured_media":0,"comment_status":"open","ping_status":"open","sticky":false,"template":"","format":"standard","meta":{"ngg_post_thumbnail":0,"footnotes":""},"categories":[13],"tags":[],"class_list":["post-7372","post","type-post","status-publish","format-standard","hentry","category-rozhovory"],"_links":{"self":[{"href":"https:\/\/www.ladislavjakl.cz\/index.php?rest_route=\/wp\/v2\/posts\/7372","targetHints":{"allow":["GET"]}}],"collection":[{"href":"https:\/\/www.ladislavjakl.cz\/index.php?rest_route=\/wp\/v2\/posts"}],"about":[{"href":"https:\/\/www.ladislavjakl.cz\/index.php?rest_route=\/wp\/v2\/types\/post"}],"author":[{"embeddable":true,"href":"https:\/\/www.ladislavjakl.cz\/index.php?rest_route=\/wp\/v2\/users\/1"}],"replies":[{"embeddable":true,"href":"https:\/\/www.ladislavjakl.cz\/index.php?rest_route=%2Fwp%2Fv2%2Fcomments&post=7372"}],"version-history":[{"count":1,"href":"https:\/\/www.ladislavjakl.cz\/index.php?rest_route=\/wp\/v2\/posts\/7372\/revisions"}],"predecessor-version":[{"id":7373,"href":"https:\/\/www.ladislavjakl.cz\/index.php?rest_route=\/wp\/v2\/posts\/7372\/revisions\/7373"}],"wp:attachment":[{"href":"https:\/\/www.ladislavjakl.cz\/index.php?rest_route=%2Fwp%2Fv2%2Fmedia&parent=7372"}],"wp:term":[{"taxonomy":"category","embeddable":true,"href":"https:\/\/www.ladislavjakl.cz\/index.php?rest_route=%2Fwp%2Fv2%2Fcategories&post=7372"},{"taxonomy":"post_tag","embeddable":true,"href":"https:\/\/www.ladislavjakl.cz\/index.php?rest_route=%2Fwp%2Fv2%2Ftags&post=7372"}],"curies":[{"name":"wp","href":"https:\/\/api.w.org\/{rel}","templated":true}]}}