{"id":738,"date":"2010-12-30T11:24:07","date_gmt":"2010-12-30T10:24:07","guid":{"rendered":"http:\/\/www.ladislavjakl.cz\/?p=738"},"modified":"2010-12-30T11:24:07","modified_gmt":"2010-12-30T10:24:07","slug":"kez-by-se-oteplilo-nebo-radeji-ne%e2%80%a6","status":"publish","type":"post","link":"https:\/\/www.ladislavjakl.cz\/?p=738","title":{"rendered":"K\u00e9\u017e by se oteplilo! Nebo rad\u011bji ne\u2026"},"content":{"rendered":"<p>Kosa jak svi\u0148a. Vlaky stoj\u00ed, letadla nel\u00e9taj\u00ed, auta  kon\u010d\u00ed v\u00a0z\u00e1v\u011bj\u00edch, kamiony a autobusy \u00a0uv\u00edzl\u00e9 na ledovk\u00e1ch, bezdomovci  mrznou, domovci plat\u00ed za teplo jak vztekl\u00ed. K\u00e9\u017e by se glob\u00e1ln\u011b oteplilo!<\/p>\n<p><a name=\"t2\"><\/a><\/p>\n<div>\n<p><!--more--><\/p>\n<p>V r\u00e1mci \u010cesk\u00e9 republiky stoj\u00ed jeden den na posypu silnic a odhrnov\u00e1n\u00ed  sn\u011bhu z\u00a0nich kolem miliardy korun. Za jeden den! Kdyby se oteplilo jen  malilinko, t\u0159eba tak, \u017ee by po\u010det sn\u011bhov\u00fdch dn\u016f v\u00a0nadmo\u0159sk\u00e9 v\u00fd\u0161ce 300 m  klesl za sez\u00f3nu o deset, d\u011blalo by to deset miliard ro\u010dn\u011b. P\u011bt set  miliard za pades\u00e1t let, na kter\u00e9 je rozpo\u010d\u00edt\u00e1n protioteplovac\u00ed program  EU. K\u00a0tomu o zhruba 125 miliard m\u00e9n\u011b za opravy zimou poni\u010den\u00fdch silnic.  Dal\u0161\u00ed miliardy by se u\u0161et\u0159ily d\u00edky ni\u017e\u0161\u00edm \u0161kod\u00e1m vznikl\u00fdm v zim\u011b  nedod\u00e1n\u00edm z\u00e1silek a n\u00e1klad\u016f. Miliardy a miliardy u\u0161et\u0159en\u00e9 na n\u00e1kladech  za vyt\u00e1p\u011bn\u00ed. A jist\u011b by si ka\u017ed\u00fd za sv\u016fj obor dosadil dal\u0161\u00ed ohromn\u00e9  \u010d\u00e1stky, kter\u00e9 by se dalo u\u0161et\u0159it, kdyby zima byla jen o 10 dn\u016f krat\u0161\u00ed.<\/p>\n<p>Jsou to re\u00e1ln\u00e9 pen\u00edze. Tady a te\u010f. Za jeden den v\u00a0r\u00e1mci Evropy se  p\u0159\u00edm\u00e9 n\u00e1klady zp\u016fsoben\u00e9 mrazem pohybuj\u00ed v des\u00edtk\u00e1ch miliard (korun). To  nejsou chim\u00e9rick\u00e9 \u010d\u00e1stky, to jsou skute\u010dn\u00e9 \u0161kody. V\u010dera, dnes, z\u00edtra.  V\u0161ude kolem n\u00e1s. K\u00a0tomu ztr\u00e1ty na \u017eivotech, vliv chladu na nemocnost\u2026<\/p>\n<p>M\u00edsto toho, abychom se zamysleli nad \u0161kodami, kter\u00e9 m\u00e1me denn\u011b p\u0159ed  o\u010dima, stra\u0161\u00ed n\u00e1s m\u00e9dia a populisti\u010dt\u00ed politici \u00fadajn\u00fdmi \u0161kodami, co pr\u00fd  ur\u010dit\u011b mo\u017en\u00e1 snad p\u0159ijdou za 50 let, kdy\u017e po\u0159\u00e1dn\u011b nezaplat\u00edme.  Nepla\u0165me. Nebojujme s\u00a0teplem. Bojujme se zimou. Otev\u0159ete doma v\u0161ichni  aspo\u0148 jednu sodovku denn\u011b, a\u0165 se do vzduchu dostane n\u011bjak\u00fd ten kysli\u010dn\u00edk  uhli\u010dit\u00fd, kter\u00fd n\u00e1s pr\u00fd otepluje!<\/p>\n<p>I kdy\u017e&#8230; Ono pr\u00fd zas p\u0159ijde l\u00e9to. Je to tak \u00fadajn\u011b ka\u017ed\u00fd rok. A to  n\u00e1s zase bude \u0161tv\u00e1t vedro. A n\u00e1klady na provoz klimatizace. A ledni\u010dek. A  na chlazen\u00ed piva. Tak\u017ee ono by to cht\u011blo v\u00a0zim\u011b oteplovat a v\u00a0l\u00e9t\u011b  ochlazovat.<\/p>\n<p>A nebo to nechat plavat. V\u017edycky n\u011bjak bylo, v\u017edycky n\u011bjak bude. Bu\u010f  si vezmeme tepl\u00e9 pono\u017eky, nebo sand\u00e1ly. Je to lep\u0161\u00ed ne\u017e zkou\u0161et porou\u010det  v\u011btrude\u0161ti za ohromn\u00e9 prachy, kter\u00e9 komusi kon\u010d\u00ed v\u00a0kaps\u00e1ch.<\/p>\n<p>Jen\u017ee &#8211; to se mi to p\u00ed\u0161e, p\u011bkn\u011b v\u00a0teple. A\u017e vylezu ven a bude mi  mrznout nos, taky budu m\u00edt chu\u0165 porou\u010det. Pak mi p\u0159ipome\u0148te tyhlety m\u00e9  \u0159\u00e1dky.<\/p>\n<p><a href=\"http:\/\/jakl.blog.idnes.cz\/c\/170325\/Kez-by-se-oteplilo-Nebo-radeji-ne.html\" target=\"_blank\">Zdroj<\/a><\/div>\n","protected":false},"excerpt":{"rendered":"<p>Kosa jak svi\u0148a. Vlaky stoj\u00ed, letadla nel\u00e9taj\u00ed, auta kon\u010d\u00ed v\u00a0z\u00e1v\u011bj\u00edch, kamiony a autobusy \u00a0uv\u00edzl\u00e9 na ledovk\u00e1ch, bezdomovci mrznou, domovci plat\u00ed za teplo jak vztekl\u00ed. K\u00e9\u017e by se glob\u00e1ln\u011b oteplilo!<\/p>\n","protected":false},"author":1,"featured_media":0,"comment_status":"open","ping_status":"open","sticky":false,"template":"","format":"standard","meta":{"ngg_post_thumbnail":0,"footnotes":""},"categories":[10],"tags":[],"class_list":["post-738","post","type-post","status-publish","format-standard","hentry","category-zlehka"],"_links":{"self":[{"href":"https:\/\/www.ladislavjakl.cz\/index.php?rest_route=\/wp\/v2\/posts\/738","targetHints":{"allow":["GET"]}}],"collection":[{"href":"https:\/\/www.ladislavjakl.cz\/index.php?rest_route=\/wp\/v2\/posts"}],"about":[{"href":"https:\/\/www.ladislavjakl.cz\/index.php?rest_route=\/wp\/v2\/types\/post"}],"author":[{"embeddable":true,"href":"https:\/\/www.ladislavjakl.cz\/index.php?rest_route=\/wp\/v2\/users\/1"}],"replies":[{"embeddable":true,"href":"https:\/\/www.ladislavjakl.cz\/index.php?rest_route=%2Fwp%2Fv2%2Fcomments&post=738"}],"version-history":[{"count":2,"href":"https:\/\/www.ladislavjakl.cz\/index.php?rest_route=\/wp\/v2\/posts\/738\/revisions"}],"predecessor-version":[{"id":740,"href":"https:\/\/www.ladislavjakl.cz\/index.php?rest_route=\/wp\/v2\/posts\/738\/revisions\/740"}],"wp:attachment":[{"href":"https:\/\/www.ladislavjakl.cz\/index.php?rest_route=%2Fwp%2Fv2%2Fmedia&parent=738"}],"wp:term":[{"taxonomy":"category","embeddable":true,"href":"https:\/\/www.ladislavjakl.cz\/index.php?rest_route=%2Fwp%2Fv2%2Fcategories&post=738"},{"taxonomy":"post_tag","embeddable":true,"href":"https:\/\/www.ladislavjakl.cz\/index.php?rest_route=%2Fwp%2Fv2%2Ftags&post=738"}],"curies":[{"name":"wp","href":"https:\/\/api.w.org\/{rel}","templated":true}]}}