{"id":7380,"date":"2016-11-28T14:50:59","date_gmt":"2016-11-28T13:50:59","guid":{"rendered":"http:\/\/www.ladislavjakl.cz\/?p=7380"},"modified":"2016-11-28T14:50:59","modified_gmt":"2016-11-28T13:50:59","slug":"skuceni-havlistu-a-jejich-kvileni-bolesti-jsou-pro-me-velkym-potesenim-jejich-surovosti-budou-ale-straslive-jde-jim-o-vse-takhle-si-jakl-od-klause-uziva-vitezstvi-trumpa","status":"publish","type":"post","link":"https:\/\/www.ladislavjakl.cz\/?p=7380","title":{"rendered":"Sku\u010den\u00ed havlist\u016f a jejich kv\u00edlen\u00ed bolest\u00ed jsou pro m\u011b velk\u00fdm pot\u011b\u0161en\u00edm. Jejich surovosti budou ale stra\u0161liv\u00e9, jde jim o v\u0161e. Takhle si Jakl od Klause u\u017e\u00edv\u00e1 v\u00edt\u011bzstv\u00ed Trumpa&#8230;"},"content":{"rendered":"<p><a href=\"https:\/\/www.ladislavjakl.cz\/wp-content\/uploads\/2016\/11\/jaKL.jpg\"><img loading=\"lazy\" decoding=\"async\" class=\"alignnone  wp-image-7381\" src=\"https:\/\/www.ladislavjakl.cz\/wp-content\/uploads\/2016\/11\/jaKL.jpg\" alt=\"jakl\" width=\"399\" height=\"194\" srcset=\"https:\/\/www.ladislavjakl.cz\/wp-content\/uploads\/2016\/11\/jaKL.jpg 632w, https:\/\/www.ladislavjakl.cz\/wp-content\/uploads\/2016\/11\/jaKL-264x128.jpg 264w\" sizes=\"auto, (max-width: 399px) 100vw, 399px\" \/><\/a><\/p>\n<p>B\u00fdval\u00fd tajemn\u00edk prezidenta Klause Ladislav Jakl \u0159\u00edk\u00e1, \u017ee mas\u00e1\u017e a surovosti m\u00e9di\u00ed a vl\u00e1dnouc\u00edch unijn\u00edch elit budou stra\u0161liv\u00e9. Zeman podle n\u011bj dok\u00e1\u017ee \u00fa\u017easn\u011b l\u00e9zt na nervy \u010desk\u00fdm havlist\u016fm, stejn\u011b jako Trump t\u011bm americk\u00fdm. Nen\u00e1vist podle Jakla \u0161\u00ed\u0159\u00ed ti, kdo se neum\u011bj\u00ed sm\u00ed\u0159it s\u00a0v\u00fdsledky voleb. \u201eOni jsou demokrati jen tehdy, pokud by vyhr\u00e1vali. Kdy\u017e prohraj\u00ed, za\u010dnou ur\u00e1\u017eet voli\u010de a nejrad\u011bji by je zbavili sv\u00e9pr\u00e1vnosti,\u201c \u0159ekl.<\/p>\n<p><!--more--><\/p>\n<p><strong>Lze podle v\u00e1s p\u0159edpokl\u00e1dat, \u017ee sv\u011bt se po v\u00edt\u011bzstv\u00ed Donalda Trumpa v americk\u00fdch prezidentsk\u00fdch volb\u00e1ch ur\u010dit\u00fdm zp\u016fsobem zm\u011bn\u00ed? Radujete se vy osobn\u011b z v\u00fdsledku hlasov\u00e1n\u00ed? V \u010dem pro v\u00e1s vzbuzuje rozhodnut\u00ed americk\u00fdch voli\u010d\u016f nad\u011bji a v \u010dem naopak strach?<\/strong><\/p>\n<p>Ano, j\u00e1 se raduji. Radostn\u011b jsem Trumpovo zvolen\u00ed oslavil a nemohu zatajit, \u017ee velik\u00fdm pot\u011b\u0161en\u00edm je pro m\u011b i n\u00e1sledn\u00e9 sku\u010den\u00ed v\u0161ech, kdo se s\u00a0jeho volbou nedok\u00e1\u017eou sm\u00ed\u0159it. Obrazn\u011b \u0159e\u010deno: je t\u0159eba si koupit popcorn, sednout si do prvn\u00ed \u0159ady a sledovat ten nejlep\u0161\u00ed film. Jmenuje se Kysel\u00e9 ksichty.<\/p>\n<p>Sv\u011bt se ur\u010dit\u011b zm\u011bn\u00ed, nejd\u0159\u00edve u\u017e t\u00edm, \u017ee bude muset reagovat na novou politickou realitu nejv\u011bt\u0161\u00ed sv\u011btov\u00e9 mocnosti. V\u00a0del\u0161\u00edm horizontu by mi ale sta\u010dilo, kdyby se d\u00edky Trumpov\u011b zvolen\u00ed kone\u010dn\u011b m\u011bnit p\u0159estal, aby se p\u0159estal m\u011bnit na bl\u00e1zniv\u00e9 m\u00edsto, kde budou zadup\u00e1ny v\u0161echny na\u0161e civiliza\u010dn\u00ed hodnoty a na jejich trosk\u00e1ch pak budou tan\u010dit duhov\u00ed klimati\u010dt\u00ed mohamed\u00e1ni.<\/p>\n<p>Nad\u011bji vid\u00edm v\u00a0tom, \u017ee se Trumpov\u00fdm zvolen\u00edm dostal ke slovu norm\u00e1ln\u00ed \u010dlov\u011bk a jeho norm\u00e1ln\u00ed z\u00e1jmy m\u00edsto utopick\u00fdch viz\u00ed o \u0161\u0165astn\u00e9m sv\u011bt\u011b, kter\u00fd n\u00e1m cht\u011bj\u00ed mocn\u00ed vnutit podle sv\u00fdch p\u0159edstav. A strach? \u017de ho zast\u0159el\u00ed.<\/p>\n<p><strong>Tom\u00e1\u0161 Hal\u00edk tvrd\u00ed, \u017ee v\u00edt\u011bzstv\u00ed Donalda Trumpa pro n\u011bj byl \u0161ok a \u017ee je to t\u00edm, \u017ee nevzd\u011blan\u00ed lid\u00e9 jsou manipulovateln\u00ed. P\u0159edvedl n\u00e1m Trump skute\u010dn\u011b, \u017ee cestou k politick\u00e9mu \u00fasp\u011bchu m\u016f\u017ee b\u00fdt systematick\u00e9 posilov\u00e1n\u00ed toho, co je v lidech nejhor\u0161\u00ed? Lid\u00e9 pr\u00fd nejsou schopni vn\u00edmat fakta, propadaj\u00ed se do nen\u00e1visti v d\u016fsledku nechuti k uprchl\u00edk\u016fm, homosexu\u00e1l\u016fm a komukoli odli\u0161n\u00e9mu. S t\u00edm souvisej\u00ed i n\u00e1zory, \u017ee Z\u00e1pad \u010dek\u00e1 pravicov\u00e1 nacionalistick\u00e1 (kontra)revoluce\u2026 Jen\u017ee dal\u0161\u00ed n\u00e1zorov\u00fd proud \u0159\u00edk\u00e1, \u017ee politici tak dlouho vnucovali lidem n\u011bco, co lid\u00e9 necht\u011bli, a\u0165 u\u017e jde o pr\u00e1va men\u0161in nebo toleranci k imigrant\u016fm, \u017ee u\u017e t\u011bchto n\u00e1zor\u016f maj\u00ed dost. Lze \u0159\u00edci, kdo m\u00e1 pravdu?<\/strong><\/p>\n<p>J\u00e1 na po\u0161etilosti toho zap\u0161kl\u00e9ho \u010dernokn\u011b\u017en\u00edka reagovat nebudu, a\u0165 si klidn\u011b kv\u00edl\u00ed bolest\u00ed, \u017ee lid\u00e9 hlasuj\u00ed jinak, ne\u017e by je on nejrad\u011bji donutil. Trump vyhr\u00e1l hlavn\u011b proto, \u017ee zvedl k\u00a0volb\u00e1m lidi, kter\u00fdm do t\u00e9 doby byla politika ukraden\u00e1. A ukraden\u00e1 nejen obrazn\u011b, jako \u017ee je nezaj\u00edmala. Ona jim byla ukraden\u00e1 i doslova, mocn\u00fdmi z\u00e1jmov\u00fdmi skupinami, kter\u00e9 prost\u00e9ho ob\u010dana \u00fapln\u011b odstavily od vlivu. A tihle nov\u00ed voli\u010di jsou norm\u00e1ln\u00ed poctiv\u00ed lid\u00e9, do kter\u00fdch ka\u017ed\u00fd jen kopal, ka\u017ed\u00fd zv\u00fdhod\u0148oval kohokoli kolem nich, jen je ne. A jejich hlas najednou zazn\u011bl. Moc bych si p\u0159\u00e1l, kdyby se u\u017e znovu odstavit od vlivu nenechali, i kdy\u017e by je Hal\u00edci nejrad\u011bji zav\u0159eli do bl\u00e1zince nebo do v\u011bzen\u00ed.<\/p>\n<p><strong>Z Trumpova v\u00edt\u011bzstv\u00ed se raduj\u00ed v\u0161ichni, kdo odm\u00edtaj\u00ed imigranty. Lze \u0159\u00edci, \u017ee t\u00edm je definitivn\u011b jasn\u00e9, \u017ee v \u010cech\u00e1ch si u\u017e \u017e\u00e1dn\u00fd politik, kter\u00fd to mysl\u00ed v\u00e1\u017en\u011b, nedovol\u00ed p\u0159ij\u00edmat muslimy? Je mo\u017en\u00e9, \u017ee se lid\u00e9 v \u010cesku u\u017e naprosto zatvrdili? A v\u016fbec obecn\u011b v Evrop\u011b, viz n\u00e1zory CSU\u2026 M\u016f\u017ee se st\u00e1t, \u017ee u\u017e nebudou cht\u00edt politici riskovat p\u0159\u00edpadn\u00e9 probl\u00e9my, kter\u00e9 s imigranty p\u0159ich\u00e1zej\u00ed? Jen\u017ee dal\u0161\u00ed informace sv\u011bd\u010d\u00ed o tom, \u017ee z Afriky stejn\u011b budou p\u0159ich\u00e1zet miliony migrant\u016f a \u017ee tomu nebude mo\u017en\u00e9 zabr\u00e1nit\u2026<\/strong><\/p>\n<p>Nikdo p\u0159ich\u00e1zet nem\u016f\u017ee, pokud budou evropsk\u00e9 vl\u00e1dy dodr\u017eovat vlastn\u00ed z\u00e1kony a pokud budou naslouchat obav\u00e1m lid\u00ed. Nejde ani o to, \u017ee n\u011bkdo p\u0159ich\u00e1z\u00ed. V\u017edy v\u00a0minulosti p\u0159ich\u00e1zeli jednotlivci, rodiny, skupiny. Nikomu to nevadilo. Tady nejde o p\u0159ich\u00e1zen\u00ed, ale o organizovan\u00fd dovoz milion\u016f Arab\u016f. Kdy\u017e je sem nebudou vozit, sami nep\u0159ijdou, nebo snad tis\u00edcina hroz\u00edc\u00edho po\u010dtu. Tenhle import ale nep\u0159estane, pokud voli\u010di nevym\u011bn\u00ed sou\u010dasn\u00e9 unijn\u00ed garnitury.<\/p>\n<p><strong>Kdy\u017e si vzpomeneme na to, jak bylo ve\u0159ejn\u00e9 m\u00edn\u011bn\u00ed sm\u011brov\u00e1no je\u0161t\u011b p\u0159ed dv\u011bma roky, nebylo v\u016fbec p\u0159ijateln\u00e9 p\u0159istupovat ke slo\u017eit\u00e9mu probl\u00e9mu migrace zp\u016fsobem, jak\u00fd te\u010f zcela otev\u0159en\u011b prosazuje Trump. Bude politick\u00fd mainstream p\u0159inucen oto\u010dit kormidlo? Jakou odezvu m\u016f\u017eeme o\u010dek\u00e1vat v Evrop\u011b a v \u010cR?<\/strong><\/p>\n<p>Politick\u00fd hlavn\u00ed proud kormidlo neoto\u010d\u00ed. Jen kosmeticky zm\u011bn\u00ed slovn\u00edk a ob\u010das naoko ud\u011bl\u00e1 n\u011bjak\u00e9 l\u00edbiv\u00e9 nefunguj\u00edc\u00ed opat\u0159en\u00ed. Zm\u011bna p\u0159ijde jedin\u011b s\u00a0novou politickou garniturou, od t\u00e9 sou\u010dasn\u00e9 ji ne\u010dekejme.<\/p>\n<p><strong>Hned v dob\u011b s\u010d\u00edt\u00e1n\u00ed v\u00fdsledk\u016f hlas\u016f p\u0159i volb\u011b americk\u00e9ho prezidenta se \u0159ada lid\u00ed sm\u00e1la \u010cesk\u00e9 televizi u\u017e proto, \u017ee bylo z\u0159ejm\u00e9, jak moc je v\u00fdsledek p\u0159ekvapil. \u010c\u00e1st ve\u0159ejnosti podez\u00edr\u00e1 m\u00e9dia z toho, \u017ee nejsou objektivn\u00ed, \u017ee ubli\u017euj\u00ed prezidentu Zemanovi, \u017ee stran\u00ed ur\u010dit\u00fdm z\u00e1jm\u016fm. Jak zvl\u00e1daj\u00ed informovat o volb\u011b l\u00eddra sv\u011btov\u00e9 velmoci m\u00e9dia, a\u0165 u\u017e ve\u0159ejnopr\u00e1vn\u00ed nebo soukrom\u00e1? Mysl\u00edte si, \u017ee postupn\u011b zkus\u00ed hledat jin\u00fd p\u0159\u00edstup, \u017ee nebudou tolik proimigra\u010dn\u00ed a podobn\u011b? Za\u010dnou b\u00fdt shov\u00edvav\u011bj\u0161\u00ed i v\u016f\u010di n\u00e1zor\u016fm, kter\u00e9 hl\u00e1saj\u00ed nap\u0159\u00edklad nulovou toleranci v\u016f\u010di men\u0161in\u00e1m \u010di imigrant\u016fm?<\/strong><\/p>\n<p>Mysl\u00edm si p\u0159esn\u00fd opak. Te\u010f jsou manipul\u00e1to\u0159i v\u00a0\u0161oku, ale a\u017e se oklepou, jen svou propagandu zes\u00edl\u00ed. Jde jim toti\u017e o v\u0161echno. P\u0159\u00edli\u0161 nainvestovali do sou\u010dasn\u00e9 bruselsk\u00e9 politiky, p\u0159\u00edli\u0161 spojili svou existenci s\u00a0lidmi, jako je n\u00e1\u0161 sou\u010dasn\u00fd premi\u00e9r. Nic star\u00e9ho nezapomenou, nic nov\u00e9ho se nenau\u010d\u00ed. Musej\u00ed odej\u00edt.<\/p>\n<p><strong>Globalizace \u010dasto bere lidem dob\u0159e placen\u00e1 pracovn\u00ed m\u00edsta a nem\u00e1 je kdo vytvo\u0159it. Men\u0161\u00ed podniky zanikaj\u00ed, a tak nevytv\u00e1\u0159ej\u00ed pracovn\u00ed m\u00edsta. A zat\u00edmco ti majetn\u011bj\u0161\u00ed maj\u00ed v\u00edc, \u010d\u00e1st ve\u0159ejnosti chudne, o \u010dem\u017e se samoz\u0159ejm\u011b rad\u011bji nemluv\u00ed. Bude v\u016fbec n\u011bkdo skute\u010dn\u011b v\u00e1\u017en\u011b hledat \u0159e\u0161en\u00ed i pro lidi, kte\u0159\u00ed jaksi nepat\u0159\u00ed mezi t\u011bch p\u00e1r vyvolen\u00fdch? Je \u0159e\u0161en\u00edm, \u017ee se omez\u00ed mezin\u00e1rodn\u00ed obchod? Do jak\u00e9 m\u00edry lid\u00e9 p\u0159est\u00e1vaj\u00ed v\u011b\u0159it finan\u010dn\u00edmu syst\u00e9mu kapitalismu?<\/strong><\/p>\n<p>J\u00e1 p\u0159esn\u011b nev\u00edm, co to je globalizace v\u00a0tomto smyslu. Pokud je to voln\u00fd obchod, ten celkov\u011b nepochybn\u011b p\u0159isp\u00edv\u00e1 k\u00a0r\u016fstu blahobytu i k\u00a0v\u011bt\u0161\u00edmu bezpe\u010d\u00ed. Jasn\u011b \u017ee n\u011bkde m\u00e9n\u011b efektivn\u00ed konkurenti zkrachuj\u00ed, tak jako n\u00e1stupem Bati zkrachovaly po sv\u011bt\u011b desetitis\u00edce \u0161evcovsk\u00fdch d\u00edlen. Ale t\u00edm se jen uvoln\u00ed pracovn\u00ed s\u00edly pro lep\u0161\u00ed vyu\u017eit\u00ed. Pokud chce prezident Trump h\u00e1jit americk\u00e9 zam\u011bstnance omezov\u00e1n\u00edm voln\u00e9ho obchodu, ud\u011bl\u00e1 chybu.<\/p>\n<p>Pracovn\u00ed m\u00edsta lze v\u00a0USA vytvo\u0159it sn\u00ed\u017een\u00edm ceny pr\u00e1ce, kterou zvy\u0161uj\u00ed vysok\u00e9 dan\u011b a mno\u017estv\u00ed nejr\u016fzn\u011bj\u0161\u00edch omezen\u00ed a kv\u00f3t. Plus nesmysln\u00e1 opat\u0159en\u00ed pod z\u00e1minkou boje s\u00a0klimatem, kter\u00e1 dus\u00ed americk\u00fd tradi\u010dn\u00ed pr\u016fmysl. Tohle v\u0161e zm\u011bnit cesta je, omezov\u00e1n\u00ed obchodu ne.<\/p>\n<p><strong>Bl\u00ed\u017e\u00ed se volby v N\u011bmecku, ve Francii, v Rakousku. V kontextu Brexitu, do jak\u00e9 m\u00edry m\u016f\u017ee nastat, \u017ee kandid\u00e1ty typu Trump budou volit i lid\u00e9 v Evrop\u011b?<\/strong><\/p>\n<p>Chci v\u011b\u0159it, \u017ee se i v\u00a0Evrop\u011b lid\u00e9 probud\u00ed. I kdy\u017e mas\u00e1\u017e m\u00e9di\u00ed a vl\u00e1dnouc\u00edch unijn\u00edch elit bude stra\u0161liv\u00e1. Takov\u00e1, jakou jsme dosud neza\u017eili. Surovosti v\u016f\u010di komukoli, kdo se chce vzep\u0159\u00edt, budou vystup\u0148ov\u00e1ny do krajnosti. Ale snad tomu lid\u00e9 nenalet\u00ed. I kdy\u017e jist si t\u00edm nejsem.<\/p>\n<p><strong>V USA se objevily bitky, proto\u017ee spousta lid\u00ed nedok\u00e1\u017ee p\u0159ijmout osobnost nov\u00e9ho prezidenta. A nemus\u00edme chodit daleko, i u n\u00e1s ur\u010dit\u00e1 vrstva spole\u010dnosti prezidenta Milo\u0161e Zemana snad a\u017e nen\u00e1vid\u00ed. M\u016f\u017ee skon\u010dit situace n\u00e1sil\u00edm v ulic\u00edch i v \u010cesk\u00e9 republice?<\/strong><\/p>\n<p>J\u00e1 jsem n\u00e1sil\u00ed p\u0159edpov\u00eddal 16. listopadu 1989. Neum\u011bl jsem si p\u0159edstavit, \u017ee by \u0161lo svrhnout komunismus bez n\u011bj. Velice jsem se pletl. Tak douf\u00e1m, \u017ee se stejn\u011b pletou ti, kdo c\u00edt\u00ed n\u00e1sil\u00ed v\u00a0dne\u0161n\u00edch \u010dasech.<\/p>\n<p><strong>Je Zeman sv\u00fdm zp\u016fsobem \u201e\u010desk\u00fd Trump\u201c?<\/strong><\/p>\n<p>\u0158\u00edk\u00e1te to hezky. Ano, sv\u00fdm zp\u016fsobem. On je sv\u00fdm zp\u016fsobem Churchill, sv\u00fdm zp\u016fsobem socialista, sv\u00fdm zp\u016fsobem prezident. V\u0161\u00edm, \u010d\u00edm je, je velice sv\u00fdm zp\u016fsobem. A\u017e se to n\u011bkdy origin\u00e1lu moc nepodob\u00e1. Ale v\u00a0jedn\u00e9 v\u011bci n\u011bco spole\u010dn\u00e9ho m\u00e1: dok\u00e1\u017ee \u00fa\u017easn\u011b l\u00e9zt na nervy \u010desk\u00fdm havlist\u016fm, stejn\u011b jako Trump t\u011bm americk\u00fdm.<\/p>\n<p><strong>Kdo ze sou\u010dasn\u00fdch \u010desk\u00fdch politik\u016f je podle v\u00e1s schopen u n\u00e1s ud\u011blat \u201en\u00e1rodn\u00ed kontrarevoluci\u201c jako nap\u0159\u00edklad Orb\u00e1n v Ma\u010farsku a z\u00edskat masovou podporu voli\u010d\u016f?<\/strong><\/p>\n<p>O to v\u016fbec nejde. Mo\u017en\u00e1 takov\u00fdch schopn\u00fdch jsou mezi n\u00e1mi des\u00edtky a stovky. Daleko v\u00edc jde o to, jestli je ve\u0159ejnost hled\u00e1, jestli je popt\u00e1v\u00e1, jestli po nich vol\u00e1, jestli je pot\u0159ebuje. A zat\u00edm ten pocit nem\u00e1m.<\/p>\n<p><strong>Trump vys\u00edlal pom\u011brn\u011b pozitivn\u00ed sign\u00e1ly v\u016f\u010di Rusku, te\u010f se vyj\u00e1d\u0159il i k d\u011bn\u00ed v S\u00fdrii. \u0158ada republik\u00e1n\u016f m\u00e1 ale postoj odm\u00edtav\u00fd. Jak\u00fd postoj p\u0159ev\u00e1\u017e\u00ed a jak\u00fd byste si p\u0159\u00e1l, aby p\u0159ev\u00e1\u017eil? Mimochodem, v Moldavsku a v Bulharsku te\u010f vyhr\u00e1li proru\u0161t\u00ed kandid\u00e1ti. Spousta lid\u00ed na Ukrajin\u011b se boj\u00ed toho, \u017ee sm\u011br politiky USA bude sp\u00ed\u0161 orientovan\u00fd na vnitrost\u00e1tn\u00ed probl\u00e9my USA\u2026<\/strong><\/p>\n<p>Mysl\u00edm, \u017ee Donald Trump bude v\u00a0zahrani\u010dn\u00ed politice siln\u00fdm prezidentem, tvrd\u011b h\u00e1j\u00edc\u00edm americk\u00e9 z\u00e1jmy. Ale nenech\u00e1 se vt\u00e1hnout do ni\u010demu neslou\u017e\u00edc\u00edch provokac\u00ed a hazard\u00e9rsk\u00fdch intervenc\u00ed. Aspo\u0148 v\u00a0to douf\u00e1m.<\/p>\n<p><strong>U n\u00e1s, v \u010cesk\u00e9 republice, se st\u00e1le debatuje o ot\u00e1\u010den\u00ed na V\u00fdchod \u2013 m\u00e1 tahle debata v\u016fbec n\u011bjak\u00fd smysl, kdy\u017e jsme jednozna\u010dnou sou\u010d\u00e1st\u00ed ur\u010dit\u00fdch struktur? Maj\u00ed tu probl\u00e9m lid\u00e9 s ofici\u00e1ln\u00ed lini\u00ed NATO? A pokud ano, je chyba na stran\u011b Severoatlantick\u00e9 aliance, nebo jde o vliv rusk\u00e9 propagandy?<\/strong><\/p>\n<p>Nikdo se u n\u00e1s na V\u00fdchod neot\u00e1\u010d\u00ed, leda v\u00a0hlav\u00e1ch havlistick\u00fdch pomatenc\u016f. Jestli chce m\u00edt n\u011bkdo dobr\u00e9 vztahy se v\u0161emi partnery, pak to p\u0159ece nen\u00ed \u017e\u00e1dn\u00e9 ot\u00e1\u010den\u00ed se kamsi jinam. A jestli chce n\u011bkdo v\u00e1l\u010dit, a\u0165 jde s\u00e1m a nezatahuje do toho ostatn\u00ed.<\/p>\n<p><strong>V souvislosti se 17. listopadem zkusme situaci u n\u00e1s shrnout. Kdy\u017e V\u00e1clav Havel \u0159\u00edkal, \u017ee mus\u00ed pravda a l\u00e1ska zv\u00edt\u011bzit nad l\u017e\u00ed a nen\u00e1vist\u00ed, kdo tady \u0161\u00ed\u0159\u00ed pravdu a kdo tady l\u017ee? Kdo \u0161\u00ed\u0159\u00ed spole\u010densk\u00e9 sm\u00ed\u0159en\u00ed a kdo nen\u00e1vist? A kdo politicky sm\u011b\u0159uje nahoru a kdo dol\u016f?<\/strong><\/p>\n<p>To je jednoduch\u00e9. Nen\u00e1vist \u0161\u00ed\u0159\u00ed ti, kdo se neum\u011bj\u00ed sm\u00ed\u0159it s\u00a0v\u00fdsledky voleb. Oni jsou demokrat\u00e9 jen tehdy, pokud by vyhr\u00e1vali. Kdy\u017e prohraj\u00ed, za\u010dnou ur\u00e1\u017eet voli\u010de a nejrad\u011bji by je zbavili sv\u00e9pr\u00e1vnosti. Sprostotami na adresu n\u011bkter\u00fdch zvolen\u00fdch lid\u00ed ur\u00e1\u017eej\u00ed havlist\u00e9 miliony sv\u00fdch spoluob\u010dan\u016f. Ale co \u0159\u00edk\u00e1m spoluob\u010dan\u016f, oni se za \u010desk\u00e9 ob\u010danstv\u00ed styd\u00ed, nejrad\u011bji by p\u0159ijali n\u011bjak\u00e9 bruselsk\u00e9 ob\u010danstv\u00ed, kdyby takov\u00e9 existovalo. Oni nejdou ani nahoru, ani dol\u016f. Ale v\u00edm, kam by j\u00edt m\u011bli.<\/p>\n<p><a href=\"http:\/\/www.parlamentnilisty.cz\/arena\/rozhovory\/Skuceni-havlistu-a-jejich-kvileni-bolesti-jsou-pro-me-velkym-potesenim-Jejich-surovosti-budou-ale-straslive-jde-jim-o-vse-Takhle-si-Jakl-od-Klause-uziva-vitezstvi-Trumpa-463975\">Zdroj<\/a><\/p>\n","protected":false},"excerpt":{"rendered":"<p>B\u00fdval\u00fd tajemn\u00edk prezidenta Klause Ladislav Jakl \u0159\u00edk\u00e1, \u017ee mas\u00e1\u017e a surovosti m\u00e9di\u00ed a vl\u00e1dnouc\u00edch unijn\u00edch elit budou stra\u0161liv\u00e9. Zeman podle n\u011bj dok\u00e1\u017ee \u00fa\u017easn\u011b l\u00e9zt na nervy \u010desk\u00fdm havlist\u016fm, stejn\u011b jako Trump t\u011bm americk\u00fdm. Nen\u00e1vist podle Jakla \u0161\u00ed\u0159\u00ed ti, kdo se neum\u011bj\u00ed sm\u00ed\u0159it s\u00a0v\u00fdsledky voleb. \u201eOni jsou demokrati jen tehdy, pokud by vyhr\u00e1vali. Kdy\u017e prohraj\u00ed, za\u010dnou [&hellip;]<\/p>\n","protected":false},"author":1,"featured_media":0,"comment_status":"open","ping_status":"open","sticky":false,"template":"","format":"standard","meta":{"ngg_post_thumbnail":0,"footnotes":""},"categories":[13],"tags":[],"class_list":["post-7380","post","type-post","status-publish","format-standard","hentry","category-rozhovory"],"_links":{"self":[{"href":"https:\/\/www.ladislavjakl.cz\/index.php?rest_route=\/wp\/v2\/posts\/7380","targetHints":{"allow":["GET"]}}],"collection":[{"href":"https:\/\/www.ladislavjakl.cz\/index.php?rest_route=\/wp\/v2\/posts"}],"about":[{"href":"https:\/\/www.ladislavjakl.cz\/index.php?rest_route=\/wp\/v2\/types\/post"}],"author":[{"embeddable":true,"href":"https:\/\/www.ladislavjakl.cz\/index.php?rest_route=\/wp\/v2\/users\/1"}],"replies":[{"embeddable":true,"href":"https:\/\/www.ladislavjakl.cz\/index.php?rest_route=%2Fwp%2Fv2%2Fcomments&post=7380"}],"version-history":[{"count":1,"href":"https:\/\/www.ladislavjakl.cz\/index.php?rest_route=\/wp\/v2\/posts\/7380\/revisions"}],"predecessor-version":[{"id":7382,"href":"https:\/\/www.ladislavjakl.cz\/index.php?rest_route=\/wp\/v2\/posts\/7380\/revisions\/7382"}],"wp:attachment":[{"href":"https:\/\/www.ladislavjakl.cz\/index.php?rest_route=%2Fwp%2Fv2%2Fmedia&parent=7380"}],"wp:term":[{"taxonomy":"category","embeddable":true,"href":"https:\/\/www.ladislavjakl.cz\/index.php?rest_route=%2Fwp%2Fv2%2Fcategories&post=7380"},{"taxonomy":"post_tag","embeddable":true,"href":"https:\/\/www.ladislavjakl.cz\/index.php?rest_route=%2Fwp%2Fv2%2Ftags&post=7380"}],"curies":[{"name":"wp","href":"https:\/\/api.w.org\/{rel}","templated":true}]}}