{"id":7398,"date":"2016-12-19T11:20:59","date_gmt":"2016-12-19T10:20:59","guid":{"rendered":"http:\/\/www.ladislavjakl.cz\/?p=7398"},"modified":"2016-12-19T11:20:59","modified_gmt":"2016-12-19T10:20:59","slug":"volebni-pravo-zen-byla-chyba-zalozilo-prusvih-rodiny-tvrdi-jakl","status":"publish","type":"post","link":"https:\/\/www.ladislavjakl.cz\/?p=7398","title":{"rendered":"Volebn\u00ed pr\u00e1vo \u017een byla chyba, zalo\u017eilo pr\u016f\u0161vih rodiny, tvrd\u00ed Jakl"},"content":{"rendered":"<p>Za kardin\u00e1ln\u00ed chybu, kter\u00e1 zalo\u017eila dne\u0161n\u00ed pr\u016f\u0161vih rodiny, pova\u017euje Ladislav Jakl, bl\u00edzk\u00fd spolupracovn\u00edk exprezidenta V\u00e1clava Klause, v\u0161eobecn\u00e9 volebn\u00ed pr\u00e1vo \u017een. Jakl s touto provokativn\u00ed tez\u00ed vystoupil na diskusn\u00edm ve\u010deru Hovory na pravici na t\u00e9ma \u201eRok 2017 &#8211; rok kontrarevoluce?\u201c, kter\u00fd uspo\u0159\u00e1dalo sdru\u017een\u00ed Akce D.O.S.T.<\/p>\n<p><!--more--><\/p>\n<p>\u201eJestli se m\u011b chcete zeptat, jestli mysl\u00edm, \u017ee volebn\u00ed pr\u00e1vo \u017een byla chyba, tak j\u00e1 \u0159\u00edk\u00e1m ano a dod\u00e1v\u00e1m, \u017ee to nen\u00ed nic proti \u017een\u00e1m, proto\u017ee p\u0159edchoz\u00ed volebn\u00ed pr\u00e1vo bylo pr\u00e1vo rodiny. Rodina m\u011bla hlas, to byla ta jednotka. V okam\u017eiku, kdy rodina nebyla jednotkou v\u016f\u010di st\u00e1tu, tehdy byl zalo\u017een pr\u016f\u0161vih rodiny v dne\u0161n\u00edm slova smyslu,\u201c \u0159ekl doslova Jakl.<\/p>\n<p>\u201eV\u0161e, co te\u010f pro\u017e\u00edv\u00e1me, pova\u017euji pouze za aktu\u00e1ln\u00ed podobu spole\u010densk\u00e9ho, civiliza\u010dn\u00edho trendu, kter\u00fd za\u010dal zhruba na konci 19. stolet\u00ed proletarizac\u00ed, plebejizac\u00ed, v\u0161eobecn\u00fdm volebn\u00edm pr\u00e1vem, tak\u00e9 v\u0161eobecn\u00fdm volebn\u00edm pr\u00e1vem \u017een,\u201c tvrd\u00ed Jakl. Prohl\u00e1sil, \u017ee \u201epovinn\u00fd optimismus\u201c n\u00e1m br\u00e1n\u00ed vid\u011bt hloubku pr\u016f\u0161vihu a op\u00edjen\u00ed se t\u00edm, \u017ee v\u011bc nen\u00ed tak zl\u00e1, tak \u0161patn\u00e1, nikomu podle n\u011bj neprosp\u011bje.<\/p>\n<p>Nen\u00ed si jist, \u017ee rok 2017, rok st\u00e9ho v\u00fdro\u010d\u00ed bol\u0161evick\u00e9 revoluce v Rusku, p\u0159inese z\u00e1sadn\u00ed zlom, \u010di bude alespo\u0148 tak v\u00fdznamn\u00fd jako \u0161edes\u00e1t\u00e1 \u010di devades\u00e1t\u00e1 l\u00e9ta minul\u00e9ho stolet\u00ed. O nov\u00e9m americk\u00e9m prezidentovi Donaldu Trumpovi jsme podle Jakla z mainstreamov\u00fdch m\u00e9di\u00ed sly\u0161eli p\u0159edev\u0161\u00edm r\u016fzn\u00e9 n\u00e1lepky, jako \u017ee je rusk\u00fd agent, misogyn (<i>nep\u0159\u00edtel \u017een &#8211; pozn. redakce<\/i>) a rasista. Nov\u00fd americk\u00fd prezident podle n\u011bj bude nar\u00e1\u017eet na odpor st\u00e1tn\u00edho apar\u00e1tu. \u201eTrump ale moc t\u011bch, kte\u0159\u00ed mu budou h\u00e1zet klacky pod nohy, zlom\u00ed,\u201c m\u00edn\u00ed.<\/p>\n<h3 id=\"--klaus-mladsi-by-si-pral-domino-efekt-po-brexitu-a-trumpovi\" class=\"tit not4bbtext\">Klaus mlad\u0161\u00ed by si p\u0159\u00e1l \u201edomino efekt\u201c po brexitu a Trumpovi<\/h3>\n<p>\u0160kolsk\u00fd expert ODS V\u00e1clav Klaus mlad\u0161\u00ed p\u0159i debat\u011b \u0159ekl, \u017ee by si p\u0159\u00e1l, aby i v dal\u0161\u00edch zem\u00edch, podobn\u011b jako v <a class=\"vvword\" href=\"http:\/\/go.idnes.bbelements.com\/please\/redirect\/104\/1\/10\/7\/?param=139003\/132284_0_\" target=\"_blank\">USA<\/a>, kter\u00e9 zvolily Trumpa, \u010di jako ve Velk\u00e9 Brit\u00e1nii, kde ob\u010dan\u00e9 zvolili brexit, tedy odchod z Evropsk\u00e9 unie, pokra\u010doval trend \u201ekontrarevoluce\u201c proti revoluci nov\u00e9 levice.<\/p>\n<p>\u201eP\u0159\u00e1l bych si, aby dominov\u00fd efekt pokra\u010doval,\u201c \u0159ekl Klaus mlad\u0161\u00ed. Ale m\u00e1 o tom t\u0159eba v p\u0159\u00edpad\u011b Francie, kterou \u010dekaj\u00ed p\u0159\u00ed\u0161t\u00ed rok prezidentsk\u00e9 volby, pochybnosti. \u201eNejv\u011bt\u0161\u00ed pravi\u010d\u00e1k je tam asi n\u011bco jako \u0160pidla,\u201c vzbudil Klaus mlad\u0161\u00ed sm\u00edch publika nar\u00e1\u017ekou na b\u00fdval\u00e9ho premi\u00e9ra Vladim\u00edra \u0160pidlu, kter\u00fd je te\u010f \u0161\u00e9fporadcem sou\u010dasn\u00e9ho premi\u00e9ra Bohuslava Sobotky.<\/p>\n<p>\u0160\u00e9fredaktor internetov\u00e9ho magaz\u00ednu <a class=\"vvword\" href=\"http:\/\/go.idnes.bbelements.com\/please\/redirect\/104\/1\/10\/7\/?param=119953\/114213_0_\" target=\"_blank\">Protiproud<\/a>Petr H\u00e1jek, rovn\u011b\u017e b\u00fdval\u00fd spolupracovn\u00edk exprezidenta V\u00e1clava Klause, ozna\u010dil brexit i zvolen\u00ed Trumpa americk\u00fdm prezidentem za \u201ez\u00e1rodek vzpoury\u201c. Ale na kontrarevoluci &#8211; nap\u0159\u00edklad v <a class=\"vvword\" href=\"http:\/\/go.idnes.bbelements.com\/please\/redirect\/104\/1\/10\/7\/?param=142419\/135401_0_\" target=\"_blank\">pohledu<\/a>ob\u010dan\u016f \u010cesk\u00e9 republiky na \u010dlenstv\u00ed v Evropsk\u00e9 unii &#8211; nev\u011b\u0159\u00ed. \u201eP\u0159i\u0161lo by hlasovat okolo poloviny voli\u010d\u016f a z nich 60 procent by \u0159eklo, \u017ee cht\u011bj\u00ed v Evropsk\u00e9 unii z\u016fstat,\u201c \u0159ekl H\u00e1jek.<\/p>\n<p><a href=\"http:\/\/zpravy.idnes.cz\/volebni-pravo-zen-byla-chyba-zalozilo-prusvih-rodiny-tvrdi-jakl-p8w-\/domaci.aspx?c=A161212_175728_domaci_kop\">Zdroj<\/a><\/p>\n","protected":false},"excerpt":{"rendered":"<p>Za kardin\u00e1ln\u00ed chybu, kter\u00e1 zalo\u017eila dne\u0161n\u00ed pr\u016f\u0161vih rodiny, pova\u017euje Ladislav Jakl, bl\u00edzk\u00fd spolupracovn\u00edk exprezidenta V\u00e1clava Klause, v\u0161eobecn\u00e9 volebn\u00ed pr\u00e1vo \u017een. Jakl s touto provokativn\u00ed tez\u00ed vystoupil na diskusn\u00edm ve\u010deru Hovory na pravici na t\u00e9ma \u201eRok 2017 &#8211; rok kontrarevoluce?\u201c, kter\u00fd uspo\u0159\u00e1dalo sdru\u017een\u00ed Akce D.O.S.T.<\/p>\n","protected":false},"author":1,"featured_media":0,"comment_status":"open","ping_status":"open","sticky":false,"template":"","format":"standard","meta":{"ngg_post_thumbnail":0,"footnotes":""},"categories":[11],"tags":[],"class_list":["post-7398","post","type-post","status-publish","format-standard","hentry","category-ozvena"],"_links":{"self":[{"href":"https:\/\/www.ladislavjakl.cz\/index.php?rest_route=\/wp\/v2\/posts\/7398","targetHints":{"allow":["GET"]}}],"collection":[{"href":"https:\/\/www.ladislavjakl.cz\/index.php?rest_route=\/wp\/v2\/posts"}],"about":[{"href":"https:\/\/www.ladislavjakl.cz\/index.php?rest_route=\/wp\/v2\/types\/post"}],"author":[{"embeddable":true,"href":"https:\/\/www.ladislavjakl.cz\/index.php?rest_route=\/wp\/v2\/users\/1"}],"replies":[{"embeddable":true,"href":"https:\/\/www.ladislavjakl.cz\/index.php?rest_route=%2Fwp%2Fv2%2Fcomments&post=7398"}],"version-history":[{"count":1,"href":"https:\/\/www.ladislavjakl.cz\/index.php?rest_route=\/wp\/v2\/posts\/7398\/revisions"}],"predecessor-version":[{"id":7399,"href":"https:\/\/www.ladislavjakl.cz\/index.php?rest_route=\/wp\/v2\/posts\/7398\/revisions\/7399"}],"wp:attachment":[{"href":"https:\/\/www.ladislavjakl.cz\/index.php?rest_route=%2Fwp%2Fv2%2Fmedia&parent=7398"}],"wp:term":[{"taxonomy":"category","embeddable":true,"href":"https:\/\/www.ladislavjakl.cz\/index.php?rest_route=%2Fwp%2Fv2%2Fcategories&post=7398"},{"taxonomy":"post_tag","embeddable":true,"href":"https:\/\/www.ladislavjakl.cz\/index.php?rest_route=%2Fwp%2Fv2%2Ftags&post=7398"}],"curies":[{"name":"wp","href":"https:\/\/api.w.org\/{rel}","templated":true}]}}