{"id":7400,"date":"2016-12-19T11:22:34","date_gmt":"2016-12-19T10:22:34","guid":{"rendered":"http:\/\/www.ladislavjakl.cz\/?p=7400"},"modified":"2016-12-19T11:22:34","modified_gmt":"2016-12-19T10:22:34","slug":"nesmim-kvuli-ods-vyslovit-slovo-putin-postezoval-si-klaus-mladsi-na-debate-kde-se-mluvilo-o-rasistovi-a-agentovi-ruska-trumpovi-levicakovi-kalouskovi-a-prevzeti-moci-od-havlistu","status":"publish","type":"post","link":"https:\/\/www.ladislavjakl.cz\/?p=7400","title":{"rendered":"Nesm\u00edm kv\u016fli ODS vyslovit slovo Putin, post\u011b\u017eoval si Klaus mlad\u0161\u00ed na debat\u011b, kde se mluvilo o rasistovi a agentovi Ruska Trumpovi, levi\u010d\u00e1kovi Kalouskovi a p\u0159evzet\u00ed moci od havlist\u016f"},"content":{"rendered":"<p>REPORT\u00c1\u017d Konzervativn\u00ed Akce D.O.S.T. uspo\u0159\u00e1dala v pond\u011bl\u00ed debatu na t\u00e9ma \u201e2017 \u2013 rok kontrarevoluce?\u201c Vystoupili zde Petr H\u00e1jek \u2013 \u0161\u00e9fredaktor internetov\u00e9ho magaz\u00ednu Protiproud, Ladislav Jakl \u2013 politick\u00fd analytik z Institutu V\u00e1clava Klause, V\u00e1clav Klaus ml. \u2013 \u0161kolsk\u00fd expert ODS a Michal Sem\u00edn \u2013 m\u00edstop\u0159edseda Akce D.O.S.T.<\/p>\n<p><!--more--><\/p>\n<p>V\u0161ichni vystupuj\u00edc\u00ed se shodli, \u017ee Brexit, zvolen\u00ed Trumpa \u010di vzestup n\u00e1rodoveck\u00fdch sil v Evrop\u011b jsou sice pozitivn\u00ed sign\u00e1ly, ale kontrarevoluce to je\u0161t\u011b nen\u00ed. Establishment je siln\u00fd a bude se br\u00e1nit a mst\u00edt. \u010cili budoucnost hodnotili pom\u011brn\u011b zdr\u017eenliv\u011b s nijak velk\u00fdm optimismem. P\u0159\u00ed\u0161t\u00ed rok ale ka\u017edop\u00e1dn\u011b bude v\u00fdznamn\u00fdm, mo\u017en\u00e1 kl\u00ed\u010dov\u00fdm, kdy se rozhodne.<\/p>\n<h4><strong>Je zde op\u011bt sov\u011btsk\u00fd Brusel \u2013 a dom\u00e1c\u00ed kolaboranti<\/strong><\/h4>\n<div id=\"AdTrackOustreamContainer\">\n<div id=\"adform-outstream-smartinsert\">\n<div id=\"adform-adbox-10pufx05dr4\" class=\"adform-adbox adform-adbox-static adform-adbox-static-T adform-adbox-static-C adform-domevents-hover-30rmjh60spc\">\n<div id=\"adform-adbox-19vs50bj5q0\" class=\"adform-adbox adform-adbox-static adform-adbox-static-T adform-adbox-static-C adform-domevents-hover-2bdgzxw328f\">\n<div id=\"adform-adbox-slqip0v8a8\" class=\"adform-adbox adform-adbox-static adform-adbox-static-T adform-adbox-static-C adform-domevents-hover-2tbon27gyhs\">\n<div id=\"adform-adbox-3ec84gx2vc2\" class=\"adform-adbox adform-adbox-static adform-adbox-static-T adform-adbox-static-L adform-domevents-hover-ylnzaeby1s adform-domevents-hover-2qolahy153k adform-domevents-click-sk5s17zoif\">\n<div>\n<div class=\"adform-content\"><iframe width=\"1\" height=\"1\" data-mce-fragment=\"1\"><title>ad<\/title><base href=\"http:\/\/s1.adform.net\/banners\/scripts\/video\/outstream\/inview\/\" \/><script>try{parent.AdformWin1p3qy8r1it7(window)}catch(ex){new Image().src='https:\/\/track.adform.net\/jslog\/?src=htmlcb&amp;msg='+encodeURIComponent(''+(ex.stack||ex))}<\/script><script src='http:\/\/s1.adform.net\/banners\/scripts\/video\/outstream\/inview\/inview.js?rnd=1474979480609' charset='UTF-8'><\/script>&#8220; allowtransparency=&#8220;true&#8220; webkitallowfullscreen=&#8220;&#8220; mozallowfullscreen=&#8220;&#8220; allowfullscreen=&#8220;&#8220; marginwidth=&#8220;0&#8243; marginheight=&#8220;0&#8243; hspace=&#8220;0&#8243; vspace=&#8220;0&#8243; frameborder=&#8220;0&#8243; scrolling=&#8220;no&#8220; style=&#8220;box-sizing: border-box; height: 362.813px; width: 645.328px;&#8220;&gt;<\/iframe><\/div>\n<\/div>\n<\/div>\n<\/div>\n<\/div>\n<\/div>\n<\/div>\n<\/div>\n<p><strong>Petr H\u00e1jek <\/strong>\u0159ekl, \u017ee \u010cesk\u00e1 republika nen\u00ed suver\u00e9nn\u00ed zem\u00ed a establishment m\u00e1 dvoj\u00ed loajalitu \u2013 k Bruselu a Berl\u00ednu a sou\u010dasn\u011b ke sv\u00fdm vlastn\u00edm z\u00e1jm\u016fm v \u010cR. Je zde op\u011bt sov\u011btsk\u00fd Brusel \u2013 a dom\u00e1c\u00ed kolaboranti. Kontrarevoluce dle n\u011bj nem\u016f\u017ee prob\u011bhnout, dokud n\u00e1m vl\u00e1dne Brusel.<\/p>\n<p>Establishment (kav\u00e1rna, neziskovky atd.) m\u00e1 nad\u00e1le v ruk\u00e1ch v\u0161echny mocensk\u00e9 a medi\u00e1ln\u00ed p\u00e1ky a politika byla pora\u017eena. Vznik\u00e1 ale neorganizovan\u00fd autentick\u00fd odpor a z\u00e1rodky vzpoury proti nyn\u011bj\u0161\u00ed moci, spole\u010dnost se za\u010d\u00edn\u00e1 probouzet. Za\u010d\u00ednaj\u00ed se op\u011bt projevovat z\u00e1jmy. Lid\u00e9 tu dle H\u00e1jka necht\u011bj\u00ed n\u011bkolik milion\u016f isl\u00e1mc\u016f a \u201esoudruh\u016f imigrant\u016f\u201c.<\/p>\n<p>Podle n\u011bj se ale zdaleka nerod\u00ed kontrarevoluce \u2013 nen\u00ed u n\u00e1s masivn\u00ed odpor proti bruselsk\u00e9mu dikt\u00e1tu. Kdyby u n\u00e1s bylo referendum o EU, tak by dle n\u011bj dopadlo jako minule. \u201eJsme v mezistavu, kdy se m\u016f\u017ee st\u00e1t cokoli. Rok 2017 bude kl\u00ed\u010dov\u00fdm, rozhoduj\u00edc\u00edm rokem,\u201c \u0159ekl H\u00e1jek.<\/p>\n<h4><strong>Civiliza\u010dn\u00ed chaos \u010di p\u0159evrat gener\u00e1l\u016f proti Trumpovi?<\/strong><\/h4>\n<p>V\u00e1lka s Ruskem, kter\u00e1 dle n\u011bj ji\u017e nyn\u00ed prob\u00edh\u00e1, m\u016f\u017ee dle H\u00e1jka dosp\u011bt k termin\u00e1ln\u00ed f\u00e1zi. Trump je nad\u011bje, ale neznamen\u00e1, \u017ee nedojde k eskalaci konfliktu s Ruskem. Trump prolomil ze\u010f. Budouc\u00ed americk\u00fd prezident bude postupovat dle toho, co sl\u00edbil. To je ale obrovsk\u00e1 akce, kter\u00e1 vyvol\u00e1 obrovskou reakci. H\u00e1jek \u0159ekl, \u017ee nem\u00e1 iluze o tom, jakou re\u00e1lnou moc\u00ed disponuje ve skute\u010dnosti americk\u00fd prezident, a varoval, \u017ee k v\u00e1lce s Ruskem m\u016f\u017ee doj\u00edt \u201eomylem\u201c \u010di p\u0159evratem americk\u00fdch gener\u00e1l\u016f. \u201eV\u00e1lka je dnes mo\u017en\u00e1 bl\u00ed\u017e,\u201c \u0159ekl.<\/p>\n<p>Civiliza\u010dn\u00ed chaos bude podle H\u00e1jka tak dominantn\u00ed, \u017ee bude mimo ve\u0161kerou p\u0159edstavivost a v\u0161e ostatn\u00ed, co se n\u00e1m p\u0159edkl\u00e1dalo, bude \u010daj\u00ed\u010dek. Na\u0161e civilizace je velmi zraniteln\u00e1 a m\u016f\u017ee se zhroutit jak dome\u010dek z karet.<\/p>\n<p>Volby, i kdyby dopadly dob\u0159e, toho dle n\u011bho moc nevy\u0159e\u0161\u00ed. Establishment bude reagovat tvrd\u011b a m\u016f\u017ee zru\u0161it posledn\u00ed zbytky svobod a cenzurovat internet. N\u011bco z\u00e1sadn\u00edho se dle H\u00e1jka ka\u017edop\u00e1dn\u011b stane \u2013 katastrofa, nebo v\u00fdchodisko. Sjednocovat pravici v \u010cR dle n\u011bj nelze, proto\u017ee \u017e\u00e1dn\u00e1 pravice neexistuje. Miroslav Kalousek je dle n\u011bj levicov\u00fd havlista.<\/p>\n<p>\u201eProkremelsk\u00e9 zlo\u010dinn\u00e9 weby\u201c jsou dle H\u00e1jka alternativou. \u201eKdyby n\u00e1s aspo\u0148 z Kremlu financovali, mn\u011b by to nevadilo,\u201c sm\u00e1l se H\u00e1jek.<\/p>\n<h4><strong>Rasista, misogyn a Putin\u016fv agent<\/strong><\/h4>\n<p><strong>Ladislav Jakl<\/strong> p\u0159ipomn\u011bl, \u017ee m\u00e9dia p\u0159edhazovala Donalda Trumpa jako \u010dlov\u011bka, kter\u00fd nen\u00e1vid\u00ed \u017eeny, jako rasistu a Putinova agenta, p\u0159itom \u201ezapomn\u011bla\u201c zm\u00ednit, \u017ee Trump m\u00e1 pom\u011brn\u011b propracovan\u00fd pl\u00e1n pro prvn\u00edch 100 dn\u016f u moci. Sr\u00e1\u017eka Trumpa s administrativou bude ost\u0159ej\u0161\u00ed, ne\u017e si dok\u00e1\u017ee s\u00e1m p\u0159edstavit. Tyto struktury byly budov\u00e1ny des\u00edtky let a budou se br\u00e1nit, proto\u017ee jim jde o v\u0161e.<\/p>\n<p>Odpov\u011b\u010f na ot\u00e1zku, zda dojde na kontrarevoluci, rozd\u011blil Jakl na n\u011bkolik obdob\u00ed. Pokud jde o samotnou bl\u00edzkou budoucnost, kontrarevoluci ne\u010dek\u00e1. Pokud jde o horizont n\u011bkolika p\u0159\u00ed\u0161t\u00edch let, v\u011b\u0159\u00ed, \u017ee Trump b\u011bhem n\u011bkolika let moc t\u011bch, kte\u0159\u00ed mu budou h\u00e1zet klacky pod nohy, zlom\u00ed. Ale v del\u0161\u00edm \u010dasov\u00e9m horizontu se havlisti\u010dt\u00ed postdemokrat\u00e9 vr\u00e1t\u00ed pou\u010den\u011bj\u0161\u00ed a konsolidovan\u011bj\u0161\u00ed. \u201eSv\u011btov\u00e9 univerzity a m\u00e9dia vrhnou na trh spousty robot\u016f,\u201c \u0159ekl.<\/p>\n<p>Jakl t\u00e9\u017e zm\u00ednil, \u017ee volebn\u00ed pr\u00e1vo \u017een byla chyba. Podle n\u011bj bylo spr\u00e1vn\u00e9, \u017ee volebn\u00ed pr\u00e1vo m\u011bly d\u0159\u00edve rodiny jako z\u00e1kladn\u00ed stavebn\u00ed k\u00e1men spole\u010dnosti a volebn\u00ed pr\u00e1vo \u017een bylo jedn\u00edm z n\u00e1stroj\u016f pro rozpad rodiny. \u201eTato noc nebude kr\u00e1tk\u00e1,\u201c \u0159ekl ne p\u0159\u00edli\u0161 optimisticky Jakl.<\/p>\n<p>Podle Jakla by lid\u00e9 m\u011bli spolupracovat v t\u011bch v\u011bcech, na kter\u00fdch se shodnou a nevyh\u00fdbat se spolupr\u00e1ci jen proto, \u017ee v n\u011b\u010dem s n\u011bk\u00fdm nesouhlas\u00edme. \u201eVe v\u011bci vystoupen\u00ed z EU jsem ochoten spolupracovat s k\u00fdmkoli,\u201c \u0159ekl Jakl.<\/p>\n<h4><strong>Nesm\u00edm vyslovit slovo \u201aPutin\u2018&#8230;<\/strong><\/h4>\n<p><strong>V\u00e1clav Klaus ml.<\/strong> definoval kontrarevoluci jako vzpouru proti revoluci nov\u00e9 levice, kter\u00e1 nen\u00e1vid\u00ed rodiny, n\u00e1rody a chce totalitn\u011b ovl\u00e1dat masy. Zm\u00ednil, \u017ee vid\u00edme jist\u00e9 pozitivn\u00ed zm\u011bny a trendy v Polsku, Ma\u010farsku, Rakousku, Velk\u00e9 Brit\u00e1nii \u010di USA. Brexit byl pro havlisty \u201epor\u00e1\u017ekou u Moskvy\u201c, Trump je pro n\u011b \u201eStalingradem\u201c. I dnes m\u00e1me st\u00e1tn\u00ed um\u011blce, kte\u0159\u00ed dost\u00e1vaj\u00ed dotace na sv\u00e9 hovadiny.<\/p>\n<p>Klaus ml. zm\u00ednil hodnoty, na kter\u00fdch by m\u011bla kontrarevoluce stav\u011bt. Norm\u00e1ln\u00ed je pracovat, nikoli \u010derpat. Demokracie je mo\u017en\u00e1 jen v n\u00e1rodn\u00edch st\u00e1tech; a kdy\u017e se sejde Jakut, \u010ce\u010denec a Papu\u00e1nec, demokracii nevytvo\u0159\u00ed. Zem\u011b, kter\u00e9 nemaj\u00ed hranice, sm\u011b\u0159uj\u00ed k z\u00e1niku. EU nem\u00e1 hranice. Kdyby n\u00e1rodn\u00ed st\u00e1ty m\u011bly hranice, st\u00e1ty by se proti imigraci br\u00e1nily. Je t\u0159eba bojovat proti toxicky sebevra\u017eedn\u00fdm ideologi\u00edm multi-kulti, gender a n\u00e1rokov\u00fdm pr\u00e1v\u016fm. Kontrarevolu\u010dn\u00ed aktivita m\u00e1 b\u00fdt politick\u00e1, pracovn\u00ed, spole\u010densk\u00e1 a publicistick\u00e1. Pil\u00ed\u0159em jsou ob\u010dan\u2013rodina\u2013obec\u2013st\u00e1t.<\/p>\n<p>\u201eNesm\u00edm vyslovit slovo \u201aPutin\u2018. M\u00e1m p\u0159ed prim\u00e1rkami v ODS a sed\u00edm vedle Jakla,\u201c sm\u00e1l se Klaus ml.<\/p>\n<h4><strong>1517, 1717, 1917, 2017<\/strong><\/h4>\n<p>Podle <strong>Michala Sem\u00edna <\/strong>Brexit, Trump a tak d\u00e1le jsou sice pozitivn\u00edmi v\u011bcmi, ale kontrarevoluc\u00ed je\u0161t\u011b nejsou. Zm\u00ednil n\u011bkolik kl\u00ed\u010dov\u00fdch dat revoluce kon\u010d\u00edc\u00edch \u010d\u00edslem 17. V roce 1517 prob\u011bhla Lutherova vzpoura proti rozumu, kter\u00fd Luther nazval \u201e\u010e\u00e1blovou nev\u011bstkou\u201c a zavl\u00e1dl subjektivismus.<\/p>\n<p>V roce 1717 byla zalo\u017eena prvn\u00ed l\u00f3\u017ee svobodn\u00fdch zedn\u00e1\u0159\u016f a zde vznikly z\u00e1rodky osv\u00edcenstv\u00ed a Velk\u00e9 francouzsk\u00e9 revoluce, kter\u00e9 m\u011bly \u010dlov\u011bka \u201eosvobodit\u201c od Boha. Osv\u00edcensk\u00e1 kav\u00e1rna cht\u011bla svrhnout Boha z tr\u016fnu a dosadit na n\u011bj abstraktn\u00edho \u010clov\u011bka a abstraktn\u00ed Lidstvo.<\/p>\n<p>Rok 1917 byl rokem bol\u0161evick\u00e9 revoluce v Rusku, kter\u00e1 st\u00e1la na ideji nov\u00e9ho \u010dlov\u011bka \u201eosvobozen\u00e9ho\u201c od identity n\u00e1rodn\u00ed, pohlavn\u00ed \u010di n\u00e1bo\u017eensk\u00e9, kter\u00e9 jsou podle marxist\u016f pouze spole\u010densk\u00fdmi konstrukty a nejsou p\u0159irozen\u00e9.<\/p>\n<p>Revoluce i kontrarevoluce maj\u00ed dle Sem\u00edna duchovn\u00ed podstatu. Bez vertik\u00e1ly n\u00e1bo\u017eenstv\u00ed bloud\u00edme. Skute\u010dn\u00e1 kontrarevoluce prob\u011bhne, a\u017e si uv\u011bdom\u00edme d\u016fle\u017eit\u00e9 hodnoty: 1) zdrav\u00fd rozum a pravda, 2) sv\u011bt zalo\u017een\u00fd na \u0158\u00e1du, kter\u00fd jsme nevymysleli, ale zd\u011bdili \u2013 \u017ee mu\u017e a \u017eena maj\u00ed odli\u0161n\u00e9 role, d\u016fle\u017eitost rodiny a vlastenectv\u00ed, 3) vztah k Bohu.<\/p>\n<p>P\u0159\u00ed\u0161t\u00ed rok bude dle Sem\u00edna p\u0159elomov\u00fd, i kdyby \u201eefekt Trump\u201c vyzn\u011bl do ztracena. P\u0159ipomn\u011bl zjeven\u00ed ve Fatim\u011b z roku 1917, kdy se t\u0159em pas\u00e1\u010dk\u016fm zjevila Panna Maria. Toto zjeven\u00ed je kl\u00ed\u010dem. C\u00edrkev je dle n\u011bj v hlubok\u00e9 krizi a pape\u017estv\u00ed nebylo nikdy v takov\u00e9m \u00fapadku. Pape\u017e je velmi popul\u00e1rn\u00ed u nep\u0159\u00e1tel c\u00edrkve. N\u00e1zory pape\u017ee Franti\u0161ka nejsou neomyln\u00e9 a katol\u00edk by jim m\u011bl odporovat, pokud odporuj\u00ed tomu, co C\u00edrkev u\u010d\u00ed po dva tis\u00edce let.<\/p>\n<p>\u201eO tom, jak\u00fd bude sv\u011bt v roce 2017, sv\u00fdmi postoji a \u010diny rozhodneme sami,\u201c \u0159ekl Sem\u00edn. Podle n\u011bj je pot\u0159eba, aby se lid\u00e9 setk\u00e1vali a nekomunikovali spolu jen na internetu a na Facebooku. Vid\u00ed c\u00edlen\u00fd \u00fatok na \u010deskou hospodu jako na m\u00edsto, kde lid\u00e9 debatovali a d\u016fle\u017eit\u00fdch v\u011bcech.<\/p>\n<p>Zp\u011bv\u00e1k Pepa Nos obveselil dotazem, zda jsou p\u0159\u00edtomn\u00ed p\u0159ipraveni na p\u0159evzet\u00ed moci v roce 2017. Ladislav Jakl s pobaven\u00edm reagoval, \u017ee ho takov\u00e9 my\u0161lenkov\u00e9 cvi\u010den\u00ed bav\u00ed, ale nev\u00ed, zda by byl dobr\u00fdm dikt\u00e1torem.<\/p>\n<p><a href=\"http:\/\/www.parlamentnilisty.cz\/zpravy\/kauzy\/Nesmim-kvuli-ODS-vyslovit-slovo-Putin-postezoval-si-Klaus-mladsi-na-debate-kde-se-mluvilo-o-rasistovi-a-agentovi-Ruska-Trumpovi-levicakovi-Kalouskovi-a-prevzeti-moci-od-havlistu-466934\">Zdroj<\/a><\/p>\n","protected":false},"excerpt":{"rendered":"<p>REPORT\u00c1\u017d Konzervativn\u00ed Akce D.O.S.T. uspo\u0159\u00e1dala v pond\u011bl\u00ed debatu na t\u00e9ma \u201e2017 \u2013 rok kontrarevoluce?\u201c Vystoupili zde Petr H\u00e1jek \u2013 \u0161\u00e9fredaktor internetov\u00e9ho magaz\u00ednu Protiproud, Ladislav Jakl \u2013 politick\u00fd analytik z Institutu V\u00e1clava Klause, V\u00e1clav Klaus ml. \u2013 \u0161kolsk\u00fd expert ODS a Michal Sem\u00edn \u2013 m\u00edstop\u0159edseda Akce D.O.S.T.<\/p>\n","protected":false},"author":1,"featured_media":0,"comment_status":"open","ping_status":"open","sticky":false,"template":"","format":"standard","meta":{"ngg_post_thumbnail":0,"footnotes":""},"categories":[11],"tags":[],"class_list":["post-7400","post","type-post","status-publish","format-standard","hentry","category-ozvena"],"_links":{"self":[{"href":"https:\/\/www.ladislavjakl.cz\/index.php?rest_route=\/wp\/v2\/posts\/7400","targetHints":{"allow":["GET"]}}],"collection":[{"href":"https:\/\/www.ladislavjakl.cz\/index.php?rest_route=\/wp\/v2\/posts"}],"about":[{"href":"https:\/\/www.ladislavjakl.cz\/index.php?rest_route=\/wp\/v2\/types\/post"}],"author":[{"embeddable":true,"href":"https:\/\/www.ladislavjakl.cz\/index.php?rest_route=\/wp\/v2\/users\/1"}],"replies":[{"embeddable":true,"href":"https:\/\/www.ladislavjakl.cz\/index.php?rest_route=%2Fwp%2Fv2%2Fcomments&post=7400"}],"version-history":[{"count":1,"href":"https:\/\/www.ladislavjakl.cz\/index.php?rest_route=\/wp\/v2\/posts\/7400\/revisions"}],"predecessor-version":[{"id":7401,"href":"https:\/\/www.ladislavjakl.cz\/index.php?rest_route=\/wp\/v2\/posts\/7400\/revisions\/7401"}],"wp:attachment":[{"href":"https:\/\/www.ladislavjakl.cz\/index.php?rest_route=%2Fwp%2Fv2%2Fmedia&parent=7400"}],"wp:term":[{"taxonomy":"category","embeddable":true,"href":"https:\/\/www.ladislavjakl.cz\/index.php?rest_route=%2Fwp%2Fv2%2Fcategories&post=7400"},{"taxonomy":"post_tag","embeddable":true,"href":"https:\/\/www.ladislavjakl.cz\/index.php?rest_route=%2Fwp%2Fv2%2Ftags&post=7400"}],"curies":[{"name":"wp","href":"https:\/\/api.w.org\/{rel}","templated":true}]}}