{"id":7414,"date":"2016-12-21T12:03:55","date_gmt":"2016-12-21T11:03:55","guid":{"rendered":"http:\/\/www.ladislavjakl.cz\/?p=7414"},"modified":"2016-12-21T12:03:55","modified_gmt":"2016-12-21T11:03:55","slug":"bezte-se-vycpat-zeny-se-smeji-ladislavu-jaklovi-za-to-cim-je-vcera-osprchoval","status":"publish","type":"post","link":"https:\/\/www.ladislavjakl.cz\/?p=7414","title":{"rendered":"B\u011b\u017ete se vycpat. \u017deny se sm\u011bj\u00ed Ladislavu Jaklovi za to, \u010d\u00edm je v\u010dera osprchoval"},"content":{"rendered":"<p>Origin\u00e1ln\u00edm zp\u016fsobem reagovala blogerka na sv\u00e9m blogu na serveru Aktu\u00e1ln\u011b.cz Veronika Vendlov\u00e1 na posledn\u00ed provokativn\u00ed v\u00fdrok Ladislava Jakla, spolupracovn\u00edka exprezidenta V\u00e1clava Klause.<\/p>\n<p><!--more--><\/p>\n<p>\u201eJestli se m\u011b chcete zeptat, jestli mysl\u00edm, \u017ee volebn\u00ed pr\u00e1vo \u017een byla chyba, tak j\u00e1 \u0159\u00edk\u00e1m ano a dod\u00e1v\u00e1m, \u017ee to nen\u00ed nic proti \u017een\u00e1m, proto\u017ee p\u0159edchoz\u00ed volebn\u00ed pr\u00e1vo bylo pr\u00e1vo rodiny. Rodina m\u011bla hlas, to byla ta jednotka. V okam\u017eiku, kdy rodina nebyla jednotkou v\u016f\u010di st\u00e1tu, tehdy byl zalo\u017een pr\u016f\u0161vih rodiny v dne\u0161n\u00edm slova smyslu,\u201c \u0159ekl doslova Jakl. Uveden\u00e1 slova pronesl na diskusn\u00edm ve\u010deru Hovory na pravici na t\u00e9ma \u201eRok 2017 \u2013 rok kontrarevoluce?\u201c, kter\u00fd uspo\u0159\u00e1dalo sdru\u017een\u00ed Akce D.O.S.T.<\/p>\n<p><strong><i>P\u016fvodn\u00ed text je <a href=\"http:\/\/zpravy.idnes.cz\/volebni-pravo-zen-byla-chyba-zalozilo-prusvih-rodiny-tvrdi-jakl-p8w-\/domaci.aspx?c=A161212_175728_domaci_kop\" target=\"_blank\">ZDE<\/a><\/i><\/strong><\/p>\n<p>\u201eV\u0161e, co te\u010f pro\u017e\u00edv\u00e1me, pova\u017euji pouze za aktu\u00e1ln\u00ed podobu spole\u010densk\u00e9ho, civiliza\u010dn\u00edho trendu, kter\u00fd za\u010dal zhruba na konci 19. stolet\u00ed proletarizac\u00ed, plebejizac\u00ed, v\u0161eobecn\u00fdm volebn\u00edm pr\u00e1vem, tak\u00e9 v\u0161eobecn\u00fdm volebn\u00edm pr\u00e1vem \u017een,\u201c tvrd\u00ed Jakl. Prohl\u00e1sil, \u017ee \u201epovinn\u00fd optimismus\u201c n\u00e1m br\u00e1n\u00ed vid\u011bt hloubku pr\u016f\u0161vihu a op\u00edjen\u00ed se t\u00edm, \u017ee v\u011bc nen\u00ed tak zl\u00e1, tak \u0161patn\u00e1, nikomu podle n\u011bj neprosp\u011bje.<\/p>\n<p>Vendlov\u00e1 v reakci na Jaklova slova p\u00ed\u0161e, \u017ee reakc\u00ed na \u201ev\u00fdroky n\u011bkter\u00fdch mu\u017e\u016f, kte\u0159\u00ed podobn\u011b jako Ladislav Jakl uvedli, \u017ee za rozklad rodiny m\u016f\u017ee v\u0161eobecn\u00e9 volebn\u00ed pr\u00e1vo \u017een\u201c, byl vznik nov\u00e9, \u010dist\u011b \u017eensk\u00e9 politick\u00e9 strany.<\/p>\n<p><strong><i>Cel\u00fd text blogu je <a href=\"http:\/\/blog.aktualne.cz\/blogy\/veronika-vendlova.php?itemid=28536\" target=\"_blank\">ZDE<\/a><\/i><\/strong><\/p>\n<p>\u201eB\u011bhem jednoho dne bylo \u201aposek\u00e1no\u2018 \u010dili dojedn\u00e1no v\u0161e pot\u0159ebn\u00e9, tzn. forma kandiduj\u00edc\u00edho uskupen\u00ed, syst\u00e9m komunikace a koordinace, odpov\u011bdnosti, rozd\u011bleny kompetence, sestaveny kandid\u00e1tn\u00ed listiny do v\u0161ech kraj\u016f a p\u0159ipraveny z\u00e1kladn\u00ed teze programu a hodnotov\u00fd r\u00e1mec, v\u010detn\u011b marketingov\u00e9 strategie. Byl sestaven rovn\u011b\u017e siln\u00fd medi\u00e1torsk\u00fd t\u00fdm \u2013 to pro budoucnost, a\u017e dojde k neshod\u00e1m. Komunikovat s ve\u0159ejnost\u00ed se za\u010dalo velmi efektivn\u011b hned druh\u00fd den a prvn\u00ed tiskov\u00e1 zpr\u00e1va zp\u016fsobila doslova spole\u010denskou explozi,\u201c fabuluje Vendlov\u00e1 a pokra\u010duje:<\/p>\n<p>\u201eZb\u00fdvaj\u00edc\u00ed doba do voleb pak byla vyu\u017eita tak, aby dob\u0159e fungovala velmi jednoduch\u00e1, ale n\u00e1ro\u010dn\u00e1 kampa\u0148, komunikace s ve\u0159ejnost\u00ed a m\u00e9dii, ale tak\u00e9 p\u0159\u00edprava na obdob\u00ed po volb\u00e1ch. Z finan\u010dn\u00edho hlediska to nest\u00e1lo nic ne\u017e p\u00e1r pen\u011bz pro ty, kdo\u017e se po dobu do voleb v\u011bnovaly d\u011bn\u00ed naplno a organiza\u010dn\u011b.<\/p>\n<p>C\u00edlem bylo usp\u011bt a za\u010d\u00edt \u0159\u00eddit resorty, kter\u00e9 maj\u00ed co do \u010din\u011bn\u00ed s rodinou a financemi. Proto bylo nutn\u00e9 velmi dob\u0159e zanalyzovat d\u011bn\u00ed v resortech, rozpo\u010dty kraj\u016f a tak\u00e9 samospr\u00e1v. Nejv\u011bt\u0161\u00ed zm\u011bny se pl\u00e1novaly v oblastech, kter\u00e9 se t\u00fdkaly financ\u00ed, zdrav\u00ed, vzd\u011bl\u00e1n\u00ed a zejm\u00e9na soci\u00e1ln\u00edch v\u011bc\u00ed, pr\u00e1va a pr\u00e1ce.\u201c<\/p>\n<p>Ve sv\u00e9 fabulaci p\u0159ipustila tak\u00e9, \u017ee vznik \u017eensk\u00e9 strany vyvol\u00e1 odpor: \u201eProti t\u00e9to politick\u00e9 formaci se vznesla velk\u00e1 vlna odporu spojen\u00e9ho se snahou o v\u00fdsm\u011bch a samoz\u0159ejm\u011b na sv\u00e9 si p\u0159i\u0161la i n\u011bkter\u00e1 sexistick\u00e1 pras\u00e1te\u010dka, kter\u00e1 m\u00edsto odbornost\u00ed jednotliv\u00fdch \u017een \u0159e\u0161ila to, jak vypadaj\u00ed, zda jsou tlust\u00e9, nebo tenk\u00e9 a co maj\u00ed zrovna na sob\u011b. Zkr\u00e1tka nikdy v minulosti nebyla politika z\u00e1bavn\u011bj\u0161\u00ed. Heslem se stalo ono d\u016fv\u011brn\u011b zn\u00e1m\u00e9: B\u011bda mu\u017e\u016fm, kter\u00fdm \u017eena vl\u00e1dne.\u201c<\/p>\n<p>A jak by to s novou stranou ve volb\u00e1ch dopadlo? \u201eV\u0161echno do sebe zapadlo a negativn\u00ed kampa\u0148 mo\u017en\u00e1 nakonec rozhodla. \u017deny toti\u017e kone\u010dn\u011b volily \u017eeny a formace rozdrtila konkurenci. Mohla sestavovat vl\u00e1du. Zazvonil zvonec, ale to zdaleka nebyl je\u0161t\u011b konec. Za\u010daly se toti\u017e d\u00edt neuv\u011b\u0159iteln\u00e9 v\u011bci\u2026,\u201c uzav\u00edr\u00e1 sv\u016fj blog Veronika Vendlov\u00e1, kter\u00e1 m\u00e1 za sebou zku\u0161enosti v komun\u00e1ln\u00ed politice.<\/p>\n<section class=\"related-articles-wrap\">Odkaz na zm\u00edn\u011bn\u00fd \u010dl\u00e1nek na serveru iDNES.cz sd\u00edlel tak\u00e9 sociolog Petr Hampl, kter\u00fd k tomu p\u0159ipsal: \u201eV\u00edt\u00e1me v klubu politicky nekorektn\u00edch.\u201c V reakci na to advok\u00e1tka Kl\u00e1ra Samkov\u00e1 napsala: \u201eTak\u017ee tady m\u00e1me po r\u00e1nu dva z na\u0161ich vlastn\u00edch \u0159ad, kter\u00fdm ten isl\u00e1m vlastn\u011b vyhovuje. Petr Hampl a Ladislav Jakl. B\u011b\u017ete se, p\u00e1nov\u00e9, vycpat,\u201c uvedla.<\/p>\n<p><em><strong>Cel\u00fd text p\u0159\u00edsp\u011bvku Kl\u00e1ry Samkov\u00e9 na jej\u00edm facebookov\u00e9m profilu:<\/strong><\/em><\/p>\n<p><em>Tak\u017ee tady m\u00e1me po r\u00e1nu dva z na\u0161ich vlastn\u00edch \u0159ad, kter\u00fdm ten isl\u00e1m vlastn\u011b vyhovuje. Petr Hampl a Ladislav Jakl. B\u011b\u017ete se, p\u00e1nov\u00e9 vycpat.<\/em><\/p>\n<p><a href=\"http:\/\/www.parlamentnilisty.cz\/arena\/monitor\/Bezte-se-vycpat-Zeny-se-smeji-Ladislavu-Jaklovi-za-to-cim-je-vcera-osprchoval-466888\">Zdroj<\/a><\/p>\n<\/section>\n","protected":false},"excerpt":{"rendered":"<p>Origin\u00e1ln\u00edm zp\u016fsobem reagovala blogerka na sv\u00e9m blogu na serveru Aktu\u00e1ln\u011b.cz Veronika Vendlov\u00e1 na posledn\u00ed provokativn\u00ed v\u00fdrok Ladislava Jakla, spolupracovn\u00edka exprezidenta V\u00e1clava Klause.<\/p>\n","protected":false},"author":1,"featured_media":0,"comment_status":"open","ping_status":"open","sticky":false,"template":"","format":"standard","meta":{"ngg_post_thumbnail":0,"footnotes":""},"categories":[11],"tags":[],"class_list":["post-7414","post","type-post","status-publish","format-standard","hentry","category-ozvena"],"_links":{"self":[{"href":"https:\/\/www.ladislavjakl.cz\/index.php?rest_route=\/wp\/v2\/posts\/7414","targetHints":{"allow":["GET"]}}],"collection":[{"href":"https:\/\/www.ladislavjakl.cz\/index.php?rest_route=\/wp\/v2\/posts"}],"about":[{"href":"https:\/\/www.ladislavjakl.cz\/index.php?rest_route=\/wp\/v2\/types\/post"}],"author":[{"embeddable":true,"href":"https:\/\/www.ladislavjakl.cz\/index.php?rest_route=\/wp\/v2\/users\/1"}],"replies":[{"embeddable":true,"href":"https:\/\/www.ladislavjakl.cz\/index.php?rest_route=%2Fwp%2Fv2%2Fcomments&post=7414"}],"version-history":[{"count":1,"href":"https:\/\/www.ladislavjakl.cz\/index.php?rest_route=\/wp\/v2\/posts\/7414\/revisions"}],"predecessor-version":[{"id":7415,"href":"https:\/\/www.ladislavjakl.cz\/index.php?rest_route=\/wp\/v2\/posts\/7414\/revisions\/7415"}],"wp:attachment":[{"href":"https:\/\/www.ladislavjakl.cz\/index.php?rest_route=%2Fwp%2Fv2%2Fmedia&parent=7414"}],"wp:term":[{"taxonomy":"category","embeddable":true,"href":"https:\/\/www.ladislavjakl.cz\/index.php?rest_route=%2Fwp%2Fv2%2Fcategories&post=7414"},{"taxonomy":"post_tag","embeddable":true,"href":"https:\/\/www.ladislavjakl.cz\/index.php?rest_route=%2Fwp%2Fv2%2Ftags&post=7414"}],"curies":[{"name":"wp","href":"https:\/\/api.w.org\/{rel}","templated":true}]}}