{"id":7416,"date":"2016-12-21T12:06:04","date_gmt":"2016-12-21T11:06:04","guid":{"rendered":"http:\/\/www.ladislavjakl.cz\/?p=7416"},"modified":"2017-01-10T14:10:49","modified_gmt":"2017-01-10T13:10:49","slug":"2017-rok-kontrarevoluce-ctvrta-rise-uz-ma-svuj-stalingrad-spolecnost-osvobozena-od-rozumu-neprezije-vzpoura-proti-nove-levici-osudove-sedmnactky-v-dejinach-konzervativci-hledi-do-budoucna-spise","status":"publish","type":"post","link":"https:\/\/www.ladislavjakl.cz\/?p=7416","title":{"rendered":"2017: Rok kontrarevoluce? \u010ctvrt\u00e1 \u0159\u00ed\u0161e u\u017e m\u00e1 sv\u016fj Stalingrad. Spole\u010dnost osvobozen\u00e1 od rozumu nep\u0159e\u017eije. Vzpoura proti nov\u00e9 levici? Osudov\u00e9 sedmn\u00e1ctky v d\u011bjin\u00e1ch. Konzervativci hled\u00ed do budoucna sp\u00ed\u0161e s nad\u011bj\u00ed"},"content":{"rendered":"<p><a href=\"http:\/\/protiproud.parlamentnilisty.cz\/autor\/radek-pokorny-.htm\">RADEK POKORN\u00dd <\/a>komentuje z\u00e1sadn\u00ed my\u0161lenky pond\u011bln\u00edch Hovor\u016f na pravici a p\u0159in\u00e1\u0161\u00ed videoz\u00e1znamy vystoupen\u00ed v\u0161ech \u010dty\u0159 \u0159e\u010dn\u00edk\u016f na &#8222;podzemn\u00ed porad\u011b&#8220; Akce D.O.S.T. P\u0159\u00ed\u0161t\u00ed rok bude patrn\u011b p\u0159elomov\u00fd. O\u010dek\u00e1vat &#8222;konzervativn\u00ed kontrarevoluci&#8220; by bylo zat\u00edm asi naivn\u00ed, ov\u0161em existuje nad\u011bje, \u017ee se v\u011bci ve\u0159ejn\u00e9 po dlouh\u00fdch letech levi\u010d\u00e1ck\u00e9ho &#8222;temna&#8220; mohou za\u010d\u00edt ub\u00edrat lep\u0161\u00edm sm\u011brem. Shodli se na tom \u010dty\u0159i dosti rozd\u00edln\u00ed panelist\u00e9 v\u00a0po\u0159ad\u00ed ji\u017e dvac\u00e1t\u00fdch Hovor\u016f na pravici, po\u0159\u00e1dan\u00fdch konzervativn\u00ed\u00a0<a href=\"http:\/\/www.akce-dost.cz\/\">Akc\u00ed D.O.S.T.<\/a><br \/>\n<!--more--><\/p>\n<h2>Rok 2017 bude rokem rozhoduj\u00edc\u00edm<\/h2>\n<p>\u0160\u00e9fredaktor Protiproudu Petr H\u00e1jek ve sv\u00e9m vystoupen\u00ed varoval, \u017ee i kdy\u017e se\u00a0v\u011bci na prvn\u00ed pohled zdaj\u00ed velmi nad\u011bjn\u00e9, je p\u0159ed n\u00e1mi je\u0161t\u011b dlouh\u00e1 cesta pln\u00e1 fat\u00e1ln\u00edch nebezpe\u010d\u00ed. <em>&#8222;To, \u010demu \u0159\u00edk\u00e1me establishment nebo elity v\u00a0tom nej\u0161ir\u0161\u00edm smyslu slova &#8211; nejedn\u00e1 se jen o v\u0161echny politick\u00e9 struktury, ale tak\u00e9 o neziskovky a nepolitick\u00e9 struktury, kter\u00fdm \u0159\u00edk\u00e1me kav\u00e1rna &#8211; ti v\u0161ichni uchopili mocensk\u00e9, medi\u00e1ln\u00ed a dal\u0161\u00ed p\u00e1ky a porazili autentickou politiku.&#8220;<\/em> Establishment podle n\u011bho za\u010d\u00edn\u00e1 nar\u00e1\u017eet na zat\u00edm nep\u0159\u00edli\u0161 organizovan\u00fd, spont\u00e1nn\u00ed odpor probouzej\u00edc\u00ed se ve\u0159ejnosti.<\/p>\n<p><em>&#8222;Je\u0161t\u011b nejde o kontrarevoluci, zat\u00edm je to sp\u00ed\u0161e jen protest. Z\u00e1rodky vzpoury proti st\u00e1vaj\u00edc\u00ed moci, kter\u00e1 obep\u00edn\u00e1 spole\u010dnost mnoha obru\u010demi. V\u00a0d\u016fsledku toho se za\u010d\u00edn\u00e1 odspoda rodit to, co re\u017eim absolutn\u011b nechce, \u010deho se\u00a0nejv\u00edc boj\u00ed, to jest autentick\u00e1 politika.&#8220;<\/em><\/p>\n<p>Ka\u017edop\u00e1dn\u011b nadch\u00e1zej\u00edc\u00ed rok 2017 bude podle n\u011bho v\u00a0mnoha ohledech rokem velmi d\u016fle\u017eit\u00fdm a v lec\u010dems i rozhoduj\u00edc\u00edm. <em>&#8222;Kladu si ot\u00e1zku, co se m\u016f\u017ee v\u00a0p\u0159\u00ed\u0161t\u00edm roce st\u00e1t. Moje odpov\u011b\u010f je st\u00e1le stejn\u00e1. St\u00e1t se m\u016f\u017ee v\u00a0podstat\u011b cokoli. To nejv\u00e1\u017en\u011bj\u0161\u00ed, co p\u0159ed n\u00e1mi je, je nebezpe\u010d\u00ed v\u00e1lky s\u00a0Ruskem, kter\u00e1 sice u\u017e prob\u00edh\u00e1, ale po\u0159\u00e1d hroz\u00ed, \u017ee tato v\u00e1lka vstoup\u00ed do sv\u00e9 osudov\u00e9 nevratn\u00e9 termin\u00e1ln\u00ed podoby. Bylo by stra\u0161n\u011b kr\u00e1tkozrak\u00e9 si myslet, \u017ee v\u00edt\u011bzstv\u00edm Donalda Trumpa se tato v\u00e1lka vzdaluje. Jsem p\u0159esv\u011bd\u010den skoro o opaku,&#8220;<\/em>\u00a0varoval H\u00e1jek. Trump rozhodn\u011b p\u0159edstavuje velkou nad\u011bji, ale na druhou stranu si nem\u00e1me d\u011blat p\u0159\u00edli\u0161n\u00e9 iluze o skute\u010dn\u00e9 moci kter\u00e9hokoli americk\u00e9ho prezidenta.<\/p>\n<p>\u0160\u00e9fredaktor Protiproudu tak\u00e9 pouk\u00e1zal na duchovn\u00ed dimenzi p\u0159\u00ed\u0161t\u00edch ud\u00e1lost\u00ed, v\u010detn\u011b zjevn\u00e9ho odd\u011blov\u00e1n\u00ed Bo\u017e\u00edho lidu, k n\u011bmu\u017e v\u00a0t\u011bchto \u010dasech zvolna doch\u00e1z\u00ed. <em>&#8222;Co se stane, nev\u00edme. Ale \u017ee se stane n\u011bco z\u00e1sadn\u00edho, o tom jsem p\u0159esv\u011bd\u010den. A\u0165 ji\u017e p\u016fjde o katastrofu, nebo o pozitivn\u00ed v\u00fdchodisko. P\u0159\u00edpadn\u011b oboj\u00ed. Nic nez\u016fstane, jak bylo. Mo\u017en\u00e1 si toho v\u011bt\u0161ina lid\u00ed ani nev\u0161imne. Bu\u010f proto, \u017ee ji\u017e v\u00a0tomto sv\u011bt\u011b nebudou &#8211; to je ta katastrofick\u00e1 varianta &#8211; anebo proto, \u017ee mu p\u0159estanou zcela rozum\u011bt a jeho kulisami odkr\u00e1\u010dej\u00ed do nikam. A nebo se zm\u011bn\u00ed. Teprve to by byla skute\u010dn\u00e1 kontrarevoluce.&#8220;<\/em><\/p>\n<p><em><iframe loading=\"lazy\" src=\"http:\/\/www.youtube.com\/embed\/mDobPPc0UO8\" width=\"420\" height=\"350\" data-mce-fragment=\"1\"><\/iframe><br \/>\n<\/em><\/p>\n<p><em>\u00davodn\u00ed slovo a vystoupen\u00ed Petra H\u00e1jka<\/em><\/p>\n<h2>Plamen str\u00e1\u017ec\u016f hodnot<\/h2>\n<p>Bl\u00edzk\u00fd spolupracovn\u00edk exprezidenta V\u00e1clava Klause Ladislav Jakl upozornil, \u017ee nem\u016f\u017eeme o\u010dek\u00e1vat takov\u00e9 z\u00e1sadn\u00ed zm\u011bny, kter\u00e9 bychom mohli nazvat kontrarevoluc\u00ed, v\u00a0\u0159\u00e1du m\u011bs\u00edc\u016f. Pravd\u011bpodobn\u011bj\u0161\u00ed je, \u017ee tento proces potrv\u00e1 n\u011bkolik let &#8211; av\u0161ak nakonec bude st\u00e1vaj\u00edc\u00ed revolu\u010dn\u00ed moc pora\u017eena.<\/p>\n<p><em>&#8222;Sv\u011bt kolem n\u00e1s se v\u00a0lec\u010dems viditeln\u011b v\u00a0budoucnosti zm\u011bn\u00ed. Za n\u011bjak\u00fdch p\u011bt a\u017e \u0161est let budeme po str\u00e1nce mocensk\u00e9 i jin\u00e9 \u017e\u00edt ve sv\u011bt\u011b odli\u0161n\u00e9m od toho dne\u0161n\u00edho, poznamenan\u00e9m kontrarevoluc\u00ed v\u00a0roce 2017,&#8220;<\/em> p\u0159edpokl\u00e1d\u00e1 Jakl. Z\u00e1rove\u0148 v\u0161ak vyslovil obavu, \u017ee v\u00a0horizontu n\u011bkolika des\u00edtek let se postdemokratick\u00e9 havlistick\u00e9 s\u00edly mohou vr\u00e1tit je\u0161t\u011b siln\u011bj\u0161\u00ed. A naopak &#8211; v\u00a0je\u0161t\u011b del\u0161\u00ed perspektiv\u011b budou tyto revolu\u010dn\u00ed s\u00edly snad definitivn\u011b pora\u017eeny. Na ot\u00e1zku co s\u00a0touto situac\u00ed m\u00e1me d\u011blat my, existuje podle n\u011bho jedin\u00e1 odpov\u011b\u010f. <em>&#8222;Nikdo jin\u00fd ne\u017e my tento plamen p\u0159es d\u00e9\u0161\u0165 nep\u0159enese. Plamen str\u00e1\u017ec\u016f hodnot. Plamen pam\u011bti. Ale tak\u00e9 plamen my\u0161len\u00ed.&#8220;<\/em><\/p>\n<p><em><iframe loading=\"lazy\" src=\"http:\/\/www.youtube.com\/embed\/i8C7SouBp9A\" width=\"420\" height=\"350\" data-mce-fragment=\"1\"><\/iframe><\/em><\/p>\n<p><em>Hovo\u0159\u00ed Ladislav Jakl<\/em><\/p>\n<h2>Vzpoura proti \u201eNov\u00e9 levici\u201c<\/h2>\n<p>O pozn\u00e1n\u00ed optimisti\u010dt\u011bj\u0161\u00ed byl ve sv\u00e9m vystoupen\u00ed pedagog, \u0161kolsk\u00fd expert ODS a popul\u00e1rn\u00ed bloger V\u00e1clav Kaus ml. Ten kontrarevoluci ch\u00e1pe jako vzpouru proti dnes vl\u00e1dnouc\u00ed &#8222;nov\u00e9 levici&#8220; &#8211; a\u0165 u\u017e je to obamovsk\u00e1 Amerika, nebo v\u016fd\u010d\u00ed soudruzi z EU &#8211; Schulz \u010di Juncker. <em>&#8222;K jednomu z\u00a0hlavn\u00edch motiv\u016f jejich jedn\u00e1n\u00ed pat\u0159\u00ed nen\u00e1vist v\u016f\u010di rodin\u00e1m. Nen\u00e1vist v\u016f\u010di n\u00e1rod\u016fm a klasick\u00e9mu vzd\u011bl\u00e1v\u00e1n\u00ed. A samoz\u0159ejm\u011b snaha o ovl\u00e1d\u00e1n\u00ed mas modern\u00edmi technologick\u00fdmi metodami.&#8220;<\/em><\/p>\n<p>Na ot\u00e1zku zda s\u00edly, kter\u00e9 se tomuto trendu br\u00e1n\u00ed, dos\u00e1hnou n\u011bjak\u00e9ho \u00fasp\u011bchu, odpov\u00edd\u00e1 Klaus s\u00a0opatrn\u00fdm optimismem. <em>&#8222;Nejsem prognostik, ale p\u0159\u00e1l bych si, aby nastartovan\u00fd dominov\u00fd efekt v\u00a0Evrop\u011b pokra\u010doval. (&#8230;) Vid\u00edme zm\u011bny v\u00a0Polsku. Vid\u00edme zm\u011bny v Ma\u010farsku, v\u00a0rakousk\u00e9 politice, \u010d\u00e1ste\u010dn\u011b v\u00a0N\u011bmecku. Vid\u00edme zm\u011bnu v\u00a0Brit\u00e1nii a velkou zm\u011bnu ve Spojen\u00fdch st\u00e1tech.&#8220;<\/em><\/p>\n<p><em>&#8222;Brexit, byl pro europeisty jako por\u00e1\u017eka pod Moskvou &#8211; a v\u00edt\u011bzstv\u00ed Trumpa je pro n\u011b Stalingrad.&#8220;<\/em> Brusel podle n\u011bho ztr\u00e1c\u00ed spoustu sv\u00fdch mocensk\u00fdch n\u00e1stroj\u016f.<\/p>\n<p>Klaus tak\u00e9 zd\u016fraznil, \u017ee demokracie je mo\u017en\u00e1 pouze v\u00a0n\u00e1rodn\u00edch st\u00e1tech. <em>&#8222;Zem\u011b, kter\u00e9 nemaj\u00ed hranice, sm\u011b\u0159uj\u00ed k\u00a0z\u00e1niku. Kdy\u017e se pod\u00edv\u00e1me do Evropy, tak vid\u00edme \u017ee EU hranice nem\u00e1.&#8220;<\/em> Migra\u010dn\u00ed vlna by podle n\u011bho nebyla v t\u00e9to podob\u011b v\u016fbec mo\u017en\u00e1, pokud by existovaly n\u00e1rodn\u00ed st\u00e1ty se sv\u00fdmi hranicemi.<\/p>\n<p>Podle V\u00e1clava Klause mlad\u0161\u00edho je t\u0159eba se br\u00e1nit &#8222;toxick\u00fdm&#8220; sebevra\u017eedn\u00fdm ideologi\u00edm jako je multikulturalismus nebo gender, a tak\u00e9 \u010d\u00edm d\u00e1l vet\u0161\u00ed dominanci agendy lidsk\u00fdch pr\u00e1v. Na z\u00e1v\u011br vyzval p\u0159\u00edtomn\u00e9 k\u00a0aktivit\u011b ve\u00a0v\u0161ech sm\u011brech. <em>&#8222;Ka\u017ed\u00fd a\u0165 si najde sv\u00e9 m\u00edsto, aby mohl odpov\u011bd\u011bt na ot\u00e1zku: &#8218;\u010c\u00edm jsi p\u0159isp\u011bl k\u00a0rezistenci proti totalit\u011b moci Nov\u00e9 levice?'&#8220;<\/em><\/p>\n<p><em><iframe loading=\"lazy\" src=\"http:\/\/www.youtube.com\/embed\/r1LNV7YyU14\" width=\"420\" height=\"350\" data-mce-fragment=\"1\"><\/iframe><br \/>\n<\/em><\/p>\n<p><em>My\u0161lenky V\u00e1clava Klause mlad\u0161\u00edho<\/em><\/p>\n<h2>Osudov\u00e9 sedmn\u00e1ctky<\/h2>\n<p>M\u00edstop\u0159edseda Akce D.O.S.T. Michal Sem\u00edn, moder\u00e1tor cel\u00e9 &#8222;podzemn\u00ed porady konzervativc\u016f&#8220;, ve sv\u00e9m p\u0159\u00edsp\u011bvku pouk\u00e1zal na viditelnou skute\u010dnost &#8211; pozvoln\u00e9 probouzen\u00ed cel\u00e9 spole\u010dnosti nazna\u010duj\u00edc\u00ed bl\u00ed\u017e\u00edc\u00ed se zm\u011bny. To podle n\u011bho m\u016f\u017eeme vid\u011bt nejen v\u00a0Praze, ale ve st\u00e1le v\u011bt\u0161\u00ed m\u00ed\u0159e i mimo hlavn\u00ed m\u011bsto, kde se lid\u00e9 tak\u00e9 sch\u00e1zej\u00ed a st\u00e1le \u010dast\u011bji a z\u0159eteln\u011bji projevuj\u00ed v\u016fli ke zm\u011bn\u00e1m.<\/p>\n<p>Kdy\u017e hovo\u0159\u00edme o skute\u010dn\u00e9 kontrarevoluci, mus\u00edme si podle Sem\u00edna uv\u011bdomit, \u017ee to cel\u00e9 znamen\u00e1 skute\u010dn\u00fd rozchod s\u00a0my\u0161lenkami revoluce &#8211; a tedy i obnovu \u0159\u00e1du, kter\u00fd je t\u011bmto my\u0161lenk\u00e1m ciz\u00ed. <em>&#8222;Brexit, v\u00edt\u011bzstv\u00ed Donalda Trumpa, mo\u017en\u00e9 v\u00edt\u011bzstv\u00ed eurokritick\u00fdch sil ve Francii, Nizozem\u00ed a v N\u011bmecku jsou pouze pozitivn\u00edm p\u0159\u00edznakem zm\u011bn, kter\u00e9 by mohly ke\u00a0skute\u010dn\u00e9 kontrarevoluci teprve postupn\u011b v\u00e9st.&#8220;<\/em><\/p>\n<p>Michal Sem\u00edn tak\u00e9 upozornil na historickou skute\u010dnost, p\u0159elomov\u00e9 roky zakon\u010den\u00e9 sedmn\u00e1ctkou. Po\u010d\u00e1tek t\u011bchto rozkladn\u00fdch spole\u010densk\u00fdch proces\u016f m\u016f\u017eeme vysledovat ji\u017e v\u00a0roce 1517, kdy na sc\u00e9nu vstoupil Martin Luther. <em>&#8222;Mysl\u00edm, \u017ee Lutherovy plody vzpoury proti autorit\u011b C\u00edrkve m\u016f\u017eeme shrnout do jednoho bodu. Nast\u00e1v\u00e1 \u00e9ra subjektivismu. Luther &#8222;osvobodil&#8220; \u010dlov\u011bka od rozumu.&#8220;<\/em><\/p>\n<p>Dal\u0161\u00edm d\u016fle\u017eit\u00fdm datem je rok 1717, nebo\u0165 v tomto roce byla v\u00a0Lond\u00fdn\u011b zalo\u017eena prvn\u00ed svobodozedn\u00e1\u0159sk\u00e1 l\u00f3\u017ee. Byly tak polo\u017eeny z\u00e1klady pro pozd\u011bj\u0161\u00ed Francouzskou revoluci.<\/p>\n<p>T\u0159et\u00ed takov\u00e9 datum je rok 1917. Rok bol\u0161evick\u00e9 revoluce, zavr\u0161uj\u00edc\u00ed pozvoln\u00fd rozkladn\u00fd proces p\u0159edch\u00e1zej\u00edc\u00edch stalet\u00ed. Jeho plody m\u00e1me denn\u011b na o\u010d\u00edch: Idea nov\u00e9ho \u010dlov\u011bka, nov\u00e9 spole\u010dnosti. <em>&#8222;Tentokr\u00e1t se jedn\u00e1 o osvobozen\u00ed \u010dlov\u011bka od samotn\u00e9 lidsk\u00e9 p\u0159irozenosti a v\u0161eho, co po stalet\u00ed utv\u00e1\u0159elo na\u0161i identitu. Osobn\u00ed i n\u00e1rodn\u00ed.&#8220;<\/em><\/p>\n<p><em><iframe loading=\"lazy\" src=\"http:\/\/www.youtube.com\/embed\/yOWqaIC60C0\" width=\"420\" height=\"350\" data-mce-fragment=\"1\"><\/iframe><\/em><\/p>\n<p><em>Hovo\u0159\u00ed Michal Sem\u00edn<\/em><\/p>\n<h2>100 let od Fatimy<\/h2>\n<p>Skute\u010dn\u00e1 kontrarevoluce m\u016f\u017ee nastat teprve tehdy, kdy\u017e si v\u00a0dostate\u010dn\u00e9m po\u010dtu a intenzit\u011b uv\u011bdom\u00edme z\u00e1kladn\u00ed \u017eivotn\u00ed pot\u0159ebu hodnot, kter\u00e9 se revolucion\u00e1\u0159\u016fm poda\u0159ilo v\u00a0soukrom\u00e9m i ve\u0159ejn\u00e9m \u017eivot\u011b zpochybnit, nebo zcela odstranit. Kontrarevoluce je mo\u017en\u00e1 jen v\u00a0n\u00e1vratu k Pravd\u011b, \u0159\u00e1du a Bohu.<\/p>\n<p>Sem\u00edn vyj\u00e1d\u0159il stejn\u011b jako ostatn\u00ed panelist\u00e9 p\u0159\u00e1n\u00ed &#8211; aby \u00fasp\u011bchy eurokritick\u00fdch sil, kter\u00e9 jsme mohly zaznamenat v\u00a0leto\u0161n\u00edm roce, byly p\u0159edzv\u011bst\u00ed skute\u010dn\u00e9 kontrarevoluce.<\/p>\n<p>V z\u00e1v\u011bru sv\u00e9ho vystoupen\u00ed potom upozornil na dost mo\u017en\u00e1 nejv\u00fdznamn\u011bj\u0161\u00ed d\u016fkaz mimo\u0159\u00e1dn\u00e9ho v\u00fdznamu nadch\u00e1zej\u00edc\u00edho roku &#8211; uplyne sto let od fatimsk\u00e9ho zjeven\u00ed Panny Marie, kter\u00e9 m\u00e1 pro na\u0161i dobu zcela z\u00e1sadn\u00ed v\u00fdznam. Z\u00a0fatimsk\u00e9ho proroctv\u00ed se dozv\u00edme, co sv\u011btu v\u00a0t\u011bchto letech bezprost\u0159edn\u011b hroz\u00ed a jak z\u00a0t\u00e9 \u0161lamastyky ven.<\/p>\n<p><em>&#8222;Jsem osobn\u011b p\u0159esv\u011bd\u010den, \u017ee v\u00a0p\u0159\u00ed\u0161t\u00edm roce na tyto ot\u00e1zky dostaneme n\u011bjak\u00e9 odpov\u011bdi. Jedno je ale jist\u00e9 u\u017e dnes ve\u010der. V cel\u00e9m tomhle dramatu nejsme pasivn\u00edmi div\u00e1ky.&#8220;<\/em><\/p>\n<p>O tom, jak\u00fd bude sv\u011bt v\u00a0roce 2017 a po n\u011bm, rozhodne do zna\u010dn\u00e9 m\u00edry sv\u00fdmi postoji a \u010diny ka\u017ed\u00fd z n\u00e1s.<\/p>\n<p><a href=\"http:\/\/protiproud.parlamentnilisty.cz\/politika\/2844-2017-rok-kontrarevoluce-ctvrta-rise-uz-ma-svuj-stalingrad-spolecnost-osvobozena-od-rozumu-neprezije-vzpoura-proti-nove-levici-osudove-sedmnactky-v-dejinach-konzervativci-hledi-do-budoucna-spise-s-nadeji.htm\">Zdroj<\/a><\/p>\n","protected":false},"excerpt":{"rendered":"<p>RADEK POKORN\u00dd komentuje z\u00e1sadn\u00ed my\u0161lenky pond\u011bln\u00edch Hovor\u016f na pravici a p\u0159in\u00e1\u0161\u00ed videoz\u00e1znamy vystoupen\u00ed v\u0161ech \u010dty\u0159 \u0159e\u010dn\u00edk\u016f na &#8222;podzemn\u00ed porad\u011b&#8220; Akce D.O.S.T. P\u0159\u00ed\u0161t\u00ed rok bude patrn\u011b p\u0159elomov\u00fd. O\u010dek\u00e1vat &#8222;konzervativn\u00ed kontrarevoluci&#8220; by bylo zat\u00edm asi naivn\u00ed, ov\u0161em existuje nad\u011bje, \u017ee se v\u011bci ve\u0159ejn\u00e9 po dlouh\u00fdch letech levi\u010d\u00e1ck\u00e9ho &#8222;temna&#8220; mohou za\u010d\u00edt ub\u00edrat lep\u0161\u00edm sm\u011brem. Shodli se na tom [&hellip;]<\/p>\n","protected":false},"author":1,"featured_media":0,"comment_status":"open","ping_status":"open","sticky":false,"template":"","format":"standard","meta":{"ngg_post_thumbnail":0,"footnotes":""},"categories":[11],"tags":[],"class_list":["post-7416","post","type-post","status-publish","format-standard","hentry","category-ozvena"],"_links":{"self":[{"href":"https:\/\/www.ladislavjakl.cz\/index.php?rest_route=\/wp\/v2\/posts\/7416","targetHints":{"allow":["GET"]}}],"collection":[{"href":"https:\/\/www.ladislavjakl.cz\/index.php?rest_route=\/wp\/v2\/posts"}],"about":[{"href":"https:\/\/www.ladislavjakl.cz\/index.php?rest_route=\/wp\/v2\/types\/post"}],"author":[{"embeddable":true,"href":"https:\/\/www.ladislavjakl.cz\/index.php?rest_route=\/wp\/v2\/users\/1"}],"replies":[{"embeddable":true,"href":"https:\/\/www.ladislavjakl.cz\/index.php?rest_route=%2Fwp%2Fv2%2Fcomments&post=7416"}],"version-history":[{"count":4,"href":"https:\/\/www.ladislavjakl.cz\/index.php?rest_route=\/wp\/v2\/posts\/7416\/revisions"}],"predecessor-version":[{"id":7476,"href":"https:\/\/www.ladislavjakl.cz\/index.php?rest_route=\/wp\/v2\/posts\/7416\/revisions\/7476"}],"wp:attachment":[{"href":"https:\/\/www.ladislavjakl.cz\/index.php?rest_route=%2Fwp%2Fv2%2Fmedia&parent=7416"}],"wp:term":[{"taxonomy":"category","embeddable":true,"href":"https:\/\/www.ladislavjakl.cz\/index.php?rest_route=%2Fwp%2Fv2%2Fcategories&post=7416"},{"taxonomy":"post_tag","embeddable":true,"href":"https:\/\/www.ladislavjakl.cz\/index.php?rest_route=%2Fwp%2Fv2%2Ftags&post=7416"}],"curies":[{"name":"wp","href":"https:\/\/api.w.org\/{rel}","templated":true}]}}