{"id":742,"date":"2011-01-06T10:34:42","date_gmt":"2011-01-06T09:34:42","guid":{"rendered":"http:\/\/www.ladislavjakl.cz\/?p=742"},"modified":"2011-01-06T10:34:42","modified_gmt":"2011-01-06T09:34:42","slug":"vsichni-si-otevrete-sodovku-nabada-jakl","status":"publish","type":"post","link":"https:\/\/www.ladislavjakl.cz\/?p=742","title":{"rendered":"V\u0161ichni si otev\u0159ete sodovku, nab\u00e1d\u00e1 Jakl"},"content":{"rendered":"<p><strong>O glob\u00e1ln\u00edm  oteplov\u00e1n\u00ed se nejl\u00e9pe mluv\u00ed v l\u00e9t\u011b, kdy\u017e je venku t\u0159icet stup\u0148\u016f nad  nulou a asfalt na silnic\u00edch se rozt\u00e9k\u00e1. Prezident\u016fv tajemn\u00edk Ladislav  Jakl o n\u011bm ale nejrad\u011bji mluv\u00ed v zim\u011b. Kdy\u017e nasn\u011b\u017e\u00ed zase o trochu v\u00edc  ne\u017e rok p\u0159edt\u00edm.<\/strong><\/p>\n<p><strong><!--more--><\/strong>&#8222;Kosa jak svi\u0148a. Vlaky stoj\u00ed, letadla nel\u00e9taj\u00ed, auta kon\u010d\u00ed v\u00a0z\u00e1v\u011bj\u00edch,  kamiony a autobusy \u00a0uv\u00edzl\u00e9 na ledovk\u00e1ch, bezdomovci mrznou, domovci  plat\u00ed za teplo jak vztekl\u00ed. K\u00e9\u017e by se glob\u00e1ln\u011b oteplilo!&#8220; p\u00ed\u0161e Jakl na  sv\u00e9m blogu na serveru idnes.cz.<\/p>\n<p>A popisuje, jak by bylo na sv\u011bt\u011b hezky, kdyby byla zima alespo\u0148 o deset  dn\u016f krat\u0161\u00ed. &#8222;Jeden den na posypu silnic a odhrnov\u00e1n\u00ed sn\u011bhu z\u00a0nich stoj\u00ed  kolem miliardy korun. Kdyby se oteplilo jen malilinko, t\u0159eba tak, \u017ee by  po\u010det sn\u011bhov\u00fdch dn\u016f v\u00a0nadmo\u0159sk\u00e9 v\u00fd\u0161ce 300 m klesl za sez\u00f3nu o deset,  d\u011blalo by to deset miliard ro\u010dn\u011b,&#8220; vypo\u010d\u00edt\u00e1v\u00e1.<\/p>\n<p>&#8222;K\u00a0tomu o zhruba 125 miliard m\u00e9n\u011b za opravy zimou poni\u010den\u00fdch silnic.  Dal\u0161\u00ed miliardy by se u\u0161et\u0159ily d\u00edky ni\u017e\u0161\u00edm \u0161kod\u00e1m vznikl\u00fdm v zim\u011b  nedod\u00e1n\u00edm z\u00e1silek a n\u00e1klad\u016f. Miliardy a miliardy u\u0161et\u0159en\u00e9 na n\u00e1kladech  za vyt\u00e1p\u011bn\u00ed. A jist\u011b by si ka\u017ed\u00fd za sv\u016fj obor dosadil dal\u0161\u00ed ohromn\u00e9  \u010d\u00e1stky, kter\u00e9 by se dalo u\u0161et\u0159it, kdyby zima byla jen o 10 dn\u016f krat\u0161\u00ed.&#8220;<\/p>\n<p><strong>M\u00edsto toho se zab\u00fdv\u00e1me virtu\u00e1ln\u00edmi \u0161kodami<\/strong><\/p>\n<p>M\u00edsto toho, abychom se pr\u00fd zamysleli nad re\u00e1ln\u00fdmi \u0161kodami, stra\u0161\u00ed n\u00e1s  v\u0161ichni \u00fadajn\u00fdmi \u0161kodami, &#8222;co pr\u00fd ur\u010dit\u011b mo\u017en\u00e1 snad p\u0159ijdou za 50 let,  kdy\u017e po\u0159\u00e1dn\u011b nezaplat\u00edme&#8220;.<\/p>\n<p>&#8222;Nepla\u0165me,&#8220; vyz\u00fdv\u00e1 Jakl. &#8222;Nebojujme s\u00a0teplem. Bojujme se zimou. Otev\u0159ete  doma v\u0161ichni aspo\u0148 jednu sodovku denn\u011b, a\u0165 se do vzduchu dostane n\u011bjak\u00fd  ten kysli\u010dn\u00edk uhli\u010dit\u00fd, kter\u00fd n\u00e1s pr\u00fd otepluje!&#8220;<\/p>\n<p><strong>Oteplujme, ochlazujme. Anebo to nechme b\u00fdt<\/strong><\/p>\n<p>I kdy\u017e ono pak zase p\u0159ijde l\u00e9to. &#8222;Je to tak \u00fadajn\u011b ka\u017ed\u00fd rok. A to n\u00e1s  zase bude \u0161tv\u00e1t vedro. A n\u00e1klady na provoz klimatizace. A ledni\u010dek. A na  chlazen\u00ed piva. Tak\u017ee ono by to cht\u011blo v\u00a0zim\u011b oteplovat a v\u00a0l\u00e9t\u011b  ochlazovat.&#8220;<\/p>\n<p>Anebo to nechat plavat. Vz\u00edt si tepl\u00e9 pono\u017eky, pop\u0159\u00edpad\u011b sand\u00e1ly. &#8222;Je to  lep\u0161\u00ed ne\u017e zkou\u0161et porou\u010det v\u011btru de\u0161ti za ohromn\u00e9 prachy, kter\u00e9 komusi  kon\u010d\u00ed v\u00a0kaps\u00e1ch.&#8220;<\/p>\n","protected":false},"excerpt":{"rendered":"<p>O glob\u00e1ln\u00edm oteplov\u00e1n\u00ed se nejl\u00e9pe mluv\u00ed v l\u00e9t\u011b, kdy\u017e je venku t\u0159icet stup\u0148\u016f nad nulou a asfalt na silnic\u00edch se rozt\u00e9k\u00e1. Prezident\u016fv tajemn\u00edk Ladislav Jakl o n\u011bm ale nejrad\u011bji mluv\u00ed v zim\u011b. Kdy\u017e nasn\u011b\u017e\u00ed zase o trochu v\u00edc ne\u017e rok p\u0159edt\u00edm.<\/p>\n","protected":false},"author":1,"featured_media":0,"comment_status":"open","ping_status":"open","sticky":false,"template":"","format":"standard","meta":{"ngg_post_thumbnail":0,"footnotes":""},"categories":[11],"tags":[],"class_list":["post-742","post","type-post","status-publish","format-standard","hentry","category-ozvena"],"_links":{"self":[{"href":"https:\/\/www.ladislavjakl.cz\/index.php?rest_route=\/wp\/v2\/posts\/742","targetHints":{"allow":["GET"]}}],"collection":[{"href":"https:\/\/www.ladislavjakl.cz\/index.php?rest_route=\/wp\/v2\/posts"}],"about":[{"href":"https:\/\/www.ladislavjakl.cz\/index.php?rest_route=\/wp\/v2\/types\/post"}],"author":[{"embeddable":true,"href":"https:\/\/www.ladislavjakl.cz\/index.php?rest_route=\/wp\/v2\/users\/1"}],"replies":[{"embeddable":true,"href":"https:\/\/www.ladislavjakl.cz\/index.php?rest_route=%2Fwp%2Fv2%2Fcomments&post=742"}],"version-history":[{"count":1,"href":"https:\/\/www.ladislavjakl.cz\/index.php?rest_route=\/wp\/v2\/posts\/742\/revisions"}],"predecessor-version":[{"id":743,"href":"https:\/\/www.ladislavjakl.cz\/index.php?rest_route=\/wp\/v2\/posts\/742\/revisions\/743"}],"wp:attachment":[{"href":"https:\/\/www.ladislavjakl.cz\/index.php?rest_route=%2Fwp%2Fv2%2Fmedia&parent=742"}],"wp:term":[{"taxonomy":"category","embeddable":true,"href":"https:\/\/www.ladislavjakl.cz\/index.php?rest_route=%2Fwp%2Fv2%2Fcategories&post=742"},{"taxonomy":"post_tag","embeddable":true,"href":"https:\/\/www.ladislavjakl.cz\/index.php?rest_route=%2Fwp%2Fv2%2Ftags&post=742"}],"curies":[{"name":"wp","href":"https:\/\/api.w.org\/{rel}","templated":true}]}}