{"id":7442,"date":"2016-12-21T12:18:03","date_gmt":"2016-12-21T11:18:03","guid":{"rendered":"http:\/\/www.ladislavjakl.cz\/?p=7442"},"modified":"2016-12-21T13:21:09","modified_gmt":"2016-12-21T12:21:09","slug":"skutecna-liga-2016-ma-sve-viteze","status":"publish","type":"post","link":"https:\/\/www.ladislavjakl.cz\/?p=7442","title":{"rendered":"Skute\u010dn\u00e1 Liga 2016 m\u00e1 sv\u00e9 v\u00edt\u011bze"},"content":{"rendered":"<p>V\u00a0sobotu (<em>17.12.2016<\/em>) se v KD Mlejn uskute\u010dnilo fin\u00e1le 12. ro\u010dn\u00edku nejv\u011bt\u0161\u00ed hudebn\u00ed sout\u011b\u017ee neprofesion\u00e1ln\u00edch kapel u n\u00e1s <strong>Skute\u010dn\u00e1 Liga<\/strong>. Na leto\u0161n\u00ed ro\u010dn\u00edk se do sout\u011b\u017ee p\u0159ihl\u00e1silo 122 kapel, ze kter\u00fdch musela odborn\u00e1 porota vybrat pouze 5 nejlep\u0161\u00edch, kter\u00e9 postoup\u00ed do fin\u00e1le.<\/p>\n<p><!--more--><\/p>\n<p>Ka\u017ed\u00fdm rokem je toto rozhodov\u00e1n\u00ed t\u011b\u017e\u0161\u00ed a t\u011b\u017e\u0161\u00ed, jeliko\u017e se \u00farove\u0148 m\u00edstn\u00edch kapel st\u00e1le zvy\u0161uje. Nicm\u00e9n\u011b se mezi v\u0161emi z\u00fa\u010dastn\u011bn\u00fdmi na\u0161lo p\u011bt opravdov\u00fdch talent\u016f, kte\u0159\u00ed se probojovali a\u017e do \u00fapln\u00e9ho fin\u00e1le. Jsou to kapely <strong>Cox <\/strong><strong>&amp; Vox,Sabina Lud\u00e1nyiov\u00e1, DMG <\/strong><strong>&amp; The Funky Terrorist, Idio &amp; Idio a Black Mercury<\/strong>.<\/p>\n<p>O v\u00fdsledc\u00edch SL2016 rozhodovala na\u0161e odborn\u00e1 porota, kter\u00e1 se skl\u00e1d\u00e1 z\u00a0<em>Luk\u00e1\u0161e Fouska, Bohumila Zatloukala<\/em>, <em>Vladim\u00edra Zatloukala, Ladislava Jakla,<\/em> <em>Ji\u0159\u00edho Pila\u0159e, Jamajky Koblicov\u00e9, Petra Kor\u00e1la, Martina Polonyie, Zde\u0148ka Hnyka<\/em> a v\u00fdznamn\u00e9ho hosta, kter\u00fd do fin\u00e1lov\u00e9 poroty dorazil a\u017e ze Spojen\u00fdch St\u00e1t\u016f <em>Neila Turbina<\/em> b\u00fdval\u00e9ho \u010dlena skupiny <strong>Anthrax<\/strong>. Nakonec se porota rozhodla n\u00e1sledovn\u011b:<\/p>\n<p style=\"text-align: center;\"><strong>1. M\u00edsto<\/strong><br \/>\nIDIO&amp;IDIO (88,75b.)<\/p>\n<p style=\"text-align: center;\"><strong>2. M\u00edsto<\/strong><br \/>\nCOX&amp;VOX (86,75b.)<\/p>\n<p style=\"text-align: center;\"><strong>3. M\u00edsto<\/strong><br \/>\nBLACK MERCURY (84,25b.)<\/p>\n<p style=\"text-align: center;\"><strong>4. M\u00edsto<\/strong><br \/>\nSABINA LUD\u00c1NYIOV\u00c1 (81,5b.)<\/p>\n<p style=\"text-align: center;\"><strong>5. M\u00edsto<\/strong><br \/>\nDMG&amp;THE FUNKY TERRORIST (70,25b.)<\/p>\n<p>T\u00edmto v\u0161em fin\u00e1lov\u00fdm a z\u00fa\u010dastn\u011bn\u00fdm kapel\u00e1m gratulujeme a p\u0159ejeme mnoho \u00fasp\u011bch\u016f na hudebn\u00ed sc\u00e9n\u011b. Nejv\u011bt\u0161\u00ed gratulace ov\u0161em pat\u0159\u00ed kapele Idio&amp;Idio , kter\u00e1 se dostala p\u0159es celou sout\u011b\u017e a\u017e do \u00fapln\u00e9ho fin\u00e1le na 1. m\u00edsto. Velice se t\u011b\u0161\u00edme na budouc\u00ed spolupr\u00e1ci se v\u0161emi finalisty.<\/p>\n<p>Ka\u017ed\u00fdm rokem po\u0159\u00e1d\u00e1me i p\u0159ed\u00e1v\u00e1n\u00ed cen Music Talent Awards a ani 12. ro\u010dn\u00edk nebyl v\u00fdjimkou. Op\u011bt v\u0161em v\u00fdherc\u016fm i nominovan\u00fdm gratulujeme.<\/p>\n<p><strong><u>MTA 2016<\/u><\/strong><\/p>\n<p><strong>Muzikant roku:<\/strong> Pavel Bek (Charlotta)<br \/>\n<strong>Zp\u011bv\u00e1k roku:<\/strong> Jimy Cox (Cox&amp;Vox)<br \/>\n<strong>Zp\u011bva\u010dka roku:<\/strong> Sabina Lud\u00e1nyiov\u00e1<br \/>\n<strong>Kytara roku:<\/strong> Jan Lichtenberg (The Myne)<br \/>\n<strong>Image roku:<\/strong> Black Mercury<br \/>\n<strong>Osobnost roku:<\/strong> Jamajka Koblicov\u00e1<\/p>\n<p>V\u0161em kapel\u00e1m, partner\u016fm, porotc\u016fm a p\u0159\u00e1tel\u016fm Skute\u010dn\u00e9 Ligy mnohokr\u00e1t d\u011bkujeme za fantastick\u00fd 12. Ro\u010dn\u00edk sout\u011b\u017ee a budeme se na v\u00e1s op\u011bt t\u011b\u0161it v\u00a0p\u0159\u00ed\u0161t\u00edm roce.<\/p>\n<p>Kr\u00e1sn\u00e9 v\u00e1no\u010dn\u00ed sv\u00e1tky a \u0161\u0165astn\u00fd nov\u00fd rok p\u0159eje Skute\u010dn\u00e1 Liga!<\/p>\n<p><!-- index.php -->\n<div\n\tclass=\"ngg-galleryoverview\n\t ngg-ajax-pagination-none\t\"\n\tid=\"ngg-gallery-d1b65ba26bab969be6c3baddbe31df88-1\">\n\n\t\t\t<!-- Thumbnails -->\n\t\t\t\t<div id=\"ngg-image-0\" class=\"ngg-gallery-thumbnail-box\"\n\t\t\t\t\t\t\t\t\t\t\t>\n\t\t\t\t\t\t<div class=\"ngg-gallery-thumbnail\">\n\t\t\t<a href=\"https:\/\/www.ladislavjakl.cz\/wp-content\/gallery\/liga2016\/Music-Talent-Awards.jpg\"\n\t\t\t\ttitle=\"\"\n\t\t\t\tdata-src=\"https:\/\/www.ladislavjakl.cz\/wp-content\/gallery\/liga2016\/Music-Talent-Awards.jpg\"\n\t\t\t\tdata-thumbnail=\"https:\/\/www.ladislavjakl.cz\/wp-content\/gallery\/liga2016\/thumbs\/thumbs_Music-Talent-Awards.jpg\"\n\t\t\t\tdata-image-id=\"557\"\n\t\t\t\tdata-title=\"Music Talent Awards\"\n\t\t\t\tdata-description=\"\"\n\t\t\t\tdata-image-slug=\"music-talent-awards\"\n\t\t\t\tclass=\"shutterset_d1b65ba26bab969be6c3baddbe31df88\">\n\t\t\t\t<img\n\t\t\t\t\ttitle=\"Music Talent Awards\"\n\t\t\t\t\talt=\"Music Talent Awards\"\n\t\t\t\t\tsrc=\"https:\/\/www.ladislavjakl.cz\/wp-content\/gallery\/liga2016\/thumbs\/thumbs_Music-Talent-Awards.jpg\"\n\t\t\t\t\twidth=\"100\"\n\t\t\t\t\theight=\"75\"\n\t\t\t\t\tstyle=\"max-width:100%;\"\n\t\t\t\t\/>\n\t\t\t<\/a>\n\t\t<\/div>\n\t\t\t\t\t\t\t<\/div>\n\t\t\t\n\t\t\n\t\t\t\t<div id=\"ngg-image-1\" class=\"ngg-gallery-thumbnail-box\"\n\t\t\t\t\t\t\t\t\t\t\t>\n\t\t\t\t\t\t<div class=\"ngg-gallery-thumbnail\">\n\t\t\t<a href=\"https:\/\/www.ladislavjakl.cz\/wp-content\/gallery\/liga2016\/Neil-Turbin.jpg\"\n\t\t\t\ttitle=\" \"\n\t\t\t\tdata-src=\"https:\/\/www.ladislavjakl.cz\/wp-content\/gallery\/liga2016\/Neil-Turbin.jpg\"\n\t\t\t\tdata-thumbnail=\"https:\/\/www.ladislavjakl.cz\/wp-content\/gallery\/liga2016\/thumbs\/thumbs_Neil-Turbin.jpg\"\n\t\t\t\tdata-image-id=\"558\"\n\t\t\t\tdata-title=\"Neil Turbin\"\n\t\t\t\tdata-description=\" \"\n\t\t\t\tdata-image-slug=\"neil-turbin\"\n\t\t\t\tclass=\"shutterset_d1b65ba26bab969be6c3baddbe31df88\">\n\t\t\t\t<img\n\t\t\t\t\ttitle=\"Neil Turbin\"\n\t\t\t\t\talt=\"Neil Turbin\"\n\t\t\t\t\tsrc=\"https:\/\/www.ladislavjakl.cz\/wp-content\/gallery\/liga2016\/thumbs\/thumbs_Neil-Turbin.jpg\"\n\t\t\t\t\twidth=\"100\"\n\t\t\t\t\theight=\"75\"\n\t\t\t\t\tstyle=\"max-width:100%;\"\n\t\t\t\t\/>\n\t\t\t<\/a>\n\t\t<\/div>\n\t\t\t\t\t\t\t<\/div>\n\t\t\t\n\t\t\n\t\t\t\t<div id=\"ngg-image-2\" class=\"ngg-gallery-thumbnail-box\"\n\t\t\t\t\t\t\t\t\t\t\t>\n\t\t\t\t\t\t<div class=\"ngg-gallery-thumbnail\">\n\t\t\t<a href=\"https:\/\/www.ladislavjakl.cz\/wp-content\/gallery\/liga2016\/SL-2016.jpg\"\n\t\t\t\ttitle=\" \"\n\t\t\t\tdata-src=\"https:\/\/www.ladislavjakl.cz\/wp-content\/gallery\/liga2016\/SL-2016.jpg\"\n\t\t\t\tdata-thumbnail=\"https:\/\/www.ladislavjakl.cz\/wp-content\/gallery\/liga2016\/thumbs\/thumbs_SL-2016.jpg\"\n\t\t\t\tdata-image-id=\"559\"\n\t\t\t\tdata-title=\"SL 2016\"\n\t\t\t\tdata-description=\" \"\n\t\t\t\tdata-image-slug=\"sl-2016\"\n\t\t\t\tclass=\"shutterset_d1b65ba26bab969be6c3baddbe31df88\">\n\t\t\t\t<img\n\t\t\t\t\ttitle=\"SL 2016\"\n\t\t\t\t\talt=\"SL 2016\"\n\t\t\t\t\tsrc=\"https:\/\/www.ladislavjakl.cz\/wp-content\/gallery\/liga2016\/thumbs\/thumbs_SL-2016.jpg\"\n\t\t\t\t\twidth=\"100\"\n\t\t\t\t\theight=\"75\"\n\t\t\t\t\tstyle=\"max-width:100%;\"\n\t\t\t\t\/>\n\t\t\t<\/a>\n\t\t<\/div>\n\t\t\t\t\t\t\t<\/div>\n\t\t\t\n\t\t\n\t\t\n\t\t<!-- Pagination -->\n\t\t<div class='ngg-clear'><\/div>\t<\/div>\n<\/p>\n<p><em>Tiskov\u00e1 Zpr\u00e1va 17. 12. 2016<\/em><\/p>\n","protected":false},"excerpt":{"rendered":"<p>V\u00a0sobotu (17.12.2016) se v KD Mlejn uskute\u010dnilo fin\u00e1le 12. ro\u010dn\u00edku nejv\u011bt\u0161\u00ed hudebn\u00ed sout\u011b\u017ee neprofesion\u00e1ln\u00edch kapel u n\u00e1s Skute\u010dn\u00e1 Liga. Na leto\u0161n\u00ed ro\u010dn\u00edk se do sout\u011b\u017ee p\u0159ihl\u00e1silo 122 kapel, ze kter\u00fdch musela odborn\u00e1 porota vybrat pouze 5 nejlep\u0161\u00edch, kter\u00e9 postoup\u00ed do fin\u00e1le.<\/p>\n","protected":false},"author":1,"featured_media":0,"comment_status":"open","ping_status":"open","sticky":false,"template":"","format":"standard","meta":{"ngg_post_thumbnail":0,"footnotes":""},"categories":[4,11],"tags":[],"class_list":["post-7442","post","type-post","status-publish","format-standard","hentry","category-hudba","category-ozvena"],"_links":{"self":[{"href":"https:\/\/www.ladislavjakl.cz\/index.php?rest_route=\/wp\/v2\/posts\/7442","targetHints":{"allow":["GET"]}}],"collection":[{"href":"https:\/\/www.ladislavjakl.cz\/index.php?rest_route=\/wp\/v2\/posts"}],"about":[{"href":"https:\/\/www.ladislavjakl.cz\/index.php?rest_route=\/wp\/v2\/types\/post"}],"author":[{"embeddable":true,"href":"https:\/\/www.ladislavjakl.cz\/index.php?rest_route=\/wp\/v2\/users\/1"}],"replies":[{"embeddable":true,"href":"https:\/\/www.ladislavjakl.cz\/index.php?rest_route=%2Fwp%2Fv2%2Fcomments&post=7442"}],"version-history":[{"count":1,"href":"https:\/\/www.ladislavjakl.cz\/index.php?rest_route=\/wp\/v2\/posts\/7442\/revisions"}],"predecessor-version":[{"id":7452,"href":"https:\/\/www.ladislavjakl.cz\/index.php?rest_route=\/wp\/v2\/posts\/7442\/revisions\/7452"}],"wp:attachment":[{"href":"https:\/\/www.ladislavjakl.cz\/index.php?rest_route=%2Fwp%2Fv2%2Fmedia&parent=7442"}],"wp:term":[{"taxonomy":"category","embeddable":true,"href":"https:\/\/www.ladislavjakl.cz\/index.php?rest_route=%2Fwp%2Fv2%2Fcategories&post=7442"},{"taxonomy":"post_tag","embeddable":true,"href":"https:\/\/www.ladislavjakl.cz\/index.php?rest_route=%2Fwp%2Fv2%2Ftags&post=7442"}],"curies":[{"name":"wp","href":"https:\/\/api.w.org\/{rel}","templated":true}]}}