{"id":7468,"date":"2017-01-06T16:18:59","date_gmt":"2017-01-06T15:18:59","guid":{"rendered":"http:\/\/www.ladislavjakl.cz\/?p=7468"},"modified":"2017-01-06T16:18:59","modified_gmt":"2017-01-06T15:18:59","slug":"merkelova-v-precedencni-pasti","status":"publish","type":"post","link":"https:\/\/www.ladislavjakl.cz\/?p=7468","title":{"rendered":"Merkelov\u00e1 v preceden\u010dn\u00ed pasti"},"content":{"rendered":"<p>V\u00a0N\u011bmecku zadr\u017eeli p\u0159ist\u011bhovalce podez\u0159el\u00e9ho z\u00a0terorismu. Zjistili, \u017ee doty\u010dn\u00fd je nositelem osmi fale\u0161n\u00fdch identit. To samo o sob\u011b by v\u00a0pr\u00e1vn\u00edm st\u00e1t\u011b bylo dostate\u010dn\u00fdm d\u016fvodem k\u00a0vazb\u011b, soudu a n\u00e1sledn\u00e9mu v\u011bzen\u00ed nebo vyho\u0161t\u011bn\u00ed. Ne tak v\u00a0N\u011bmecku.<\/p>\n<p><!--more--><\/p>\n<p>Doty\u010dn\u00e9mu pod\u00edl na terorismu prok\u00e1z\u00e1n nebyl, a tak ho navzdory jeho nejasn\u00e9 identit\u011b po p\u00e1r hodin\u00e1ch pustili. Pro\u010d? Proto\u017ee museli. Kv\u016fli preceden\u010dn\u00ed pasti.<\/p>\n<p>Podobn\u011b bylo zaji\u0161t\u011bno nebo kontrolov\u00e1no mnoho dal\u0161\u00edch imigrant\u016f, kte\u0159\u00ed nem\u011bli \u017e\u00e1dn\u00e9 prav\u00e9 dokumenty. Nic se jim nestalo, byli s\u00a0omluvou propu\u0161t\u011bni. Ze stejn\u00e9ho d\u016fvodu je pro jin\u00e9 p\u0159ist\u011bhovalce velmi jednoduch\u00e9 p\u0159edst\u00edrat r\u016fzn\u00e9 toto\u017enosti a na jejich z\u00e1klad\u011b v\u00a0r\u016fzn\u00fdch m\u011bstech \u010derpat soci\u00e1ln\u00ed d\u00e1vky.<\/p>\n<p>Pro\u010d je \u010dlov\u011bk s\u00a0fale\u0161nou nebo nejasnou identitou v\u00a0N\u011bmecku neposti\u017eiteln\u00fd, a\u010d to odporuje tam platn\u00fdm z\u00e1kon\u016fm? Kv\u016fli preceden\u010dn\u00ed pasti. Pokud by takov\u00e9ho \u010dlov\u011bka cht\u011bli jen z\u00a0tohoto d\u016fvodu uv\u011bznit nebo dokonce vyhostit, vysekal by ho z\u00a0toho ka\u017ed\u00fd student prvn\u00edho ro\u010dn\u00edku pr\u00e1v.<\/p>\n<p>Jak? Prost\u011b by pouk\u00e1zal na to, \u017ee takov\u00fdch je v\u00a0N\u011bmecku podle ofici\u00e1ln\u00edch odhad\u016f asi p\u016fl milionu a nic zl\u00e9ho se jim od \u00fa\u0159ad\u016f ned\u011bje, nikdo je nezav\u00edr\u00e1 ani nevyho\u0161\u0165uje. (Dostali gener\u00e1ln\u00ed pardon, proto\u017ee prok\u00e1z\u00e1n\u00ed toto\u017enosti nebylo pro imigranty podm\u00ednkou vstupu na n\u011bmeck\u00e9 \u00fazem\u00ed.) Tak pro\u010d to chcete ud\u011blat zrovna m\u00e9mu klientovi? To je \u0161ikana, to je selektivn\u00ed p\u0159\u00edstup!<\/p>\n<p>N\u011bmecko je v\u00a0pasti. Nejen v\u00a0t\u00e9to. Ale preceden\u010dn\u00ed past je n\u00e1zornou uk\u00e1zkou, jak\u00e9 dal\u0161\u00ed, dosud ne zcela patrn\u00e9 a p\u016fvodn\u011b zcela nedomy\u0161len\u00e9 d\u016fsledky m\u016f\u017ee m\u00edt cel\u00e1 ona gigantick\u00e1 akce s\u00a0organizovan\u00fdm importem (nejen) Arab\u016f do N\u011bmecka a dal\u0161\u00edch zem\u00ed Evropsk\u00e9 unie.<\/p>\n<p><em>Ladislav Jakl<\/em><\/p>\n<p><a href=\"http:\/\/institutvk.cz\/clanky\/merkelova-v-precedencni-pasti.html\">Zdroj<\/a><\/p>\n","protected":false},"excerpt":{"rendered":"<p>V\u00a0N\u011bmecku zadr\u017eeli p\u0159ist\u011bhovalce podez\u0159el\u00e9ho z\u00a0terorismu. Zjistili, \u017ee doty\u010dn\u00fd je nositelem osmi fale\u0161n\u00fdch identit. To samo o sob\u011b by v\u00a0pr\u00e1vn\u00edm st\u00e1t\u011b bylo dostate\u010dn\u00fdm d\u016fvodem k\u00a0vazb\u011b, soudu a n\u00e1sledn\u00e9mu v\u011bzen\u00ed nebo vyho\u0161t\u011bn\u00ed. Ne tak v\u00a0N\u011bmecku.<\/p>\n","protected":false},"author":1,"featured_media":0,"comment_status":"open","ping_status":"open","sticky":false,"template":"","format":"standard","meta":{"ngg_post_thumbnail":0,"footnotes":""},"categories":[1],"tags":[],"class_list":["post-7468","post","type-post","status-publish","format-standard","hentry","category-publikovane-clanky"],"_links":{"self":[{"href":"https:\/\/www.ladislavjakl.cz\/index.php?rest_route=\/wp\/v2\/posts\/7468","targetHints":{"allow":["GET"]}}],"collection":[{"href":"https:\/\/www.ladislavjakl.cz\/index.php?rest_route=\/wp\/v2\/posts"}],"about":[{"href":"https:\/\/www.ladislavjakl.cz\/index.php?rest_route=\/wp\/v2\/types\/post"}],"author":[{"embeddable":true,"href":"https:\/\/www.ladislavjakl.cz\/index.php?rest_route=\/wp\/v2\/users\/1"}],"replies":[{"embeddable":true,"href":"https:\/\/www.ladislavjakl.cz\/index.php?rest_route=%2Fwp%2Fv2%2Fcomments&post=7468"}],"version-history":[{"count":1,"href":"https:\/\/www.ladislavjakl.cz\/index.php?rest_route=\/wp\/v2\/posts\/7468\/revisions"}],"predecessor-version":[{"id":7469,"href":"https:\/\/www.ladislavjakl.cz\/index.php?rest_route=\/wp\/v2\/posts\/7468\/revisions\/7469"}],"wp:attachment":[{"href":"https:\/\/www.ladislavjakl.cz\/index.php?rest_route=%2Fwp%2Fv2%2Fmedia&parent=7468"}],"wp:term":[{"taxonomy":"category","embeddable":true,"href":"https:\/\/www.ladislavjakl.cz\/index.php?rest_route=%2Fwp%2Fv2%2Fcategories&post=7468"},{"taxonomy":"post_tag","embeddable":true,"href":"https:\/\/www.ladislavjakl.cz\/index.php?rest_route=%2Fwp%2Fv2%2Ftags&post=7468"}],"curies":[{"name":"wp","href":"https:\/\/api.w.org\/{rel}","templated":true}]}}