{"id":748,"date":"2011-01-12T09:08:32","date_gmt":"2011-01-12T08:08:32","guid":{"rendered":"http:\/\/www.ladislavjakl.cz\/?p=748"},"modified":"2011-01-12T09:08:32","modified_gmt":"2011-01-12T08:08:32","slug":"jakl-elity-se-snazi-ovladnout-svet-i-bilderberg-fridrich-je-to-absurdni","status":"publish","type":"post","link":"https:\/\/www.ladislavjakl.cz\/?p=748","title":{"rendered":"Jakl: Elity se sna\u017e\u00ed ovl\u00e1dnout sv\u011bt. I Bilderberg. Fridrich: Je to absurdn\u00ed"},"content":{"rendered":"<p><strong>V  po\u0159adu \u010cesk\u00e9 televize diskutovali mimo jin\u00e9 i tajemn\u00edk  prezidenta V\u00e1clava Klause Ladislav Jakl a \u0161\u00e9f internetov\u00e9 divize \u010cT24  Milan Fridrich. Ti hovo\u0159ili o vlivu elit na sv\u011btov\u00e9 d\u011bn\u00ed \u010di nov\u00fdch  m\u00e9di\u00edch.<\/strong><\/p>\n<p><strong><!--more--><\/strong><\/p>\n<p align=\"justify\">Hosty\u00a0\u00fatern\u00edho po\u0159adu Planeta Zem\u011b 2011 byli krom\u011b \u0159ady ekonom\u016f a v\u011bdc\u016f i  z\u00e1stupci \u010desk\u00e9ho ve\u0159ejn\u00e9ho \u017eivota.\u00a0 Nap\u0159\u00edklad tajemn\u00edk prezidenta  V\u00e1clava Klause Ladislav Jakl nebo \u0161\u00e9f\u00a0divize Nov\u00e1 m\u00e9dia\u00a0\u010cT24 Milan  Fridrich.<\/p>\n<p>Ti hovo\u0159ili zejm\u00e9na o vlivu vysoce postaven\u00fdch osob na v\u00fdvoj sv\u011btov\u00fdch  ud\u00e1lost\u00ed.\u00a0&#8222;Je nepochybn\u00e9, \u017ee elity vyv\u00edjej\u00ed r\u016fzn\u00e9 tlaky a z\u00e1jmy, sna\u017e\u00ed  se ovlivnit mnoh\u00e1 rozhodnut\u00ed, tyto tlaky se podce\u0148uj\u00ed,&#8220; uvedl Jakl s  t\u00edm, \u017ee pro st\u00e1ty je d\u016fle\u017eit\u00e9, aby si tyto vlivov\u00e9 skupiny dr\u017eely od  t\u011bla.<\/p>\n<p>Jakl pak na dotaz moder\u00e1tora V\u00e1clava Moravce odpov\u011bd\u011bl, \u017ee skupina  Bilderberg nepochybn\u011b existuje. &#8222;Bilderberg existuje, o tom nen\u00ed sporu,&#8220;  zd\u016fraznil tajemn\u00edk prezidenta.<\/p>\n<p align=\"justify\"><strong>Ovl\u00e1dnout sv\u011bt? Absurdn\u00ed<\/strong><\/p>\n<p align=\"justify\">Fridrich s n\u00edm ale nesouhlasil a ost\u0159e oponoval. &#8222;Dnes, kdy lid\u00e9 \u017eij\u00ed ve  virtu\u00e1ln\u00edch sv\u011btech, tak ovl\u00e1dnout takov\u00fd sv\u011bt a vnuknout mu n\u011bjakou  my\u0161lenku je absurdn\u00ed,&#8220; uvedl v \u010cesk\u00e9 televizi s t\u00edm, \u017ee sou\u010dasn\u00fd sv\u011bt je  v tomto ohledu\u00a0nevypo\u010ditateln\u00fd.<\/p>\n<p align=\"justify\">Prezident\u016fv tajemn\u00edk se v\u0161ak z\u00e1hy v debat\u011b projevil jako velk\u00fd  humanista. &#8222;Kl\u00ed\u010dov\u00e1 je svoboda \u010dlov\u011bka, nedotknutelnost jeho pr\u00e1v a  \u017eivota,&#8220; pronesl s t\u00edm, \u017ee i ve sv\u011bt\u011b nov\u00fdch m\u00e9di\u00ed je d\u016fle\u017eit\u00e9 si toto  pravidlo st\u00e1le uv\u011bdomovat.<\/p>\n<p><strong>Rok 2011? Rok nula<\/p>\n<p><\/strong>&#8222;\u017dijeme v dob\u011b nula, te\u010f za\u010d\u00edn\u00e1 \u00e9ra tablet\u016f, nov\u00fdch m\u00e9di\u00ed,&#8220;  doplnil jej Fridrich s t\u00edm, \u017ee co se t\u00fd\u010de nov\u00e9 \u00e9ry sd\u011blovac\u00edch  prost\u0159edk\u016f, d\u016fle\u017eit\u00e9 jsou zejm\u00e9na technologie. &#8222;\u017durnalistika jako obor  se destruuje,&#8220; posteskl si \u0161\u00e9f internetov\u00e9 divize \u010cT24.<\/p>\n<p>Jeho slova v\u0161ak na Facebooku\u00a0vzbudila bou\u0159liv\u00e9 reakce, kritizoval  je\u00a0nap\u0159\u00edklad u\u017eivatel Michal Vojt\u00ed\u0161ek. &#8222;A to d\u011bl\u00e1 Fridrich v TV..Prachy a  m\u00e9dia podstr\u010d\u00ed lidem cokoli. Tedy v\u011bt\u0161in\u00e1. A do t\u00fdhle doby to tak i  fungovalo..Te\u010f internet trochu \u0161achuje kartama. Ale moc se to prachatejm  a medi\u00edm nel\u00edb\u00ed. Prachat\u00fd i m\u00e9dia p\u0159ich\u00e1z\u00ed o vliv a moc. Tzn o prachy  \ud83d\ude42 .. To \u017ee se na \u010cT sna\u017e\u00ed horem dolem i t\u00edmto po\u0159adem (nic proti  tomu), je toho d\u016fkazem,&#8220; napsal do diskuze k po\u0159adu.<\/p>\n<p>Pr\u00e1v\u011b Fridrichova diskuze s Jaklem v \u010cT je p\u0159itom\u00a0hodn\u00e1 pozoronosti;  Jakl\u00a0se\u00a0toti\u017e \u0159ad\u00ed k dlouhodob\u00fdm kritik\u016fm \u010cT. Ji\u017e mnohokr\u00e1t se dokonce  vyslovil i pro jej\u00ed zru\u0161en\u00ed.\u00a0Jeho vystoupen\u00ed v po\u0159adu v\u0161ak\u00a0mnoho lid\u00ed  pot\u011b\u0161ilo, vid\u011bt to bylo i na komunitn\u00ed s\u00edti Facebook.<\/p>\n<p><strong>Extremista Jakl m\u00e1 pravdu<\/strong><\/p>\n<p align=\"justify\">&#8222;A\u010d\u00a0je pan Jakl na mn\u011b dost extr\u00e9mista, s t\u00edm domluven\u00fdm spole\u010dn\u00fdm  obsahem v m\u00e9di\u00edch m\u00e1 pravdu. P\u0159ekr\u00fdt skute\u010dn\u00e9 sv\u011btov\u00e9 probl\u00e9my, zpr\u00e1vy  tv nova jsou vzorov\u00fdm p\u0159\u00edkladem,&#8220; napsal zde nap\u0159\u00edklad Karel Nov\u00e1k.<\/p>\n<p>Diskutuj\u00edc\u00ed se p\u0159eli o v\u00fdznam nov\u00fdch technologi\u00ed a zp\u016fsob\u016f komunikace  mezi lidmi, v\u010detn\u011b komunitn\u00edch s\u00edt\u00ed. Jakl div\u00e1ky uklid\u0148oval, \u017ee se r\u00e1no  probud\u00ed do podobn\u00e9ho sv\u011bta, do jak\u00e9ho p\u0159edchoz\u00edho ve\u010dera ul\u00e9hali. V\u011b\u0159\u00ed  tak, \u017ee tradi\u010dn\u00ed zp\u016fsoby komunikace, jako jsou ti\u0161t\u011bn\u00e9 noviny, knihy a  filmy, p\u0159e\u017eij\u00ed.<\/p>\n<p align=\"justify\"><a href=\"http:\/\/www.parlamentnilisty.cz\/arena\/monitor\/185962.aspx\" target=\"_blank\">Zdroj<\/a><\/p>\n","protected":false},"excerpt":{"rendered":"<p>V po\u0159adu \u010cesk\u00e9 televize diskutovali mimo jin\u00e9 i tajemn\u00edk prezidenta V\u00e1clava Klause Ladislav Jakl a \u0161\u00e9f internetov\u00e9 divize \u010cT24 Milan Fridrich. Ti hovo\u0159ili o vlivu elit na sv\u011btov\u00e9 d\u011bn\u00ed \u010di nov\u00fdch m\u00e9di\u00edch.<\/p>\n","protected":false},"author":1,"featured_media":0,"comment_status":"open","ping_status":"open","sticky":false,"template":"","format":"standard","meta":{"ngg_post_thumbnail":0,"footnotes":""},"categories":[11],"tags":[],"class_list":["post-748","post","type-post","status-publish","format-standard","hentry","category-ozvena"],"_links":{"self":[{"href":"https:\/\/www.ladislavjakl.cz\/index.php?rest_route=\/wp\/v2\/posts\/748","targetHints":{"allow":["GET"]}}],"collection":[{"href":"https:\/\/www.ladislavjakl.cz\/index.php?rest_route=\/wp\/v2\/posts"}],"about":[{"href":"https:\/\/www.ladislavjakl.cz\/index.php?rest_route=\/wp\/v2\/types\/post"}],"author":[{"embeddable":true,"href":"https:\/\/www.ladislavjakl.cz\/index.php?rest_route=\/wp\/v2\/users\/1"}],"replies":[{"embeddable":true,"href":"https:\/\/www.ladislavjakl.cz\/index.php?rest_route=%2Fwp%2Fv2%2Fcomments&post=748"}],"version-history":[{"count":1,"href":"https:\/\/www.ladislavjakl.cz\/index.php?rest_route=\/wp\/v2\/posts\/748\/revisions"}],"predecessor-version":[{"id":749,"href":"https:\/\/www.ladislavjakl.cz\/index.php?rest_route=\/wp\/v2\/posts\/748\/revisions\/749"}],"wp:attachment":[{"href":"https:\/\/www.ladislavjakl.cz\/index.php?rest_route=%2Fwp%2Fv2%2Fmedia&parent=748"}],"wp:term":[{"taxonomy":"category","embeddable":true,"href":"https:\/\/www.ladislavjakl.cz\/index.php?rest_route=%2Fwp%2Fv2%2Fcategories&post=748"},{"taxonomy":"post_tag","embeddable":true,"href":"https:\/\/www.ladislavjakl.cz\/index.php?rest_route=%2Fwp%2Fv2%2Ftags&post=748"}],"curies":[{"name":"wp","href":"https:\/\/api.w.org\/{rel}","templated":true}]}}