{"id":7493,"date":"2017-01-24T12:25:21","date_gmt":"2017-01-24T11:25:21","guid":{"rendered":"http:\/\/www.ladislavjakl.cz\/?p=7493"},"modified":"2017-01-24T12:25:21","modified_gmt":"2017-01-24T11:25:21","slug":"toho-jejich-feriho-neznam-ale-musi-to-byt-nejaky-asi-manekyn-velmi-pysny-na-sve-krasne-telo-topikari-skonci-na-smetisti-jakl-promluvil-k-afere-pornoherce-jandy","status":"publish","type":"post","link":"https:\/\/www.ladislavjakl.cz\/?p=7493","title":{"rendered":"Toho jejich Feriho nezn\u00e1m, ale mus\u00ed to b\u00fdt n\u011bjak\u00fd asi manek\u00fdn, velmi py\u0161n\u00fd na sv\u00e9 kr\u00e1sn\u00e9 t\u011blo. Top\u00edk\u00e1\u0159i skon\u010d\u00ed na smeti\u0161ti. Jakl promluvil k af\u00e9\u0159e pornoherce Jandy"},"content":{"rendered":"<p>\u201eZrovna tady ten pan pornoherec, nebo co to je, m\u00e1 jasnou vizi toho, \u017ee by cht\u011bl n\u011bkomu zav\u00edrat pusu,\u201c \u0159ekl V\u00e1clav Klaus mlad\u0161\u00ed o Jakubu Jandovi z Evropsk\u00fdch hodnot, kter\u00fd spolupracuje s \u201edezinforma\u010dn\u00edm\u201c centrem ministerstva vnitra. A to jsou pr\u00e1v\u011b slova, za kter\u00e1 mu \u201enalo\u017eil\u201c teplick\u00fd radn\u00ed z TOP 09 Dominik Feri.<\/p>\n<p><!--more--><\/p>\n<p>\u201e\u0158\u00edci o n\u011bkom v rozhovoru, \u017ee je \u201apornohorec, nebo co to je\u2018, je na \u00farovni toho, kdy\u017e by n\u011bkdo o V\u00e1clavu Klausovi mlad\u0161\u00edm \u0159ekl, \u017ee \u201avypad\u00e1, jako kdyby se zrovna vr\u00e1til z boxersk\u00fdho ringu\u2018 \u2013 oboj\u00ed je uboh\u00fd,\u201c poznamenal Feri.<\/p>\n<h4>Ten Feri mus\u00ed b\u00fdt n\u011bjak\u00fd asi manek\u00fdn, velmi py\u0161n\u00fd na sv\u00e9 kr\u00e1sn\u00e9 t\u011blo&#8230;<\/h4>\n<p>K v\u011bci se n\u00e1m vyj\u00e1d\u0159il i b\u00fdval\u00fd tajemn\u00edk prezidenta Klause Ladislav Jakl. \u201eToho jejich Feriho nezn\u00e1m, ale mus\u00ed to b\u00fdt n\u011bjak\u00fd asi manek\u00fdn, velmi py\u0161n\u00fd na sv\u00e9 kr\u00e1sn\u00e9 t\u011blo. T\u0159eba si ho u\u017e tak\u00e9 nechal nafilmovat, co\u017e by vysv\u011btlovalo jeho solidaritu s t\u00edm pornohercem,\u201c uvedl Jakl pro Parlamentn\u00edListy.cz.<\/p>\n<p>Vyj\u00e1d\u0159il se i k budoucnosti TOP 09. \u201eV\u017edy jsem \u0159\u00edkal, \u017ee TOP 09 nen\u00ed strana, ale um\u011bl\u00fd projekt na jedno pou\u017eit\u00ed. M\u011bl zajistit kari\u00e9ru n\u011bkolika b\u00fdval\u00fdm lidovc\u016fm a dal\u0161\u00edm politick\u00fdm turist\u016fm. Je\u0161t\u011b ani nebyli zalo\u017eeni, a u\u017e je velebily pr\u016fzkumy, kdy\u017e m\u011bli dev\u011bt \u010dlen\u016f, m\u011bli dve\u0159e do m\u00e9di\u00ed otev\u0159en\u00e9. Jen\u017ee ani protekce m\u00e9di\u00ed nezajist\u00ed politick\u00e9 iniciativ\u011b v\u011b\u010dn\u00fd \u017eivot, kdy\u017e za n\u00ed nestoj\u00ed \u017e\u00e1dn\u00e1 idea, \u017e\u00e1dn\u00e1 hodnota krom\u011b slep\u00e9ho eurohujerstv\u00ed. Top\u00edk\u00e1\u0159e tak \u010dek\u00e1 jen smeti\u0161t\u011b d\u011bjin, kde u\u017e se v\u00e1l\u00ed jin\u00e9 podobn\u00e9 projekty,\u201c m\u00edn\u00ed Jakl.<\/p>\n<p>A budoucnost STAN? \u201eTo tak\u00e9 nen\u00ed \u017e\u00e1dn\u00e1 strana. Naprosto netu\u0161\u00edm, jak\u00e9 postoje reprezentuje. Ale b\u00fdt bez politick\u00fdch postoj\u016f je p\u0159ece nejlep\u0161\u00ed vstupenka mezi havlisty,\u201c dodal Jakl.<\/p>\n<h4>Pop\u0159\u00e1l bych panu Ferimu, a\u017e bude m\u00edt n\u011bjak\u00e9 d\u011bti&#8230;<\/h4>\n<p>\u201eM\u011b to nijak nepobou\u0159ilo. V\u011bdom\u011b se v\u011bnuji ve\u0159ejn\u00fdm v\u011bcem a je jasn\u00e9, \u017ee budu ter\u010dem kritiky za v\u0161e mo\u017en\u00e9. A taky sv\u016fj kosmetick\u00fd hendikep nijak nezlep\u0161\u00edm, lidi si na n\u011bj musej\u00ed zvyknout,\u201c podotkl Klaus ml. \u201eP\u0159edev\u0161\u00edm posledn\u00ed v\u011bc, co by odpov\u00eddala m\u00fdm n\u00e1zor\u016fm, by bylo: \u201aJ\u00e1 jsem\u00a0\u00bbinvalida\u00ab,\u00a0a proto m\u011b mus\u00ed v\u011bt\u0161inov\u00e1 spole\u010dnost br\u00e1nit proti&#8230; A nikdo nesm\u00ed kritizovat&#8230;\u2018,\u201c poznamenal. Z\u00e1v\u011brem sv\u00e9 reakce dodal, \u017ee z jeho strany je v\u0161e dobr\u00e9.<\/p>\n<p>\u201ePop\u0159\u00e1l bych panu Ferimu, a\u017e bude m\u00edt n\u011bjak\u00e9 d\u011bti, aby se mu narodily zdrav\u00e9 a kr\u00e1sn\u00e9 a mohly se t\u0159eba st\u00e1t herci nebo i\u2026,\u201c dodal.<\/p>\n<p>Slova Dominika Feriho se v\u0161ak nel\u00edbila nap\u0159\u00edklad jeho stranick\u00e9mu p\u0159edsedovi Miroslavu Kalouskovi. Vyj\u00e1d\u0159il se v\u0161ak i proti slov\u016fm Klause mlad\u0161\u00edho, u nich\u017e cel\u00e1 rozep\u0159e za\u010dala. \u201eA\u0165 si to p\u00e1nov\u00e9 vy\u0159\u00edd\u00ed mezi sebou. Oba evidentn\u011b mluv\u00ed rychleji, ne\u017e mysl\u00ed, a j\u00e1 jim do toho v\u00fd\u017eivn\u00e9ho dialogu nebudu vstupovat,\u201c \u0159ekl Parlamentn\u00edmList\u016fm.cz Miroslav Kalousek.<\/p>\n<p>Cel\u00fd \u201espor\u201c m\u00e1 p\u016fvod\u00a0<a href=\"http:\/\/www.parlamentnilisty.cz\/arena\/monitor\/Klaus-ml-v-radiu-Nejaky-pornoherec-nam-tu-chce-zavirat-pusu-Tak-to-ne-471707\" target=\"_blank\">ve vystoupen\u00ed V\u00e1clava Klause mlad\u0161\u00edho v R\u00e1diu Impuls<\/a>. \u201eZrovna tady ten pan pornoherec, nebo co to je, m\u00e1 jasnou vizi toho, \u017ee by cht\u011bl n\u011bkomu zav\u00edrat pusu. T\u00edm jsou na\u0161e hodnoty p\u0159esn\u011b opa\u010dn\u00e9. J\u00e1 nejsem ani zast\u00e1ncem n\u011bjak\u00e9 vyv\u00e1\u017eenosti,\u201c \u0159ekl tam v\u00a0po\u0159adu Kauza dne Klaus. Na vyv\u00e1\u017eenost pr\u00fd toti\u017e v kone\u010dn\u00e9m d\u016fsledku dbaj\u00ed n\u011bjac\u00ed \u00fa\u0159edn\u00edci, co\u017e se mu nel\u00edb\u00ed.<\/p>\n<p>Klaus mlad\u0161\u00ed nar\u00e1\u017eel na aktivistu Jakuba Jandu, kter\u00fd s\u00a0lobbistick\u00fdm spolkem, pro kter\u00fd pracuje, pat\u0159\u00ed k\u00a0duchovn\u00edm otc\u016fm nov\u00e9ho \u00fatvaru ministerstva vnitra, zalo\u017een\u00e9ho za \u00fa\u010delem vyvracen\u00ed takzvan\u00fdch dezinformac\u00ed a propagandy. Na Jandu se provalilo, \u017ee p\u0159ed \u010dasem nato\u010dil porno video pro gaye.<\/p>\n<p><a href=\"http:\/\/www.parlamentnilisty.cz\/arena\/monitor\/Toho-jejich-Feriho-neznam-ale-musi-to-byt-nejaky-asi-manekyn-velmi-pysny-na-sve-krasne-telo-Topikari-skonci-na-smetisti-Jakl-promluvil-k-afere-pornoherce-Jandy-471998\">Zdroj<\/a><\/p>\n","protected":false},"excerpt":{"rendered":"<p>\u201eZrovna tady ten pan pornoherec, nebo co to je, m\u00e1 jasnou vizi toho, \u017ee by cht\u011bl n\u011bkomu zav\u00edrat pusu,\u201c \u0159ekl V\u00e1clav Klaus mlad\u0161\u00ed o Jakubu Jandovi z Evropsk\u00fdch hodnot, kter\u00fd spolupracuje s \u201edezinforma\u010dn\u00edm\u201c centrem ministerstva vnitra. A to jsou pr\u00e1v\u011b slova, za kter\u00e1 mu \u201enalo\u017eil\u201c teplick\u00fd radn\u00ed z TOP 09 Dominik Feri.<\/p>\n","protected":false},"author":1,"featured_media":0,"comment_status":"open","ping_status":"open","sticky":false,"template":"","format":"standard","meta":{"ngg_post_thumbnail":0,"footnotes":""},"categories":[11],"tags":[],"class_list":["post-7493","post","type-post","status-publish","format-standard","hentry","category-ozvena"],"_links":{"self":[{"href":"https:\/\/www.ladislavjakl.cz\/index.php?rest_route=\/wp\/v2\/posts\/7493","targetHints":{"allow":["GET"]}}],"collection":[{"href":"https:\/\/www.ladislavjakl.cz\/index.php?rest_route=\/wp\/v2\/posts"}],"about":[{"href":"https:\/\/www.ladislavjakl.cz\/index.php?rest_route=\/wp\/v2\/types\/post"}],"author":[{"embeddable":true,"href":"https:\/\/www.ladislavjakl.cz\/index.php?rest_route=\/wp\/v2\/users\/1"}],"replies":[{"embeddable":true,"href":"https:\/\/www.ladislavjakl.cz\/index.php?rest_route=%2Fwp%2Fv2%2Fcomments&post=7493"}],"version-history":[{"count":1,"href":"https:\/\/www.ladislavjakl.cz\/index.php?rest_route=\/wp\/v2\/posts\/7493\/revisions"}],"predecessor-version":[{"id":7494,"href":"https:\/\/www.ladislavjakl.cz\/index.php?rest_route=\/wp\/v2\/posts\/7493\/revisions\/7494"}],"wp:attachment":[{"href":"https:\/\/www.ladislavjakl.cz\/index.php?rest_route=%2Fwp%2Fv2%2Fmedia&parent=7493"}],"wp:term":[{"taxonomy":"category","embeddable":true,"href":"https:\/\/www.ladislavjakl.cz\/index.php?rest_route=%2Fwp%2Fv2%2Fcategories&post=7493"},{"taxonomy":"post_tag","embeddable":true,"href":"https:\/\/www.ladislavjakl.cz\/index.php?rest_route=%2Fwp%2Fv2%2Ftags&post=7493"}],"curies":[{"name":"wp","href":"https:\/\/api.w.org\/{rel}","templated":true}]}}