{"id":750,"date":"2011-01-12T09:23:50","date_gmt":"2011-01-12T08:23:50","guid":{"rendered":"http:\/\/www.ladislavjakl.cz\/?p=750"},"modified":"2011-01-12T09:24:12","modified_gmt":"2011-01-12T08:24:12","slug":"sefredaktori-zakazte-svym-podrizenym-cist-noviny","status":"publish","type":"post","link":"https:\/\/www.ladislavjakl.cz\/?p=750","title":{"rendered":"\u0160\u00e9fredakto\u0159i, zaka\u017ete sv\u00fdm pod\u0159\u00edzen\u00fdm \u010d\u00edst noviny!"},"content":{"rendered":"<p>\u00dadol\u00edm Berounky vedly oded\u00e1vna prastar\u00e9 cesty. D\u0159\u00edve,  ne\u017e v\u016fbec vznikla Praha. Nen\u00ed proto divu, \u017ee t\u0159eba zdej\u0161\u00ed obec Horn\u00ed  Mokropsy je poprv\u00e9 p\u00edsemn\u011b zm\u00edn\u011bna u\u017e roku 1088 a vedlej\u0161\u00ed V\u0161enory roku  1205. Byly prost\u011b na r\u00e1n\u011b.<\/p>\n<p><!--more--><\/p>\n<p>Dnes u\u017e jsou d\u00e1vno spojen\u00e9 (n\u00e1zev si zabrala mlad\u0161\u00ed z\u00a0nich) a\u00a0 na  r\u00e1n\u011b jsou po\u0159\u00e1d. Ve star\u00e9m ml\u00fdn\u011b si slavn\u00fd muzikant Ji\u0159\u00ed Stiv\u00edn z\u0159\u00eddil  studio a v\u00a0tom studiu se od prvn\u00edch dn\u016f leto\u0161n\u00edho roku mo\u0159\u00ed kapela  Folimanka Blues s\u00a0nahr\u00e1v\u00e1n\u00edm sv\u00e9ho nov\u00e9ho alba.<\/p>\n<p>Pro mne to m\u00e1 i n\u011bkolik v\u00fdhod. Nap\u0159\u00edklad ka\u017edodenn\u00ed cestu pr\u00e1v\u011b t\u00edm  kr\u00e1sn\u00fdm berounsk\u00fdm \u00fadol\u00edm. Ale hlavn\u011b: od za\u010d\u00e1tku roku jsem ne\u010detl  noviny. Ach, to je \u00faleva! Ne, \u017ee bych to dosud nev\u011bd\u011bl, ale \u010dlov\u011bk si  tak je\u0161t\u011b l\u00edp uv\u011bdom\u00ed, \u017ee \u017eivot je jinde. \u017de to, o \u010dem p\u00ed\u0161\u00ed novin\u00e1\u0159i, je  n\u00e1hra\u017ekov\u00e1 realita.<\/p>\n<p>Stohy str\u00e1nek r\u016fzn\u00fdch anal\u00fdz u\u017e bylo pops\u00e1no o fenom\u00e9nu takzvan\u00e9ho  \u201enastolov\u00e1n\u00ed agendy\u201c. N\u011bjak\u00e1 siln\u00e1 z\u00e1jmov\u00e1 skupina poc\u00edt\u00ed pot\u0159ebu, aby  se jist\u00e9 t\u00e9ma dostalo do pop\u0159ed\u00ed pozornosti m\u00e9di\u00ed a tam se tv\u00e1\u0159ilo, \u017ee  kolem n\u011bj se to\u010d\u00ed sv\u011bt. N\u011bkdy s\u00a0takov\u00fdm t\u00e9matem p\u0159ijdou sami novin\u00e1\u0159i \u010di  sp\u00ed\u0161e jejich \u0161\u00e9fov\u00e9. Nepot\u0159ebuj\u00ed se koukat po sv\u011bt\u011b, nepot\u0159ebuj\u00ed  zkoumat, co se opravdu d\u011bje. Prost\u011b se rozhodnou, \u017ee ps\u00e1t se te\u010f bude  pr\u00e1v\u011b o tomhle, a hotovo. A tak\u00e9 vys\u00edlat v\u00a0r\u00e1di\u00edch a televiz\u00edch.<\/p>\n<p>Ostatn\u00ed m\u00e9dia si toho v\u0161imnou a okam\u017eit\u011b z\u00edskaj\u00ed pocit, \u017ee \u201eto\u201c  musej\u00ed m\u00edt tak\u00e9. A tak po p\u00e1r dnech \u017eivota nov\u00e9ho t\u00e9matu je \u00fapln\u011b jedno,  kter\u00e9 noviny vezmete do ruky. V\u0161echny p\u00ed\u0161\u00ed tot\u00e9\u017e. A dokonce ze stejn\u00e9ho  \u00fahlu pohledu.<\/p>\n<p>P\u0159itom je to jen shodou r\u016fzn\u00fdch okolnost\u00ed, \u017ee se o n\u011b\u010dem p\u00ed\u0161e pr\u00e1v\u011b  v\u00a0tuto chv\u00edli a pr\u00e1v\u011b ve zvolen\u00fdch dimenz\u00edch a interpretac\u00edch. Hlavn\u00edm  t\u00e9matem medi\u00e1ln\u00edch dn\u016f mohlo b\u00fdt klidn\u011b cokoli jin\u00e9ho, ne\u017e co na n\u00e1s  k\u0159i\u010d\u00ed z\u00a0prvn\u00edch str\u00e1nek novin.<\/p>\n<p>Je to naka\u017eliv\u00e9. Porady redakc\u00ed za\u010d\u00ednaj\u00ed \u010detbou \u201ekonkurence.\u201c A tak  l\u00edn\u00ed novin\u00e1\u0159i opisuj\u00ed jeden od druh\u00e9ho, p\u0159ej\u00edmaj\u00ed prefabrikovan\u00e9 vid\u011bn\u00ed i  strukturu a hierarchii t\u00e9mat. B\u00fdt j\u00e1 \u0161\u00e9fredaktorem novin \u010di televizn\u00edho  zpravodajstv\u00ed, zak\u00e1\u017eu sv\u00fdm lidem noviny \u010d\u00edst. Hybaj do ter\u00e9nu, mazej  mezi lidi! Tam jsou t\u00e9mata!<\/p>\n<p>Jen\u017ee to \u017e\u00e1dn\u00fd \u0161\u00e9fredaktor neud\u011bl\u00e1. A tak mi ani nen\u00ed l\u00edto, \u017ee ty noviny nebudu \u010d\u00edst je\u0161t\u011b dal\u0161\u00edch p\u00e1r dn\u016f.<\/p>\n<p><a href=\"http:\/\/jakl.blog.idnes.cz\/c\/172186\/Sefredaktori-zakazte-svym-podrizenym-cist-noviny.html\" target=\"_blank\">Zdroj<\/a><\/p>\n","protected":false},"excerpt":{"rendered":"<p>\u00dadol\u00edm Berounky vedly oded\u00e1vna prastar\u00e9 cesty. D\u0159\u00edve, ne\u017e v\u016fbec vznikla Praha. Nen\u00ed proto divu, \u017ee t\u0159eba zdej\u0161\u00ed obec Horn\u00ed Mokropsy je poprv\u00e9 p\u00edsemn\u011b zm\u00edn\u011bna u\u017e roku 1088 a vedlej\u0161\u00ed V\u0161enory roku 1205. Byly prost\u011b na r\u00e1n\u011b.<\/p>\n","protected":false},"author":1,"featured_media":0,"comment_status":"open","ping_status":"open","sticky":false,"template":"","format":"standard","meta":{"ngg_post_thumbnail":0,"footnotes":""},"categories":[10],"tags":[],"class_list":["post-750","post","type-post","status-publish","format-standard","hentry","category-zlehka"],"_links":{"self":[{"href":"https:\/\/www.ladislavjakl.cz\/index.php?rest_route=\/wp\/v2\/posts\/750","targetHints":{"allow":["GET"]}}],"collection":[{"href":"https:\/\/www.ladislavjakl.cz\/index.php?rest_route=\/wp\/v2\/posts"}],"about":[{"href":"https:\/\/www.ladislavjakl.cz\/index.php?rest_route=\/wp\/v2\/types\/post"}],"author":[{"embeddable":true,"href":"https:\/\/www.ladislavjakl.cz\/index.php?rest_route=\/wp\/v2\/users\/1"}],"replies":[{"embeddable":true,"href":"https:\/\/www.ladislavjakl.cz\/index.php?rest_route=%2Fwp%2Fv2%2Fcomments&post=750"}],"version-history":[{"count":2,"href":"https:\/\/www.ladislavjakl.cz\/index.php?rest_route=\/wp\/v2\/posts\/750\/revisions"}],"predecessor-version":[{"id":752,"href":"https:\/\/www.ladislavjakl.cz\/index.php?rest_route=\/wp\/v2\/posts\/750\/revisions\/752"}],"wp:attachment":[{"href":"https:\/\/www.ladislavjakl.cz\/index.php?rest_route=%2Fwp%2Fv2%2Fmedia&parent=750"}],"wp:term":[{"taxonomy":"category","embeddable":true,"href":"https:\/\/www.ladislavjakl.cz\/index.php?rest_route=%2Fwp%2Fv2%2Fcategories&post=750"},{"taxonomy":"post_tag","embeddable":true,"href":"https:\/\/www.ladislavjakl.cz\/index.php?rest_route=%2Fwp%2Fv2%2Ftags&post=750"}],"curies":[{"name":"wp","href":"https:\/\/api.w.org\/{rel}","templated":true}]}}