{"id":7504,"date":"2017-01-27T14:40:26","date_gmt":"2017-01-27T13:40:26","guid":{"rendered":"http:\/\/www.ladislavjakl.cz\/?p=7504"},"modified":"2017-01-27T14:40:26","modified_gmt":"2017-01-27T13:40:26","slug":"ladislav-jakl-v-ceskem-rozhlase-v-den-inaugurace-donalda-trumpa","status":"publish","type":"post","link":"https:\/\/www.ladislavjakl.cz\/?p=7504","title":{"rendered":"Ladislav Jakl v \u010cesk\u00e9m rozhlase v den inaugurace Donalda Trumpa"},"content":{"rendered":"<p>Trump m\u00e9di\u00edm nic nedlu\u017e\u00ed, \u0159\u00edk\u00e1 Jakl v po\u0159adu Den v 60 minut\u00e1ch stanice \u010cesk\u00fd rozhlas Plus.<\/p>\n<p><!--more--><\/p>\n<p>Z\u00e1znam zde:\u00a0<a href=\"http:\/\/www.rozhlas.cz\/plus\/zaznamy\/#\/2017-01-20\/21\">http:\/\/www.rozhlas.cz\/plus\/zaznamy\/#\/2017-01-20\/21\u00a0<\/a><\/p>\n","protected":false},"excerpt":{"rendered":"<p>Trump m\u00e9di\u00edm nic nedlu\u017e\u00ed, \u0159\u00edk\u00e1 Jakl v po\u0159adu Den v 60 minut\u00e1ch stanice \u010cesk\u00fd rozhlas Plus.<\/p>\n","protected":false},"author":1,"featured_media":0,"comment_status":"open","ping_status":"open","sticky":false,"template":"","format":"standard","meta":{"ngg_post_thumbnail":0,"footnotes":""},"categories":[13],"tags":[],"class_list":["post-7504","post","type-post","status-publish","format-standard","hentry","category-rozhovory"],"_links":{"self":[{"href":"https:\/\/www.ladislavjakl.cz\/index.php?rest_route=\/wp\/v2\/posts\/7504","targetHints":{"allow":["GET"]}}],"collection":[{"href":"https:\/\/www.ladislavjakl.cz\/index.php?rest_route=\/wp\/v2\/posts"}],"about":[{"href":"https:\/\/www.ladislavjakl.cz\/index.php?rest_route=\/wp\/v2\/types\/post"}],"author":[{"embeddable":true,"href":"https:\/\/www.ladislavjakl.cz\/index.php?rest_route=\/wp\/v2\/users\/1"}],"replies":[{"embeddable":true,"href":"https:\/\/www.ladislavjakl.cz\/index.php?rest_route=%2Fwp%2Fv2%2Fcomments&post=7504"}],"version-history":[{"count":1,"href":"https:\/\/www.ladislavjakl.cz\/index.php?rest_route=\/wp\/v2\/posts\/7504\/revisions"}],"predecessor-version":[{"id":7505,"href":"https:\/\/www.ladislavjakl.cz\/index.php?rest_route=\/wp\/v2\/posts\/7504\/revisions\/7505"}],"wp:attachment":[{"href":"https:\/\/www.ladislavjakl.cz\/index.php?rest_route=%2Fwp%2Fv2%2Fmedia&parent=7504"}],"wp:term":[{"taxonomy":"category","embeddable":true,"href":"https:\/\/www.ladislavjakl.cz\/index.php?rest_route=%2Fwp%2Fv2%2Fcategories&post=7504"},{"taxonomy":"post_tag","embeddable":true,"href":"https:\/\/www.ladislavjakl.cz\/index.php?rest_route=%2Fwp%2Fv2%2Ftags&post=7504"}],"curies":[{"name":"wp","href":"https:\/\/api.w.org\/{rel}","templated":true}]}}