{"id":753,"date":"2011-01-12T19:46:20","date_gmt":"2011-01-12T18:46:20","guid":{"rendered":"http:\/\/www.ladislavjakl.cz\/?p=753"},"modified":"2011-01-12T19:46:20","modified_gmt":"2011-01-12T18:46:20","slug":"jakl-lekarske-odbory-ohrozuji-budoucnost-samotnych-lekaru","status":"publish","type":"post","link":"https:\/\/www.ladislavjakl.cz\/?p=753","title":{"rendered":"Jakl: L\u00e9ka\u0159sk\u00e9 odbory ohro\u017euj\u00ed budoucnost samotn\u00fdch l\u00e9ka\u0159\u016f"},"content":{"rendered":"<p><strong>V souvislosti s kriz\u00ed ve zdravotnictv\u00ed a hrozbou v\u00fdpov\u011bd\u00ed  nemocni\u010dn\u00edch l\u00e9ka\u0159\u016f a jejich p\u0159\u00edpadn\u00fdm odchodem do zahrani\u010d\u00ed po\u017e\u00e1dala  redakce Parlamentn\u00edchList\u016f.cz prezidentova tajemn\u00edka Ladislava Jakla o  dopln\u011bn\u00ed, co prezidenta V\u00e1clava Klause vedlo k tomu, \u017ee ozna\u010dil chov\u00e1n\u00ed  nemocni\u010dn\u00edch l\u00e9ka\u0159\u016f za nezodpov\u011bdn\u00e9 a vyd\u011bra\u010dsk\u00e9.<\/strong><\/p>\n<p><strong><!--more--><\/strong><\/p>\n<p>Ladislav Jakl m\u00edn\u00ed, \u017ee ka\u017ed\u00fd m\u00e1 pr\u00e1vo podat v\u00fdpove\u010f, jako problematick\u00e9  v\u0161ak vid\u00ed, \u017ee to kolektivn\u011b organizuj\u00ed p\u0159ed\u00e1ci l\u00e9ka\u0159sk\u00fdch odbor\u016f.<\/p>\n<p><strong>\u0160\u00e9fov\u00e9 odbor\u016f se nestaraj\u00ed o to, co s l\u00e9ka\u0159i bude<\/strong><\/p>\n<p>\u201eJe pln\u00fdm pr\u00e1vem kohokoli ukon\u010dit pracovn\u00ed vztah. Ale odborov\u00ed \u0161\u00e9fov\u00e9  organizuj\u00ed odchody jako kolektivn\u00ed n\u00e1tlakovou kampa\u0148. To je nezodpov\u011bdn\u00e9  nejen v\u016f\u010di pacient\u016fm a da\u0148ov\u00fdm poplatn\u00edk\u016fm, kter\u00e9 zastupuje vl\u00e1da, ale  nakonec i v\u016f\u010di samotn\u00fdm l\u00e9ka\u0159\u016fm, kte\u0159\u00ed se do t\u00e9to hry nechali vl\u00e1kat a  ohro\u017euj\u00ed t\u00edm svou budoucnost. Tu za n\u011b odborov\u00ed \u0161\u00e9fov\u00e9 u\u017e re\u0161it  nebudou,&#8220; sd\u011blil Parlamentn\u00edmList\u016fm.cz\u00a0Jakl.<\/p>\n<p>\u201eV\u00fdzvy, aby se v\u00a0n\u011bkter\u00fdch\u00a0profes\u00edch organizovan\u011b, kolektivn\u011b a hromadn\u011b  odch\u00e1zelo do ciziny, jsou n\u011b\u010d\u00edm, s\u00a0\u010d\u00edm se nem\u016f\u017eeme smi\u0159ovat. Je to  nep\u0159ijateln\u00e9 vyd\u00edr\u00e1n\u00ed,&#8220; \u0159ekl prezident Klaus v novoro\u010dn\u00edm projevu.<\/p>\n<p><strong><strong>Kubek rozzlobil ODS<\/strong><\/strong><\/p>\n<p>Prezident \u010cesk\u00e9 l\u00e9ka\u0159sk\u00e9 komory Milan Kubek v \u00fater\u00fd na tiskov\u00e9  konferenci \u0159ekl, \u017ee kdo nepodporuje l\u00e9ka\u0159e, podporuje korupci v \u010desk\u00e9m  zdravotnictv\u00ed.\u00a0\u201ePan Kubek svedl l\u00e9ka\u0159e k nesmysln\u00e9 akci, proto nen\u00ed  divu, \u017ee plod\u00ed nesmysln\u00e9 v\u00fdroky,&#8220; uvedl pro Parlamentn\u00edListy.cz b\u00fdval\u00fd  ministr zdravotnictv\u00ed za ODS Tom\u00e1\u0161 Jul\u00ednek.<\/p>\n<p>\u201eJ\u00e1 si tak\u00e9 uv\u011bdomuji, \u017ee platov\u00e9 ohodnocen\u00ed \u010desk\u00fdch l\u00e9ka\u0159\u016f, zejm\u00e9na  t\u011bch mlad\u00fdch, nen\u00ed odpov\u00eddaj\u00edc\u00ed a s\u00e1m chci ud\u011blat v\u0161echno pro to, aby  pr\u00e1ce \u010desk\u00fdch zdravotn\u00edk\u016f byla ocen\u011bna odpov\u00eddaj\u00edc\u00edm zp\u016fsobem,&#8220;  zareagoval na Kubkova slova pro Parlamentn\u00edListy.cz Boris \u0160\u0165astn\u00fd,  expert ODS na zdravotnictv\u00ed.<\/p>\n<p><strong>V Sen\u00e1tu prob\u011bhne v\u00fdznamn\u00e1 debata <\/strong><\/p>\n<p>Ten ale tak\u00e9 dodal, \u017ee cesta ke zlep\u0161en\u00ed je jedin\u011b p\u0159es komplexn\u00ed a  razantn\u00ed reformu \u010desk\u00e9ho zdravotnictv\u00ed, nikoli p\u0159es n\u00e1tlakov\u00e9 a  populistick\u00e9 akce. Prohl\u00e1\u0161en\u00ed prezidenta \u010cLK Kubka je pro n\u011bho \u0161okuj\u00edc\u00ed.<\/p>\n<p>Kriz\u00ed ve zdravotnictv\u00ed se se bude zab\u00fdvat i konference svolan\u00e1 p\u0159edsedou  horn\u00ed komory Parlamentu Milanem \u0160t\u011bchem, kter\u00e1 se bude konat v \u00fater\u00fd  18. ledna v jednac\u00edm s\u00e1le Sen\u00e1tu. K t\u00e9matu by zde m\u011bli promluvit  prezident L\u00e9ka\u0159sk\u00e9 komory Milan Kubek, prezident L\u00e9ka\u0159sk\u00e9ho odborov\u00e9ho  klubu Martin Engel, premi\u00e9r Petr Ne\u010das, p\u0159edseda sn\u011bmovn\u00edho v\u00fdboru pro  zdravotnictv\u00ed Boris \u0160\u0165astn\u00fd, sen\u00e1to\u0159i Miroslav Antl a Radek Su\u0161il a  z\u00e1stupce Asociace kraj\u016f.<\/p>\n<p><a href=\"http:\/\/www.parlamentnilisty.cz\/parlament\/185986.aspx\" target=\"_blank\">Zdroj<\/a><\/p>\n","protected":false},"excerpt":{"rendered":"<p>V souvislosti s kriz\u00ed ve zdravotnictv\u00ed a hrozbou v\u00fdpov\u011bd\u00ed nemocni\u010dn\u00edch l\u00e9ka\u0159\u016f a jejich p\u0159\u00edpadn\u00fdm odchodem do zahrani\u010d\u00ed po\u017e\u00e1dala redakce Parlamentn\u00edchList\u016f.cz prezidentova tajemn\u00edka Ladislava Jakla o dopln\u011bn\u00ed, co prezidenta V\u00e1clava Klause vedlo k tomu, \u017ee ozna\u010dil chov\u00e1n\u00ed nemocni\u010dn\u00edch l\u00e9ka\u0159\u016f za nezodpov\u011bdn\u00e9 a vyd\u011bra\u010dsk\u00e9.<\/p>\n","protected":false},"author":1,"featured_media":0,"comment_status":"open","ping_status":"open","sticky":false,"template":"","format":"standard","meta":{"ngg_post_thumbnail":0,"footnotes":""},"categories":[11],"tags":[],"class_list":["post-753","post","type-post","status-publish","format-standard","hentry","category-ozvena"],"_links":{"self":[{"href":"https:\/\/www.ladislavjakl.cz\/index.php?rest_route=\/wp\/v2\/posts\/753","targetHints":{"allow":["GET"]}}],"collection":[{"href":"https:\/\/www.ladislavjakl.cz\/index.php?rest_route=\/wp\/v2\/posts"}],"about":[{"href":"https:\/\/www.ladislavjakl.cz\/index.php?rest_route=\/wp\/v2\/types\/post"}],"author":[{"embeddable":true,"href":"https:\/\/www.ladislavjakl.cz\/index.php?rest_route=\/wp\/v2\/users\/1"}],"replies":[{"embeddable":true,"href":"https:\/\/www.ladislavjakl.cz\/index.php?rest_route=%2Fwp%2Fv2%2Fcomments&post=753"}],"version-history":[{"count":1,"href":"https:\/\/www.ladislavjakl.cz\/index.php?rest_route=\/wp\/v2\/posts\/753\/revisions"}],"predecessor-version":[{"id":754,"href":"https:\/\/www.ladislavjakl.cz\/index.php?rest_route=\/wp\/v2\/posts\/753\/revisions\/754"}],"wp:attachment":[{"href":"https:\/\/www.ladislavjakl.cz\/index.php?rest_route=%2Fwp%2Fv2%2Fmedia&parent=753"}],"wp:term":[{"taxonomy":"category","embeddable":true,"href":"https:\/\/www.ladislavjakl.cz\/index.php?rest_route=%2Fwp%2Fv2%2Fcategories&post=753"},{"taxonomy":"post_tag","embeddable":true,"href":"https:\/\/www.ladislavjakl.cz\/index.php?rest_route=%2Fwp%2Fv2%2Ftags&post=753"}],"curies":[{"name":"wp","href":"https:\/\/api.w.org\/{rel}","templated":true}]}}