{"id":7532,"date":"2017-02-15T09:13:44","date_gmt":"2017-02-15T08:13:44","guid":{"rendered":"http:\/\/www.ladislavjakl.cz\/?p=7532"},"modified":"2017-02-15T09:13:44","modified_gmt":"2017-02-15T08:13:44","slug":"vaclav-klaus-ladislav-jakl-jiri-weigl-stop-nenavisti","status":"publish","type":"post","link":"https:\/\/www.ladislavjakl.cz\/?p=7532","title":{"rendered":"V\u00e1clav Klaus, Ladislav Jakl, Ji\u0159\u00ed Weigl: Stop nen\u00e1visti"},"content":{"rendered":"<p>Lidov\u00e9 noviny 8. \u00fanora 2017 zve\u0159ejnily t\u00e9m\u011b\u0159 neuv\u011b\u0159iteln\u00fd \u010dl\u00e1nek sv\u00e9ho redaktora Petra Z\u00eddka s n\u00e1zvem <strong>\u201eKonec jistoty\u201c,<\/strong> kter\u00fd je postaven na srovn\u00e1v\u00e1n\u00ed Trumpa s Hitlerem a kter\u00fd kon\u010d\u00ed slovy \u201ezvolen\u00ed Trumpa znamen\u00e1 pro \u010cechy to sam\u00e9, co n\u00e1stup Hitlera\u201c.<\/p>\n<p><!--more--><\/p>\n<p>Texty podobn\u00e9ho obsahu a pln\u00e9 ur\u00e1\u017eek na adresu demokraticky zvolen\u00e9ho prezidenta USA, kter\u00fd se jen p\u0159ed n\u011bkolika m\u00e1lo t\u00fddny ujal sv\u00e9ho \u00fa\u0159adu, zn\u00e1me. Maj\u00ed u n\u00e1s sv\u016fj p\u0159edobraz v\u00a0nejtemn\u011bj\u0161\u00edch dob\u00e1ch protektor\u00e1tn\u00ed a normaliza\u010dn\u00ed \u017eurnalistiky.<\/p>\n<p>V\u017edy platilo, \u017ee srovn\u00e1n\u00edm kohokoli s\u00a0Hitlerem kon\u010d\u00ed diskuse. Hitler je histori\u00ed ov\u011b\u0159en\u00e9 a uznan\u00e9 zlo a o n\u011bm se spor v\u00e9st ned\u00e1. Srovn\u00e1v\u00e1n\u00ed Trumpa a Hitlera, kter\u00e9 p\u0159edv\u00e1d\u00ed Z\u00eddek a kter\u00e9 je neorigin\u00e1ln\u00edm napodobov\u00e1n\u00edm hysterie jist\u00fdch kruh\u016f v\u00a0USA a Z\u00e1padn\u00ed Evrop\u011b, je v\u00fdrazem odm\u00edtnut\u00ed demokracie a svobody t\u011bmi, kte\u0159\u00ed si a\u017e dosud na Z\u00e1pad\u011b (a proto i u n\u00e1s) monopolizovali moc.<\/p>\n<p>Trump je demokraticky zvolen\u00fdm prezidentem. Nen\u00ed reprezentantem politick\u00e9 korektnosti, genderismu, feminismu, LGBT lobby, klimantick\u00e9ho alarmismu, pod jejich\u017e \u00fatlakem Z\u00e1pad ji\u017e dlouh\u00e1 l\u00e9ta trp\u00ed. Trump naopak reprezentuje to, co a\u017e doned\u00e1vna d\u011blalo Ameriku \u00fasp\u011b\u0161nou a p\u0159ita\u017elivou \u2013 svobodu jednotlivce hledat sv\u00e9 \u0161t\u011bst\u00ed, mo\u017enost svobodn\u011b vyjad\u0159ovat sv\u00e9 n\u00e1zory, pocit odpov\u011bdnosti v\u016f\u010di celku, nikoliv v\u016f\u010di t\u00e9 \u010di on\u00e9 privilegovan\u00e9 men\u0161in\u011b.<\/p>\n<p>Na rozd\u00edl od sv\u00fdch p\u0159edch\u016fdc\u016f s\u00a0\u00fasty pln\u00fdmi lidsk\u00fdch pr\u00e1v a \u0161\u00ed\u0159en\u00ed demokracie nikoho vojensky nenapadl. Nem\u00e1 na sv\u011bdom\u00ed statis\u00edce zabit\u00fdch civilist\u016f a mili\u00f3ny lid\u00ed bez p\u0159\u00edst\u0159e\u0161\u00ed. Neorganizuje p\u0159evraty ani ob\u010dansk\u00e9 v\u00e1lky jinde ve sv\u011bt\u011b. Pouze \u0159\u00edk\u00e1, \u017ee chce h\u00e1jit americk\u00e9 z\u00e1jmy a \u017ee nehodl\u00e1 pokra\u010dovat v\u00a0politice dosavadn\u00edch zkompromitovan\u00fdch elit. Jenom za to si vyslou\u017eil zu\u0159ivou nen\u00e1vist sv\u00fdch konkurent\u016f a protivn\u00edk\u016f doma i v\u00a0Evrop\u011b. Jenom za to, co \u0159\u00edk\u00e1. Nikomu dosud nijak neubl\u00ed\u017eil.<\/p>\n<p>P\u0159esto to pro ty, za n\u011b\u017e mluv\u00ed novin\u00e1\u0159 Z\u00eddek, sta\u010d\u00ed k\u00a0tomu, aby byl ozna\u010den za nov\u00e9ho Hitlera a samotn\u00e9 spojenectv\u00ed s\u00a0USA, doposud nezpochybniteln\u00e1 osa na\u0161\u00ed bezpe\u010dnosti, ba sam\u00e9 st\u00e1tn\u00ed existence, bylo p\u0159es noc zapomenuto.<\/p>\n<p>Novin\u00e1\u0159 Z\u00eddek nazna\u010duje, \u017ee si m\u00e1me hledat spojence jin\u00e9, ne\u017e jsou USA. Koho n\u00e1m nab\u00edz\u00ed? Mluv\u00ed o \u201ekonci jistot\u201c, ale jak\u00e9 jistoty m\u00e1 na mysli? M\u00e1 na mysli evidentn\u00ed \u00fapadek pozice Z\u00e1padu ve sv\u011bt\u011b? M\u00e1 na mysli rozvrat civiliza\u010dn\u00edch hodnot Z\u00e1padu dne\u0161n\u00ed \u201ekulturn\u00ed revoluc\u00ed\u201c? M\u00e1 na mysli n\u00e1siln\u00e9 rozvracen\u00ed st\u00e1t\u016f na nejr\u016fzn\u011bj\u0161\u00edch m\u00edstech sv\u011bta? Ekonomick\u00e9 zaost\u00e1v\u00e1n\u00ed za Asi\u00ed? Organizovan\u00fd import milion\u016f migrant\u016f do Evropy?<\/p>\n<p>M\u00e1 Petr Z\u00eddek sebemen\u0161\u00ed d\u016fvod a opr\u00e1vn\u011bn\u00ed ozna\u010dovat \u201epreventivn\u00ed jadernou v\u00e1lku proti \u00cdr\u00e1nu, nebo Severn\u00ed Koreji s\u00a0tis\u00edci mrtv\u00fdch civilist\u016f\u201c za \u201ere\u00e1ln\u00e9 vyhl\u00eddky sm\u011b\u0159ov\u00e1n\u00ed Trumpovy politiky\u201c? Je mo\u017en\u00e9 bez trestu srovn\u00e1vat oslavn\u00fd pochod SA a SS centrem Berl\u00edna p\u0159i jmenov\u00e1n\u00ed Hitlera \u0159\u00ed\u0161sk\u00fdm kancl\u00e9\u0159em (v lednu 1933) s\u00a0inaugurac\u00ed americk\u00e9ho prezidenta (v lednu 2017)? Opravdu se dostali Hitler a Trump k\u00a0moci hlasy \u201ebigotn\u011b n\u00e1bo\u017eensk\u00fdch\u201c lid\u00ed? Pova\u017euje Trump jako Hitler arm\u00e1du \u201eza hlavn\u00ed prost\u0159edek sv\u00e9 politiky\u201c?<\/p>\n<p>Odm\u00edt\u00e1me tuto pokleslou politiku i \u017eurnalistiku, kter\u00e1 p\u0159edv\u00e1d\u00ed, co je ve skute\u010dnosti politickou nen\u00e1vist\u00ed, l\u00e9ta neblaze zako\u0159en\u011bnou v\u00a0na\u0161\u00ed zemi. Odm\u00edt\u00e1me nezodpov\u011bdn\u00e9 rozb\u00edjen\u00ed na\u0161ich vztah\u016f s\u00a0USA, kter\u00e9 za\u010d\u00edn\u00e1 v\u00a0na\u0161ich m\u00e9di\u00edch nab\u00fdvat na s\u00edle.<\/p>\n<p><em>V\u00e1clav Klaus, Ladislav Jakl, Ji\u0159\u00ed Weigl, publikov\u00e1no v\u00a0den\u00edku Lidov\u00e9 noviny dne 10. \u00fanora 2017.<\/em><\/p>\n<p><a href=\"http:\/\/institutvk.cz\/clanky\/vaclav-klaus-ladislav-jakl-jiri-weigl-stop-nenavisti-.html\">Zdroj<\/a><\/p>\n","protected":false},"excerpt":{"rendered":"<p>Lidov\u00e9 noviny 8. \u00fanora 2017 zve\u0159ejnily t\u00e9m\u011b\u0159 neuv\u011b\u0159iteln\u00fd \u010dl\u00e1nek sv\u00e9ho redaktora Petra Z\u00eddka s n\u00e1zvem \u201eKonec jistoty\u201c, kter\u00fd je postaven na srovn\u00e1v\u00e1n\u00ed Trumpa s Hitlerem a kter\u00fd kon\u010d\u00ed slovy \u201ezvolen\u00ed Trumpa znamen\u00e1 pro \u010cechy to sam\u00e9, co n\u00e1stup Hitlera\u201c.<\/p>\n","protected":false},"author":1,"featured_media":0,"comment_status":"open","ping_status":"open","sticky":false,"template":"","format":"standard","meta":{"ngg_post_thumbnail":0,"footnotes":""},"categories":[1],"tags":[],"class_list":["post-7532","post","type-post","status-publish","format-standard","hentry","category-publikovane-clanky"],"_links":{"self":[{"href":"https:\/\/www.ladislavjakl.cz\/index.php?rest_route=\/wp\/v2\/posts\/7532","targetHints":{"allow":["GET"]}}],"collection":[{"href":"https:\/\/www.ladislavjakl.cz\/index.php?rest_route=\/wp\/v2\/posts"}],"about":[{"href":"https:\/\/www.ladislavjakl.cz\/index.php?rest_route=\/wp\/v2\/types\/post"}],"author":[{"embeddable":true,"href":"https:\/\/www.ladislavjakl.cz\/index.php?rest_route=\/wp\/v2\/users\/1"}],"replies":[{"embeddable":true,"href":"https:\/\/www.ladislavjakl.cz\/index.php?rest_route=%2Fwp%2Fv2%2Fcomments&post=7532"}],"version-history":[{"count":1,"href":"https:\/\/www.ladislavjakl.cz\/index.php?rest_route=\/wp\/v2\/posts\/7532\/revisions"}],"predecessor-version":[{"id":7533,"href":"https:\/\/www.ladislavjakl.cz\/index.php?rest_route=\/wp\/v2\/posts\/7532\/revisions\/7533"}],"wp:attachment":[{"href":"https:\/\/www.ladislavjakl.cz\/index.php?rest_route=%2Fwp%2Fv2%2Fmedia&parent=7532"}],"wp:term":[{"taxonomy":"category","embeddable":true,"href":"https:\/\/www.ladislavjakl.cz\/index.php?rest_route=%2Fwp%2Fv2%2Fcategories&post=7532"},{"taxonomy":"post_tag","embeddable":true,"href":"https:\/\/www.ladislavjakl.cz\/index.php?rest_route=%2Fwp%2Fv2%2Ftags&post=7532"}],"curies":[{"name":"wp","href":"https:\/\/api.w.org\/{rel}","templated":true}]}}