{"id":7543,"date":"2017-02-21T15:34:21","date_gmt":"2017-02-21T14:34:21","guid":{"rendered":"http:\/\/www.ladislavjakl.cz\/?p=7543"},"modified":"2017-02-21T15:34:21","modified_gmt":"2017-02-21T14:34:21","slug":"ladislav-jakl-veto-jako-demonstrace-postoje-k-vyvoji-pravniho-radu-za-prezidenta-klause","status":"publish","type":"post","link":"https:\/\/www.ladislavjakl.cz\/?p=7543","title":{"rendered":"Ladislav Jakl: Veto jako demonstrace postoje k v\u00fdvoji pr\u00e1vn\u00edho \u0159\u00e1du za prezidenta Klause"},"content":{"rendered":"<p>Prezident V\u00e1clav Klaus b\u011bhem sv\u00fdch dvou funk\u010dn\u00edch obdob\u00ed vyu\u017eil pr\u00e1vo veta celkem 57kr\u00e1t. Poslaneck\u00e9 sn\u011bmovn\u011b tedy vr\u00e1til necel\u00fdch 6 z\u00e1kon\u016f ro\u010dn\u011b, \u010dili zhruba ka\u017ed\u00e9 dva m\u011bs\u00edce jeden. Pro up\u0159esn\u011bn\u00ed lze \u0159\u00edci, \u017ee vr\u00e1cen\u00fdch z\u00e1kon\u016f bylo o n\u011bco m\u00e1lo v\u00edce, proto\u017ee v\u00a0p\u0159\u00edpad\u011b n\u011bkter\u00fdch vet \u0161lo o dvojici z\u00e1kon\u016f s\u00a0vlastn\u00edm \u010d\u00edslem, ale ve skute\u010dnosti o jednu souvisej\u00edc\u00ed legislativn\u00ed \u00fapravu provedenou v\u00a0jeden celek vz\u00e1jemn\u011b prov\u00e1zen\u00fdmi dv\u011bma p\u0159edlohami, kter\u00e9 nebylo mo\u017en\u00e9 v\u00a0legislativn\u00edm procesu odd\u011blit, proto\u017ee by pak ztratily smysl, a nebylo tud\u00ed\u017e mo\u017en\u00e9 jeden z\u00a0nich vr\u00e1tit (a pot\u00e9 pop\u0159\u00edpad\u011b nep\u0159ijmout), zat\u00edmco druh\u00fd nechat zve\u0159ejnit ve sb\u00edrce z\u00e1kon\u016f a tak uv\u00e9st v\u00a0platnost.<\/p>\n<p><!--more--><\/p>\n<p>Lze diskutovat, zda je po\u010det 57 vet za 10 let m\u00e1lo \u010di mnoho. Nab\u00edz\u00ed se i srovn\u00e1n\u00ed s\u00a0p\u0159edch\u016fdcem, tedy prezidentem V\u00e1clavem Havlem. Ten vr\u00e1til z\u00e1kon\u016f za 10 let ve funkci prezidenta \u010cR jen 24, \u010dili necelou polovinu. Nutno ale dodat, \u017ee b\u011bhem funk\u010dn\u00edch obdob\u00ed prezidenta Havla \u0161lo ve velk\u00e9 v\u011bt\u0161in\u011b o transforma\u010dn\u00ed z\u00e1kony, \u017eivotn\u011b nutn\u00e9 k\u00a0p\u0159echodu od komunismu k\u00a0parlamentn\u00ed demokracii s\u00a0tr\u017en\u00ed ekonomikou a V\u00e1clav Havel v\u017edy deklaroval, \u017ee je s\u00a0t\u00edmto procesem konformn\u00ed a identifikuje se s\u00a0n\u00edm.<\/p>\n<p>V\u00e1clav Klaus naprotitomu pro\u017eil velkou \u010d\u00e1st sv\u00fdch funk\u010dn\u00edch obdob\u00ed v\u00a0tzv. kohabitaci, \u010dili v\u00a0sou\u017eit\u00ed pravicov\u00e9ho prezidenta s\u00a0levicov\u00fdmi vl\u00e1dami, kde ke spor\u016fm o podobu pr\u00e1vn\u00edho \u0159\u00e1du doch\u00e1zelo logicky mnohem \u010dast\u011bji. \u0160lo tak\u00e9 o obdob\u00ed, kdy p\u016fvodn\u00ed liberaliza\u010dn\u00ed reformn\u00ed trend v\u00a0legislativ\u011b byl vyst\u0159\u00edd\u00e1n trendem p\u0159esn\u011b opa\u010dn\u00fdm, tedy k\u00a0zav\u00e1d\u011bn\u00ed regulac\u00ed, omezen\u00ed, z\u00e1kaz\u016f, nikoli k\u00a0jejich ru\u0161en\u00ed, jako tomu bylo v\u00a0p\u0159edchoz\u00edch letech. Od levicov\u00fdch vl\u00e1d \u0161lo o legislativn\u00ed smr\u0161\u0165, umocn\u011bnou je\u0161t\u011b nov\u00fdm prvkem: obrovsk\u00fdm mno\u017estv\u00edm implementac\u00ed tzv. evropsk\u00e9ho pr\u00e1va. A toto mno\u017estv\u00ed nep\u0159ibrzdilo ani obdob\u00ed vl\u00e1dy Mirka Topol\u00e1nka s\u00a0Martinem Burs\u00edkem.<\/p>\n<p>P\u0159esto by rozd\u00edl mezi po\u010dtem vr\u00e1cen\u00fdch z\u00e1kon\u016f mezi ob\u011bma prezidenty b\u00fdval nebyl tak v\u00fdrazn\u00fdm, kdyby ho z\u00e1sadn\u011b neovlivnilo kr\u00e1tk\u00e9, zhruba t\u0159\u00edm\u011bs\u00ed\u010dn\u00ed obdob\u00ed t\u011bsn\u011b p\u0159ed volbami do Poslaneck\u00e9 sn\u011bmovny v\u00a0roce 2006, kdy se vl\u00e1dn\u00ed koalice veden\u00e1 \u010cSSD de facto rozpadla, fungovala pouze form\u00e1ln\u011b a z\u00e1kony na posledn\u00ed chv\u00edli schvalovali Paroubkovi poslanci \u010cSSD za pomoc\u00ed opozi\u010dn\u00ed komunistick\u00e9 strany. Na t\u011bchto n\u011bkolik t\u00fddn\u016f p\u0159ipad\u00e1 celkem 10 vr\u00e1cen\u00fdch z\u00e1kon\u016f (jako skoro za dva pr\u016fm\u011brn\u00e9 roky), co\u017e lze vysv\u011btlit t\u00edm, \u017ee novou hlasovac\u00ed p\u0159evahu v\u00a0Poslaneck\u00e9 sn\u011bmovn\u011b nepova\u017eoval Klaus za \u0159\u00e1dnou vl\u00e1dn\u00ed v\u011bt\u0161inu ale za zcela extr\u00e9mn\u00ed konstelaci, legitimuj\u00edc\u00ed jin\u00fd ne\u017e obvykl\u00fd p\u0159\u00edstup k\u00a0z\u00e1kon\u016fm takto vznikl\u00fdm.<\/p>\n<p>\u00dasp\u011b\u0161nost prezidentsk\u00fdch vet nebyla p\u0159\u00edli\u0161 vysok\u00e1. V\u011bt\u0161inu 101 hlasu se nepoda\u0159ilo Poslaneck\u00e9 sn\u011bmovn\u011b z\u00edskat za cel\u00fdch 10 let pouze ve \u010dty\u0159ech p\u0159\u00edpadech z\u00a0on\u011bch 57 vet. V\u00a0sedmi dal\u0161\u00edch p\u0159\u00edpadech vr\u00e1cen\u00e9 z\u00e1kony ji\u017e nebyly sn\u011bmovnou projedn\u00e1ny, nebo\u0165 byly k\u00a0podpisu p\u0159edlo\u017eeny na posledn\u00ed chv\u00edli p\u0159ed volbami a p\u0159ed rozpu\u0161t\u011bn\u00edm Poslaneck\u00e9 sn\u011bmovny. V\u011bt\u0161ina z\u00a0t\u011bchto z\u00e1kon\u016f p\u0159ipad\u00e1 pr\u00e1v\u011b na ono kr\u00e1tk\u00e9 p\u0159edvolebn\u00ed obdob\u00ed konce Paroubkovy vl\u00e1dy. Tyto vetovan\u00e9 z\u00e1kony tedy nutn\u011b \u201espadly pod st\u016fl\u201c a nemohly nab\u00fdt \u00fa\u010dinnosti.<\/p>\n<p>V\u00e1clav Klaus byl v\u0161ak v\u017edy p\u0159esv\u011bd\u010den, \u017ee toto nen\u00ed jedin\u00e9 krit\u00e9rium \u201e\u00fasp\u011b\u0161nosti\u201c \u010di prosp\u011b\u0161nosti u\u017eit\u00ed pr\u00e1va veta. T\u00edm druh\u00fdm, nem\u00e9n\u011b d\u016fle\u017eit\u00fdm, bylo sd\u011blit ve\u0159ejnosti, jak problematick\u00e9 z\u00e1kony p\u0159ij\u00edm\u00e1 n\u00e1\u0161 parlament a jak se tyto z\u00e1kony mohou dotknout \u017eivota ob\u010dan\u016f a jejich svobody. I proto vznikl sborn\u00edk IVK \u201eVeta prezidenta V\u00e1clava Klause\u201c, tedy demonstrovat, jak se v\u00a0obdob\u00ed 2003 \u2013 2012 n\u00e1\u0161 pr\u00e1vn\u00ed \u0159\u00e1d zapleveloval a jak rapidn\u011b byl s\u00a0t\u00e9m\u011b\u0159 ka\u017ed\u00fdm dal\u0161\u00edm z\u00e1konem ob\u010dan v\u00edce a v\u00edce omezov\u00e1n. A tak\u00e9 uk\u00e1zat, jak se s\u00a0t\u00edm sna\u017eil pot\u00fdkat zrovna tento prezident.<\/p>\n<p>Je u\u017eite\u010dn\u00e9 si tehdej\u0161\u00ed z\u00e1pas o podobu na\u0161eho pr\u00e1vn\u00edho \u0159\u00e1du p\u0159ipomenout, proto\u017ee tento z\u00e1pas zdaleka nekon\u010d\u00ed, ba mo\u017en\u00e1 je v\u00a0posledn\u00ed dob\u011b vystup\u0148ov\u00e1n je\u0161t\u011b v\u00edce.<\/p>\n<p><em>Ladislav Jakl, 21. \u00fanora 2017.<\/em><\/p>\n<p><a href=\"http:\/\/institutvk.cz\/clanky\/ladislav-jakl-veto-jako-demonstrace-postoje-k-vyvoji-pravniho-radu-za-prezidenta-klause.html\">Zdroj<\/a><\/p>\n","protected":false},"excerpt":{"rendered":"<p>Prezident V\u00e1clav Klaus b\u011bhem sv\u00fdch dvou funk\u010dn\u00edch obdob\u00ed vyu\u017eil pr\u00e1vo veta celkem 57kr\u00e1t. Poslaneck\u00e9 sn\u011bmovn\u011b tedy vr\u00e1til necel\u00fdch 6 z\u00e1kon\u016f ro\u010dn\u011b, \u010dili zhruba ka\u017ed\u00e9 dva m\u011bs\u00edce jeden. Pro up\u0159esn\u011bn\u00ed lze \u0159\u00edci, \u017ee vr\u00e1cen\u00fdch z\u00e1kon\u016f bylo o n\u011bco m\u00e1lo v\u00edce, proto\u017ee v\u00a0p\u0159\u00edpad\u011b n\u011bkter\u00fdch vet \u0161lo o dvojici z\u00e1kon\u016f s\u00a0vlastn\u00edm \u010d\u00edslem, ale ve skute\u010dnosti o jednu souvisej\u00edc\u00ed [&hellip;]<\/p>\n","protected":false},"author":1,"featured_media":0,"comment_status":"open","ping_status":"open","sticky":false,"template":"","format":"standard","meta":{"ngg_post_thumbnail":0,"footnotes":""},"categories":[1],"tags":[],"class_list":["post-7543","post","type-post","status-publish","format-standard","hentry","category-publikovane-clanky"],"_links":{"self":[{"href":"https:\/\/www.ladislavjakl.cz\/index.php?rest_route=\/wp\/v2\/posts\/7543","targetHints":{"allow":["GET"]}}],"collection":[{"href":"https:\/\/www.ladislavjakl.cz\/index.php?rest_route=\/wp\/v2\/posts"}],"about":[{"href":"https:\/\/www.ladislavjakl.cz\/index.php?rest_route=\/wp\/v2\/types\/post"}],"author":[{"embeddable":true,"href":"https:\/\/www.ladislavjakl.cz\/index.php?rest_route=\/wp\/v2\/users\/1"}],"replies":[{"embeddable":true,"href":"https:\/\/www.ladislavjakl.cz\/index.php?rest_route=%2Fwp%2Fv2%2Fcomments&post=7543"}],"version-history":[{"count":1,"href":"https:\/\/www.ladislavjakl.cz\/index.php?rest_route=\/wp\/v2\/posts\/7543\/revisions"}],"predecessor-version":[{"id":7544,"href":"https:\/\/www.ladislavjakl.cz\/index.php?rest_route=\/wp\/v2\/posts\/7543\/revisions\/7544"}],"wp:attachment":[{"href":"https:\/\/www.ladislavjakl.cz\/index.php?rest_route=%2Fwp%2Fv2%2Fmedia&parent=7543"}],"wp:term":[{"taxonomy":"category","embeddable":true,"href":"https:\/\/www.ladislavjakl.cz\/index.php?rest_route=%2Fwp%2Fv2%2Fcategories&post=7543"},{"taxonomy":"post_tag","embeddable":true,"href":"https:\/\/www.ladislavjakl.cz\/index.php?rest_route=%2Fwp%2Fv2%2Ftags&post=7543"}],"curies":[{"name":"wp","href":"https:\/\/api.w.org\/{rel}","templated":true}]}}