{"id":7567,"date":"2017-02-28T08:50:43","date_gmt":"2017-02-28T07:50:43","guid":{"rendered":"http:\/\/www.ladislavjakl.cz\/?p=7567"},"modified":"2017-02-28T08:50:43","modified_gmt":"2017-02-28T07:50:43","slug":"jak-poznat-nesvobodny-rezim-vadi-mu-samizdaty","status":"publish","type":"post","link":"https:\/\/www.ladislavjakl.cz\/?p=7567","title":{"rendered":"Jak poznat nesvobodn\u00fd re\u017eim? Vad\u00ed mu samizdaty!"},"content":{"rendered":"<div class=\"opener\">To jsme to dopracovali. Aby se \u010dlov\u011bk do\u010detl pravdu, mus\u00ed \u010d\u00edst samizdaty. A proto\u017ee pravda bruselsk\u00fdm kolaborant\u016fm vad\u00ed, u\u017e zase jsou samizdaty pot\u00edr\u00e1ny. Monopol pokrok\u00e1\u0159\u016f, soci\u00e1ln\u00edch in\u017een\u00fdr\u016f, bo\u0159itel\u016f star\u00fdch ctnost\u00ed a prosazovatel\u016f kolektivistick\u00e9ho zn\u00e1sil\u0148ov\u00e1n\u00ed svobody je ohro\u017een. Dosud m\u011bli v\u0161e: t\u00e9m\u011b\u0159 cel\u00e9 \u0161kolstv\u00ed, m\u00e9dia, kulturu. O politice nemluv\u011b.<\/div>\n<p><!--more--><\/p>\n<div id=\"art-text\" class=\"text\">\n<p>A najednou v tomhle monopolu vznikaj\u00ed skuliny, kter\u00fdma se \u0161\u00ed\u0159\u00ed alternativn\u00ed pohledy na sv\u011bt. P\u0159edev\u0161\u00edm pohledy konzervativn\u00ed a ty, kter\u00e9 svobodu jednotlivce h\u00e1j\u00ed. A t\u0159eba i mnoho dal\u0161\u00edch, co jich jen v \u017eiv\u00e9 spole\u010dnosti je. Jsou to samizdaty dne\u0161n\u00ed doby. Vyu\u017e\u00edvaj\u00ed internet a dal\u0161\u00ed nov\u00e9 komunika\u010dn\u00ed mo\u017enosti, proto\u017ee \u201cvelk\u00e1\u201c m\u00e9dia jdou s proudem a v nich \u0161ance na jin\u00fd n\u00e1zor nen\u00ed.<\/p>\n<p>Dr\u017eitel\u00e9 monopolu se s n\u00e1stupem samizdat\u016f necht\u011bj\u00ed sm\u00ed\u0159it. \u0160\u00ed\u0159en\u00ed jin\u00fdch pohled\u016f se sna\u017e\u00ed br\u00e1nit legislativn\u011b, ekonomicky, technicky. A dnes p\u0159ich\u00e1zej\u00ed s orwelovsk\u00fdm \u201eministerstvem pravdy\u201c. Nov\u00fd \u00fa\u0159ad p\u0159i ministerstvu vnitra pr\u00fd nebude \u017e\u00e1dnou cenzurou, ale bude jen uv\u00e1d\u011bt \u201ena pravou m\u00edru\u201c (jen pokrok\u00e1\u0159i v\u011bd\u00ed, co je to \u201eprav\u00e1 m\u00edra\u201c) \u00fadajn\u00e9 desinformace, \u0161\u00ed\u0159en\u00e9 ve spole\u010dnosti.<\/p>\n<p>Protagonist\u00e9 t\u00e9to je\u0161t\u011b p\u0159ed n\u011bkolika lety zcela nep\u0159edstaviteln\u00e9 my\u0161lenky se netaj\u00ed t\u00edm, \u017ee nehodlaj\u00ed opravovat \u0161patn\u00e1 \u010d\u00edsla v tabulk\u00e1ch a grafech \u010di chybn\u011b citovan\u00e9 zdroje v anal\u00fdz\u00e1ch. Hodlaj\u00ed na pravou m\u00edru uv\u00e1d\u011bt n\u00e1zory. A to je konec demokracie, konec svobodn\u00e9 sout\u011b\u017ee my\u0161lenek a idej\u00ed.<\/p>\n<p>Opravdu si n\u011bkte\u0159\u00ed naivov\u00e9 mysl\u00ed, \u017ee p\u016fjde pouze o dal\u0161\u00ed zpravodajsko-publicistickou redakci, kter\u00e1 se bude zab\u00fdvat jen polemikou s jin\u00fdmi konkuren\u010dn\u00edmi pohledy? (Ov\u0161em polemikou jaksi certifikovanou, posv\u011bcenou st\u00e1tn\u00ed moc\u00ed.) Nebudou inzerenti alternativn\u00edch m\u00e9di\u00ed vystaveni tlaku mocn\u00fdch instituc\u00ed? Nebudou vydavatel\u00e9 \u0161ikanov\u00e1ni \u010di diskriminov\u00e1n\u00ed v p\u0159\u00edstupu k informac\u00edm nebo dokonce k funkc\u00edm ve ve\u0159ejn\u00e9m sektoru? Jist\u011b\u017ee p\u0159esn\u011b tam st\u00e1tn\u00ed moc novou instituc\u00ed m\u00ed\u0159\u00ed. A nejsp\u00ed\u0161 je\u0161t\u011b d\u00e1l. Dostanou \u0161i\u0159itel\u00e9 nepohodln\u00fdch n\u00e1zor\u016f sledovac\u00ed n\u00e1ramky, jak se o tom v\u00e1\u017en\u011b uva\u017euje v N\u011bmecku?<\/p>\n<p>A jak\u00e9\u017ee n\u00e1zory budou ostrakizov\u00e1ny a vylu\u010dov\u00e1ny z \u201edobr\u00e9 spole\u010dnosti\u201c? Budou snad takto ozna\u010deni \u0161i\u0159itel\u00e9 hoaxu o glob\u00e1ln\u00edm oteplov\u00e1n\u00ed, jejich\u017e manipulace n\u00e1s st\u00e1ly u\u017e stovky miliard? Budou postihov\u00e1ni \u0161i\u0159itel\u00e9 horoskop\u016f, televizn\u00ed v\u011b\u0161t\u00edrny \u010di \u201enev\u011bdeck\u00e9\u201c n\u00e1bo\u017eensk\u00e9 po\u0159ady? Chce n\u011bkdo \u201ed\u011blat po\u0159\u00e1dek\u201c v tis\u00edc\u00edch v\u00fdrok\u016f nejr\u016fzn\u011bj\u0161\u00edch obsah\u016f, kter\u00e9 v ka\u017ed\u00e9 vte\u0159in\u011b l\u00e9taj\u00ed pestrou spole\u010dnost\u00ed? To asi ne. Postihov\u00e1ny budou velmi konkr\u00e9tn\u00ed samizdaty.<\/p>\n<p>Je t\u0159eba se m\u00edt maxim\u00e1ln\u011b napozoru. Boj o uchov\u00e1n\u00ed zbytk\u016f na\u0161\u00ed svobody patrn\u011b vstupuje do hork\u00e9 f\u00e1ze. T\u0159eba bude i tou f\u00e1z\u00ed smrteln\u00e9 ag\u00f3nie, jako j\u00ed byla za komunismu pr\u00e1v\u011b \u00e9ra boje proti samizdat\u016fm.<\/p>\n<p><em>ps\u00e1no pro IVK<\/em><\/p>\n<\/div>\n<p><a href=\"http:\/\/jakl.blog.idnes.cz\/blog.aspx?c=589647\">Zdroj<\/a><\/p>\n","protected":false},"excerpt":{"rendered":"<p>To jsme to dopracovali. Aby se \u010dlov\u011bk do\u010detl pravdu, mus\u00ed \u010d\u00edst samizdaty. A proto\u017ee pravda bruselsk\u00fdm kolaborant\u016fm vad\u00ed, u\u017e zase jsou samizdaty pot\u00edr\u00e1ny. Monopol pokrok\u00e1\u0159\u016f, soci\u00e1ln\u00edch in\u017een\u00fdr\u016f, bo\u0159itel\u016f star\u00fdch ctnost\u00ed a prosazovatel\u016f kolektivistick\u00e9ho zn\u00e1sil\u0148ov\u00e1n\u00ed svobody je ohro\u017een. Dosud m\u011bli v\u0161e: t\u00e9m\u011b\u0159 cel\u00e9 \u0161kolstv\u00ed, m\u00e9dia, kulturu. O politice nemluv\u011b.<\/p>\n","protected":false},"author":1,"featured_media":0,"comment_status":"open","ping_status":"open","sticky":false,"template":"","format":"standard","meta":{"ngg_post_thumbnail":0,"footnotes":""},"categories":[1],"tags":[],"class_list":["post-7567","post","type-post","status-publish","format-standard","hentry","category-publikovane-clanky"],"_links":{"self":[{"href":"https:\/\/www.ladislavjakl.cz\/index.php?rest_route=\/wp\/v2\/posts\/7567","targetHints":{"allow":["GET"]}}],"collection":[{"href":"https:\/\/www.ladislavjakl.cz\/index.php?rest_route=\/wp\/v2\/posts"}],"about":[{"href":"https:\/\/www.ladislavjakl.cz\/index.php?rest_route=\/wp\/v2\/types\/post"}],"author":[{"embeddable":true,"href":"https:\/\/www.ladislavjakl.cz\/index.php?rest_route=\/wp\/v2\/users\/1"}],"replies":[{"embeddable":true,"href":"https:\/\/www.ladislavjakl.cz\/index.php?rest_route=%2Fwp%2Fv2%2Fcomments&post=7567"}],"version-history":[{"count":1,"href":"https:\/\/www.ladislavjakl.cz\/index.php?rest_route=\/wp\/v2\/posts\/7567\/revisions"}],"predecessor-version":[{"id":7568,"href":"https:\/\/www.ladislavjakl.cz\/index.php?rest_route=\/wp\/v2\/posts\/7567\/revisions\/7568"}],"wp:attachment":[{"href":"https:\/\/www.ladislavjakl.cz\/index.php?rest_route=%2Fwp%2Fv2%2Fmedia&parent=7567"}],"wp:term":[{"taxonomy":"category","embeddable":true,"href":"https:\/\/www.ladislavjakl.cz\/index.php?rest_route=%2Fwp%2Fv2%2Fcategories&post=7567"},{"taxonomy":"post_tag","embeddable":true,"href":"https:\/\/www.ladislavjakl.cz\/index.php?rest_route=%2Fwp%2Fv2%2Ftags&post=7567"}],"curies":[{"name":"wp","href":"https:\/\/api.w.org\/{rel}","templated":true}]}}