{"id":757,"date":"2011-01-14T16:51:49","date_gmt":"2011-01-14T15:51:49","guid":{"rendered":"http:\/\/www.ladislavjakl.cz\/?p=757"},"modified":"2011-01-14T16:51:49","modified_gmt":"2011-01-14T15:51:49","slug":"jakl-v-ct-vliv-bilderbergu-a-zednaru-se-podcenuje","status":"publish","type":"post","link":"https:\/\/www.ladislavjakl.cz\/?p=757","title":{"rendered":"Jakl v \u010cT: Vliv Bilderbergu a zedn\u00e1\u0159\u016f se podce\u0148uje"},"content":{"rendered":"<p>Skupina Bilderberg existuje, o tom nen\u00ed sporu. A vliv t\u00e9to a podobn\u00fdch  skupin sp\u00ed\u0161e podce\u0148ujeme, tvrd\u00ed prezident\u016fv tajemn\u00edk Ladislav <span>Jakl<\/span>.<\/p>\n<p><!--more-->\u0158editel politick\u00e9ho odboru kancel\u00e1\u0159e prezidenta republiky to \u0159ekl b\u011bhem \u00fatern\u00ed t\u0159\u00edhodinov\u00e9 debaty \u010cT &#8222;Planeta Zem\u011b 2011&#8220;.<\/p>\n<p>Reagoval  tak na \u00favodn\u00ed p\u0159edto\u010den\u00e9 interview s investigativn\u00edm \u017eurnalistou a  autorem knihy &#8222;Skute\u010dn\u00fd p\u0159\u00edb\u011bh skupiny Bilderberg&#8220; Danielem Estulinem.<\/p>\n<p>Na ot\u00e1zku moder\u00e1tora V\u00e1clava Moravce, zda existuje a zda v\u011b\u0159\u00ed v &#8222;teorii glob\u00e1ln\u00ed skupiny Bilderberg&#8220;, Ladislav Jakl odpov\u011bd\u011bl:<\/p>\n<p>&#8222;Tak  skupina Bilderberg existuje, o tom nen\u00ed sporu, to nen\u00ed v\u011bc m\u00e9 v\u00edry,  nebo va\u0161\u00ed nebo kohokoli jin\u00e9ho. Je nepochybn\u00e9, \u017ee r\u016fzn\u00e9 elity vyv\u00edjej\u00ed v  n\u011bjak\u00e9 sv\u00e9 sou\u010dinnosti r\u016fzn\u00e9 tlaky, maj\u00ed r\u016fzn\u00e9 z\u00e1jmy, sna\u017e\u00ed se ovlivnit  mnoh\u00e1 rozhodnut\u00ed.&#8220;<\/p>\n<p>Na dal\u0161\u00ed moder\u00e1torovu ot\u00e1zku, zda se vliv  t\u00e9to skupiny nep\u0159ece\u0148uje, \u0159ekl, \u017ee je tomu naopak. &#8222;J\u00e1 mysl\u00edm, \u017ee se v  mnoh\u00e9m podce\u0148uje, proto\u017ee se o n\u011bm m\u00e1lo v\u00ed, m\u00e1lo se o n\u011bm diskutuje.&#8220;<\/p>\n<p>Podle  Jakla nejde jen o Bilderberg, podobn\u00fdch skupin je mnoho. &#8222;Takov\u00e9  skupiny existuj\u00ed, v\u017edy existovaly, svobodn\u00ed zedn\u00e1\u0159i a jin\u00ed. A budou  existovat. Je ale dobr\u00e9, aby se o nich v\u011bd\u011blo, je legitimn\u00ed, abychom se o  nich mohli bavit, proto\u017ee to se ne v\u017edy d\u011bje. Proto\u017ee kdy\u017e n\u011bkdo p\u00ed\u0161e o  t\u011bchto v\u011bcech, tak je prohla\u0161ov\u00e1n za paranoika,&#8220; dodal prezident\u016fv  tajemn\u00edk.<\/p>\n<p>Podle n\u011bj je vznik z\u00e1jmov\u00fdch skupin legitimn\u00ed, ale  &#8222;st\u00e1t a st\u00e1tn\u00ed instituce by si tyto vlivov\u00e9 skupiny m\u011bl dr\u017eet od t\u011bla&#8220;.  Jako p\u0159\u00edklad uvedl americk\u00fd z\u00e1kon Logan Act, kter\u00fd vysok\u00fdm st\u00e1tn\u00edm  \u00fa\u0159edn\u00edk\u016fm a politik\u016fm \u00fa\u010dast na podobn\u00fdch setk\u00e1n\u00edch zakazuje.<\/p>\n<p>&#8222;Bylo  by dob\u0159e, kdyby st\u00e1t v\u011bd\u011bl o t\u011bchto aktivit\u00e1ch n\u011bkter\u00fdch lid\u00ed a m\u011bl  \u0161anci se jich zeptat, jak\u00e9 z\u00e1jmy h\u00e1j\u00ed. Jestli nejsou v konfliktu z\u00e1jm\u016f,  jestli h\u00e1j\u00ed z\u00e1jmy toho, koho maj\u00ed a nebo sv\u00e9 vlastn\u00ed a sv\u00fdch p\u0159\u00e1tel v  n\u011bjak\u00e9 vlivov\u00e9 skupin\u011b,&#8220; \u0159ekl Jakl.<\/p>\n<p>\u010cT se t\u00e9matu dotkla sp\u00ed\u0161e  n\u00e1hodou &#8211; o v\u00edkendu toti\u017e Prahu nav\u0161t\u00edvil a o Bilderbergu zde p\u0159en\u00e1\u0161el  investigativn\u00ed \u017eurnalista, kter\u00fd u\u017e \u0159adu let o bilderbergsk\u00e9 skupin\u011b  p\u00ed\u0161e, Daniel Estulin. V pra\u017esk\u00e9m Golem klubu m\u011bl na toto t\u00e9ma  dvouhodinovou p\u0159edn\u00e1\u0161ku.<\/p>\n<p>&#8222;Ohledn\u011b skupiny Bilderberg panuje mnoho  m\u00fdt\u016f, \u017ee jde o tajn\u00e9 spole\u010denstv\u00ed. Bilderberg nen\u00ed tajn\u00fdm  spole\u010denstv\u00edm, nejde ani o \u017eidozedn\u00e1\u0159sk\u00e9 spiknut\u00ed. Nesedaj\u00ed potm\u011b v  kruhu nad k\u0159i\u0161\u0165\u00e1lovou koul\u00ed p\u0159i pl\u00e1nov\u00e1n\u00ed nadvl\u00e1dy nad sv\u011btem &#8211; pokud si  n\u011bco takov\u00e9ho mysl\u00edte, pak to nem\u00e1te v hlav\u011b v po\u0159\u00e1dku,&#8220; \u0159ekl Estulin a  vz\u00e1p\u011bt\u00ed nab\u00eddl sv\u016fj v\u00fdklad, jak\u00e9 jsou c\u00edle t\u00e9to skupiny.<\/p>\n<p>&#8222;Jde o  koncept ozna\u010dovan\u00fd sp\u00ed\u0161e jako \u00b4Jeden sv\u011bt s r.o.&#8220;, tedy nadn\u00e1rodn\u00ed  korporace, kter\u00e1 m\u00e1 m\u00edt mnohem v\u011bt\u0161\u00ed vliv, ne\u017e kter\u00fdkoli st\u00e1t a kter\u00e1 m\u00e1  kontrolovat sv\u011btov\u00e9 zdroje. \u00da\u010dastn\u00ed se j\u00ed elity v\u011bt\u0161iny z\u00e1padn\u00edch zem\u00ed,  v\u010detn\u011b \u0161\u00e9f\u016f vlivn\u00fdch m\u00e9di\u00ed, jako je The New York Times \u010di Wall Street  Journal. A tato m\u00e9dia n\u00e1s p\u0159esv\u011bd\u010dila o tom, \u017ee co vid\u00edme na tituln\u00edch  str\u00e1nk\u00e1ch New York Times nebo Le Monde nebo na obrazovce CNN, \u017ee mus\u00ed  b\u00fdt pravda. A \u017ee v\u0161e, co je vyti\u0161t\u011bno nebo \u0159e\u010deno v ostatn\u00edch m\u00e9di\u00edch,  je konspira\u010dn\u00ed teorie,&#8220; \u0159ekl Estulin ve sv\u00e9m vstupu pro \u010cT.<\/p>\n<p>Ve  sv\u00e9 sobotn\u00ed p\u0159edn\u00e1\u0161ce byl ale Estulin je\u0161t\u011b ost\u0159ej\u0161\u00ed. Podle n\u011bj  Bilderberg usiluje o rozvrat a chaos ve spole\u010dnosti, ekonomick\u00fd kolaps,  z\u00e1nik n\u00e1rodn\u00edch st\u00e1t\u016f a n\u00e1rodn\u00edch m\u011bn &#8211; to v\u0161e proto, aby mohl l\u00e9pe  ovl\u00e1dat zbytek obyvatelstva. Netaj\u00ed se tak\u00e9 sv\u00fdmi pl\u00e1ny na redukci po\u010dtu  obyvatel na zemi.<\/p>\n<p>Estulin tak\u00e9 ne\u0161et\u0159il kritikou \u010desk\u00e9ho  ministra zahrani\u010d\u00ed Karla Schwarzenberga, kter\u00fd je \u010dlenem skupiny  Bilderberg, na jej\u00ed\u017e konferenci byl pozv\u00e1n nejen v roce 2008, ale jej\u00ed\u017e  konference nav\u0161t\u011bvoval u\u017e v osmdes\u00e1t\u00fdch letech je\u0161t\u011b jako ob\u010dan  Rakouska.<\/p>\n<p>To, \u017ee m\u00e1 \u010cesk\u00e1 republika Schwarzenberga ve v\u00fdznamn\u00e9  funkci, ozna\u010dil za politov\u00e1n\u00edhodn\u00e9. &#8222;Mor\u00e1ln\u00ed spole\u010dnost nem\u016f\u017ee m\u00edt  n\u011bkoho, jako je Karel Schwarzenberg, na mocn\u00e9m m\u00edst\u011b,&#8220; \u0159ekl.<\/p>\n<p>&#8222;Karel  Schwarzenberg by m\u00edsto prezidentov\u00e1n\u00ed m\u011bl j\u00edt do zoo, mo\u017en\u00e1 tam by mohl  b\u00fdt prezidentem, kdyby ho ale zvolili,&#8220; dodal tak\u00e9 v souvislosti s  ambicemi ministra usednout na k\u0159eslo prezidenta republiky.<\/p>\n<p>&#8222;Ti  lid\u00e9, kte\u0159\u00ed ve va\u0161\u00ed zemi reprezentuj\u00ed z\u00e1jmy globalist\u016f, kte\u0159\u00ed jsou v  r\u016fzn\u00fdch funkc\u00edch, jsou nep\u0159\u00e1tel\u00e9 va\u0161\u00ed zem\u011b. Nejsou to nep\u0159\u00e1tel\u00e9, proto\u017ee  reprezentuj\u00ed n\u011bjak\u00e9 bl\u00e1zniv\u00e9 konspira\u010dn\u00ed teorie, ale proto\u017ee nemaj\u00ed  \u017e\u00e1dnou mor\u00e1ln\u00ed omluvu pro to, co d\u011blaj\u00ed. Je absolutn\u00edm pr\u00e1vem ka\u017ed\u00e9 zem\u011b  h\u00e1jit svou vlastn\u00ed suverenitu proti z\u00e1jm\u016fm globalist\u016f a nadn\u00e1rodn\u00edch  organizac\u00ed,&#8220; \u0159ekl tak\u00e9 Estulin.<\/p>\n<p>Naopak pochvaln\u011b se vyj\u00e1d\u0159il na  adresu prezidenta V\u00e1clava Klause, kter\u00fd se proti glob\u00e1ln\u00ed vl\u00e1d\u011b a Nov\u00e9mu  sv\u011btov\u00e9mu \u0159\u00e1du stav\u00ed a pova\u017euje takov\u00e9 my\u0161lenky za zhoubn\u00e9 a  nebezpe\u010dn\u00e9.<\/p>\n<p>Podle Estulina m\u00e1 Klaus jist\u00fd smysl pro nesmrtelnost a  ur\u010dit\u00fd druh nesmrtelnosti i vyza\u0159uje, kdy\u017e\u00a0 m\u00e1 odvahu h\u00e1jit tradi\u010dn\u00ed  hodnoty, kter\u00e9 globalist\u00e9 cht\u011bj\u00ed zni\u010dit. Proto\u017ee jako ostatn\u00ed politici  neob\u011btuje p\u0159i z\u00e1sadn\u00edch rozhodnut\u00edch ot\u00e1zky lidstv\u00ed ve prosp\u011bch sv\u00fdch  d\u00edl\u010d\u00edch z\u00e1jm\u016f, je &#8211; na rozd\u00edl od lid\u00ed jako Barroso \u010di Van Rompuy &#8211;  skute\u010dn\u00fdm l\u00eddrem, \u0159ekl Estulin ve sv\u00e9 p\u0159edn\u00e1\u0161ce.<\/p>\n<p><a href=\"http:\/\/www.prvnizpravy.cz\/zpravy\/zpravy\/z-domova\/jakl-v-ct-vliv-bilderbergu-a-zednaru-se-podcenuje\/\" target=\"_blank\">Zdroj<\/a><\/p>\n","protected":false},"excerpt":{"rendered":"<p>Skupina Bilderberg existuje, o tom nen\u00ed sporu. A vliv t\u00e9to a podobn\u00fdch skupin sp\u00ed\u0161e podce\u0148ujeme, tvrd\u00ed prezident\u016fv tajemn\u00edk Ladislav Jakl.<\/p>\n","protected":false},"author":1,"featured_media":0,"comment_status":"open","ping_status":"open","sticky":false,"template":"","format":"standard","meta":{"ngg_post_thumbnail":0,"footnotes":""},"categories":[11],"tags":[],"class_list":["post-757","post","type-post","status-publish","format-standard","hentry","category-ozvena"],"_links":{"self":[{"href":"https:\/\/www.ladislavjakl.cz\/index.php?rest_route=\/wp\/v2\/posts\/757","targetHints":{"allow":["GET"]}}],"collection":[{"href":"https:\/\/www.ladislavjakl.cz\/index.php?rest_route=\/wp\/v2\/posts"}],"about":[{"href":"https:\/\/www.ladislavjakl.cz\/index.php?rest_route=\/wp\/v2\/types\/post"}],"author":[{"embeddable":true,"href":"https:\/\/www.ladislavjakl.cz\/index.php?rest_route=\/wp\/v2\/users\/1"}],"replies":[{"embeddable":true,"href":"https:\/\/www.ladislavjakl.cz\/index.php?rest_route=%2Fwp%2Fv2%2Fcomments&post=757"}],"version-history":[{"count":1,"href":"https:\/\/www.ladislavjakl.cz\/index.php?rest_route=\/wp\/v2\/posts\/757\/revisions"}],"predecessor-version":[{"id":758,"href":"https:\/\/www.ladislavjakl.cz\/index.php?rest_route=\/wp\/v2\/posts\/757\/revisions\/758"}],"wp:attachment":[{"href":"https:\/\/www.ladislavjakl.cz\/index.php?rest_route=%2Fwp%2Fv2%2Fmedia&parent=757"}],"wp:term":[{"taxonomy":"category","embeddable":true,"href":"https:\/\/www.ladislavjakl.cz\/index.php?rest_route=%2Fwp%2Fv2%2Fcategories&post=757"},{"taxonomy":"post_tag","embeddable":true,"href":"https:\/\/www.ladislavjakl.cz\/index.php?rest_route=%2Fwp%2Fv2%2Ftags&post=757"}],"curies":[{"name":"wp","href":"https:\/\/api.w.org\/{rel}","templated":true}]}}