{"id":7570,"date":"2017-03-02T15:00:10","date_gmt":"2017-03-02T14:00:10","guid":{"rendered":"http:\/\/www.ladislavjakl.cz\/?p=7570"},"modified":"2017-03-02T15:00:10","modified_gmt":"2017-03-02T14:00:10","slug":"zeman-je-levicak-s-konzervativni-intuici","status":"publish","type":"post","link":"https:\/\/www.ladislavjakl.cz\/?p=7570","title":{"rendered":"Zeman je levi\u010d\u00e1k s konzervativn\u00ed intuic\u00ed"},"content":{"rendered":"<p><strong>Prezident Milo\u0161 Zeman se rozhoduje, zda bude podruh\u00e9 kandidovat. Je jeho rozhodnut\u00ed, a pak i v\u00fdsledek volby, d\u016fle\u017eit\u00fd mezn\u00edk, kter\u00fd ur\u010d\u00ed dal\u0161\u00ed fungov\u00e1n\u00ed t\u00e9to zem\u011b?<\/strong><\/p>\n<p>Jednu v\u011bc bych p\u0159edeslal, ne\u017e v\u00e1m odpov\u00edm. A\u0165 bude p\u0159\u00ed\u0161t\u00edm prezidentem kdokoli, bude op\u011bt v nap\u011bt\u00ed s jakoukoli vl\u00e1dou a jakkoli slo\u017een\u00fdm parlamentem. M\u016f\u017ee za to nedomy\u0161len\u00e9 zaveden\u00ed p\u0159\u00edm\u00e9 volby, kter\u00e1 u\u010dinila z prezidenta republiky daleko nez\u00e1vislej\u0161\u00ed politickou figuru, zbytek \u00fastavy v\u0161ak z\u016fstal stejn\u00fd, ale p\u0159itom ten po\u010d\u00edtal s prezidentem v\u00edce napojen\u00fdm na parlament.<\/p>\n<p><!--more--><\/p>\n<p>A te\u010f k va\u0161emu \u201emezn\u00edku\u201c. J\u00e1 mysl\u00edm, \u017ee mezn\u00edky se pl\u00fdtv\u00e1. Jist\u011b, mnoho zm\u011bn je z\u00e1sadn\u00edch, s velk\u00fdm dopadem. Ale n\u011bkdy podl\u00e9h\u00e1me dojmu, \u017ee ta zrovna prob\u00edhaj\u00edc\u00ed ud\u00e1lost je ta nejv\u011bt\u0161\u00ed. Nen\u00ed. Za patn\u00e1ct let bude jednou z mnoha. Milo\u0161 Zeman podle m\u011b kandidovat bude, i kdy\u017e n\u011bjak\u00e9 to p\u0159ekvapen\u00ed jsme u\u017e od n\u011bj za\u017eili. A pokud bude, s nejv\u011bt\u0161\u00ed pravd\u011bpodobnost\u00ed vyhraje. A stane se tak posledn\u00ed p\u0159ek\u00e1\u017ekou likvidace skute\u010dn\u00e9ho politick\u00e9ho \u017eivota u n\u00e1s.<\/p>\n<p><strong>Je rozd\u011blen\u00ed spole\u010dnosti na obdivovatele a odp\u016frce Zemana opodstatn\u011bn\u00e9, nebo zveli\u010den\u00e9?<\/strong><br \/>\nOsobn\u011b si mysl\u00edm, \u017ee se spor kolem Zemana vede po povrchnostech. J\u00e1 bych mu vy\u010d\u00edtal \u00fapln\u011b jin\u00e9 v\u011bci ne\u017e to, jak rozko\u0161nicky um\u00ed vyt\u00e1\u010det na\u0161e havlisty v m\u00e9di\u00edch, v kultu\u0159e i v politice. Proto ono rozd\u011blen\u00ed sice skute\u010dn\u011b existuje, ale jde sp\u00ed\u0161e po emoc\u00edch ne\u017e po obsahu jeho politiky. Jinak by mnoz\u00ed, co mu nem\u016f\u017eou p\u0159ij\u00edt na jm\u00e9no, st\u00e1li v jeho \u0161iku, a jeho zavil\u00ed nen\u00e1vistn\u00edci by pochopili, \u017ee on vlastn\u011b v z\u00e1sad\u011b realizuje jejich politiku. A n\u011bkte\u0159\u00ed jeho fandov\u00e9 by se t\u0159eba od n\u011bj naopak odvr\u00e1tili.<\/p>\n<p><strong>V \u010dem Milo\u0161 Zeman jako prezident \u010desk\u00e9 spole\u010dnosti v posledn\u00ed dob\u011b prosp\u00edv\u00e1 a v \u010dem j\u00ed \u0161kod\u00ed? Lze jeho dosavadn\u00ed prezidentov\u00e1n\u00ed ozna\u010dit za \u00fasp\u011b\u0161n\u00e9?<\/strong><\/p>\n<p>To je ot\u00e1zka na velkou anal\u00fdzu, ne na p\u00e1r \u0159\u00e1dek. P\u0159edev\u0161\u00edm se sna\u017e\u00ed o suver\u00e9nn\u00ed \u010deskou politiku, jakkoli je to srdcem probruselsk\u00fd fanou\u0161ek. Politicky je to socialista, levi\u010d\u00e1k a soci\u00e1ln\u00ed in\u017een\u00fdr. Ale m\u00e1 konzervativn\u00ed intuici, kter\u00e1 ho varuje kup\u0159\u00edkladu p\u0159ed ni\u010div\u00fdm zelen\u00fdm fanatismem nebo demont\u00e1\u017e\u00ed osv\u011bd\u010den\u00fdch spole\u010densk\u00fdch struktur a vztah\u016f.<\/p>\n<p><strong>Kde m\u00e1 prostor na zlep\u0161en\u00ed? \u010c\u00edm by si mohl d\u016fv\u011bru udr\u017eet, \u010di zv\u00fd\u0161it?<\/strong><\/p>\n<p>P\u0159\u00edm\u00e1 volba ho nenut\u00ed m\u00edt politick\u00e9 spojence. Spojence nikoli \u00fa\u010delov\u00e9, ale postojov\u00e9. A to je chyba. A radit mu? On u\u017e z\u016fstane sv\u016fj. Mnohdy mu \u0161kod\u00ed jeho \u0161patn\u011b m\u00ed\u0159en\u00e1 st\u0159elba od boku, ale je dost voli\u010d\u016f, kter\u00fdm se p\u0159esn\u011b tohle l\u00edb\u00ed.<\/p>\n<p><strong>Ve sv\u00e9 knize Rocker na Hrad\u011b jste nazna\u010dil, \u017ee jste se nem\u011bli se Zemanem v n\u011bjak\u00e9 zvl\u00e1\u0161tn\u00ed oblib\u011b. Zm\u011bnil se v\u00e1\u0161 pohled od dob, kdy jste pracoval jako poradce p\u0159edsedy ODS Klause a pak na Hrad\u011b?<\/strong><\/p>\n<p>My jsme spolu moc do styku nep\u0159i\u0161li, s v\u00fdjimkou \u010dty\u0159 let, kdy byl premi\u00e9rem a chod\u00edval na parlamentn\u00ed ob\u011bdy. Ne\u0159ekl bych, \u017ee bychom se nem\u011bli v oblib\u011b, mo\u017en\u00e1 ho \u0161tvalo, \u017ee ve mn\u011b potkal \u010dlov\u011bka je\u0161t\u011b je\u0161itn\u011bj\u0161\u00edho, ne\u017e je on s\u00e1m. Ale velmi jsem si cenil, \u017ee kdy\u017e se mnou prohr\u00e1l s\u00e1zku, \u010destn\u011b za mnou je\u0161t\u011b jako premi\u00e9r p\u0159i\u0161el do hospody, aby ji vyrovnal. Osobn\u00ed vroubek si u m\u011b ud\u011blal v den sv\u00e9ho zvolen\u00ed, kdy zbyte\u010dn\u011b vytruboval, \u017ee m\u011b na Hrad\u011b nechce. Zaprv\u00e9 jsem se ho o nic takov\u00e9ho neprosil a nikdy bych tam s n\u00edm stejn\u011b nez\u016fstal. Ale hlavn\u011b: nikdy nem\u011bl ani tu\u0161en\u00ed, co jsem to v Kancel\u00e1\u0159i prezidenta republiky vlastn\u011b d\u011blal. \u017de jsem byl \u0159editelem n\u011bjak\u00e9ho odboru, \u017ee obsahem m\u00e9 pr\u00e1ce bylo standardn\u00ed \u00fa\u0159adov\u00e1n\u00ed. Posuzoval m\u011b podle v\u00fdstup\u016f v m\u00e9di\u00edch, kter\u00e9 nebyly obsahem m\u00e9 pr\u00e1ce. N\u011bjak\u00e1 slivovice od n\u011bj by to ale snad spravila. N\u00e1zor na n\u011bj jsem za ty \u010dty\u0159i roky nem\u011bnil. Jen bych \u010dekal, \u017ee v jeho okol\u00ed bude v\u00edc lid\u00ed, schopn\u00fdch promluvit o n\u011bjak\u00e9m spole\u010densk\u00e9m probl\u00e9mu \u010di o n\u011bm n\u011bco napsat, ne\u017e je jen Hynek Kmon\u00ed\u010dek. Asi takov\u00e9 nepot\u0159ebuje.<\/p>\n<p><strong>Mimochodem, jen tak pro zpest\u0159en\u00ed mo\u017en\u00e9 pobaven\u00ed div\u00e1k\u016f. Nezm\u00ednil byste n\u011bjakou vzpom\u00ednku \u010di historku se Zemanem?<\/strong><\/p>\n<p>Krom\u011b t\u00e9 historky se zaplacenou s\u00e1zkou v hospod\u011b? Vlastn\u011b jsme se tak nap\u016fl vsadili je\u0161t\u011b jednou. N\u011bkdy p\u0159ed 15 lety rozumoval, \u017ee p\u0159\u00ed\u0161t\u00edm pape\u017eem bude po Pol\u00e1kovi ur\u010dit\u011b zase Ital. A j\u00e1 na to, \u017ee rychlost rozvratu spole\u010densk\u00fdch struktur je takov\u00e1, \u017ee p\u0159\u00ed\u0161t\u00edm pape\u017eem bude \u010derno\u0161ka. No, s\u00e1zky m\u011b u\u0161et\u0159il, asi ch\u00e1pal, jak jsem to myslel.<\/p>\n<p><strong>Kauza Peroutka, co\u017e je evergreen. Myn\u00e1\u0159ova bezpe\u010dnostn\u00ed prov\u011brka. Vyd\u00edr\u00e1n\u00ed Jind\u0159icha Forejta, p\u0159\u00edb\u011bhy o prostituci na Pra\u017esk\u00e9m hrad\u011b a podobn\u00fdch nesrovnalostech. Zdravotn\u00ed probl\u00e9my. Podnik\u00e1n\u00ed Martina Nejedl\u00e9ho. Cokoliv jin\u00e9ho&#8230; \u010c\u00edh\u00e1 n\u011bkde na prezidenta pr\u016f\u0161vih, kter\u00fd mu p\u0159\u00edpadnou kandidaturu m\u016f\u017ee tot\u00e1ln\u011b zbortit? A jak zhodnotit to, jak se k jednotliv\u00fdm probl\u00e9m\u016fm z tohoto v\u00fd\u010dtu stav\u00ed?<\/strong><\/p>\n<p>Nemysl\u00edm, \u017ee mu tyhle p\u0159\u00edb\u011bhy u jeho podporovatel\u016f extra \u0161kod\u00ed. Ti jsou otrl\u00ed a v\u011bd\u00ed, \u017ee v\u011bci z m\u00e9di\u00ed si musej\u00ed vyd\u011blit tak deseti, aby z\u00edskali pravdiv\u00fd obraz. N\u011bjak\u00e9ho extra v\u00e1\u017en\u00e9ho kostlivce ve sk\u0159\u00edni podle mne nem\u00e1, jinak by ho havlisti u\u017e vyhrabali.<\/p>\n<p><strong>Jak se dle V\u00e1s m\u011bn\u00ed vztah m\u00e9di\u00ed k Milo\u0161i Zemanovi? Plat\u00ed je\u0161t\u011b vzorec ,,Zeman \u0159ekne n\u011bco skand\u00e1ln\u00edho, m\u00e9dia rozjedou cirkus a Zeman se jim sm\u011bje&#8220;? Nebo u\u017e to novin\u00e1\u0159e p\u0159estalo bavit? Rozjedou proti n\u011bmu novin\u00e1\u0159i p\u0159\u00edpadn\u011b b\u011bhem kampan\u011b peklo?<\/strong><\/p>\n<p>\u0158\u00edk\u00e1m to \u010dasto, ale Zeman si na m\u00e9dia zas tak moc st\u011b\u017eovat nem\u016f\u017ee. Monitoruj\u00ed ka\u017ed\u00fd jeho krok. To o cest\u00e1ch V\u00e1clava Klause se nenapsala a neodvys\u00edlala ani setina, to byla blok\u00e1da. Tak\u017ee to, \u017ee si na Zemana najdou obvykle sp\u00ed\u0161 n\u011bjakou bizarnost, to u\u017e pat\u0159\u00ed k \u017eivotu celebrit, kter\u00e9 si h\u00fd\u010dkaj\u00ed vz\u00e1jemn\u00fd vztah s bulv\u00e1rem.<\/p>\n<p><strong>Mimochodem, zaslou\u017e\u00ed si \u010cesk\u00e1 televize pravidelnou kritiku od prezidenta?<\/strong><\/p>\n<p>\u010cesk\u00e1 televize si zaslou\u017e\u00ed b\u00fdt zru\u0161ena.<\/p>\n<p><strong>Prezident\u0161t\u00ed kandid\u00e1ti, kte\u0159\u00ed se hl\u00e1s\u00ed nebo se o nich mluv\u00ed: Michal Hor\u00e1\u010dek, Marek Hil\u0161er, Ji\u0159\u00ed Draho\u0161, Martin Stropnick\u00fd, Jaroslav Kubera. Koho z nich se m\u00e1 Zeman ob\u00e1vat?<\/strong><\/p>\n<p>Mne.<\/p>\n<p><strong>Padla \u00favaha, \u017ee 2. kolo Zeman pravd\u011bpodobn\u011b vyhraje, ale m\u016f\u017ee b\u00fdt vy\u0159azen u\u017e v 1. kole. Co t\u0159eba kdyby p\u0159i\u0161el n\u011bkdo ,,zemanovit\u011bj\u0161\u00ed ne\u017e Zeman&#8220;, t\u0159eba Kubera? A pokud jde o 2. kolo, co kdyby p\u0159eci jen proti Zemanovi ,,slu\u0161n\u00e1 \u010d\u00e1st spole\u010dnosti&#8220; postavila i b\u011b\u017en\u00e9ho, pr\u016fm\u011brn\u00e9ho \u010dlov\u011bka a p\u0159esv\u011bd\u010dila ho, \u017ee \u201estar\u00fd, sprost\u00fd a obhroubl\u00fd pr\u016f\u0161vih\u00e1\u0159\u201c Zeman u\u017e nen\u00ed dobr\u00e1 volba? Kter\u00fd kandid\u00e1t by to mohl zajistit?<\/strong><\/p>\n<p>Mluv\u00edte jen o osobn\u00edch vlastnostech, ale takov\u00fd kandid\u00e1t by m\u011bl m\u00edt p\u0159edev\u0161\u00edm n\u00e1zory. N\u00e1zory na z\u00e1sadn\u00ed v\u011bci. A to n\u00e1zory dlouhodob\u011b hl\u00e1san\u00e9 a zn\u00e1m\u00e9. A st\u00e1l\u00e9. To \u017e\u00e1dn\u00e1 rychlokva\u0161ka nenab\u00eddne, jakkoli se o to budou medi\u00e1ln\u00ed mil\u00e1\u010dkov\u00e9 sna\u017eit.<\/p>\n<p><strong>Milo\u0161 Zeman m\u00e1 radost, \u017ee m\u00e1 dobr\u00e9 vztahy s prezidentem Ruska a \u010c\u00edny a te\u010f, nav\u00edc, i s prezidentem USA. Raduje se pr\u00e1vem? M\u016f\u017ee n\u00e1v\u0161t\u011bvu USA obr\u00e1tit ve sv\u016fj triumf? Zm\u011bn\u00ed se do konce roku nap\u0159. vztah USA k Rusku tak, \u017ee Zeman se bude sm\u00e1t kritik\u016fm ,,vid\u00edte, j\u00e1 v\u00e1m \u0159\u00edkal, \u017ee m\u00e1m pravdu&#8220;?<\/strong><\/p>\n<p>Ale ano, jeho zahrani\u010dn\u011b-politick\u00e1 r\u00e9torika je vyv\u00e1\u017een\u00e1 a ne st\u0159elen\u00e1, jako u mnoh\u00fdch jeho oponent\u016f. Ale ruku na srdce: na co si tu hrajeme? \u010cesk\u00e1 republika u\u017e d\u00e1vno nem\u00e1 n\u00e1rok na samostatnou zahrani\u010dn\u00ed politiku. Ta se d\u00e1vno d\u011bl\u00e1 v Bruselu a v Berl\u00edn\u011b.<\/p>\n<p><strong>Zeman, Babi\u0161 a \u010cSSD, politick\u00fd troj\u00faheln\u00edk. Pot\u0159ebuje Babi\u0161 Zemana tak, aby ho podpo\u0159il a nestavil sv\u00e9ho kandid\u00e1ta? M\u016f\u017ee si \u010cSSD dovolit nepostavit Zemana jako sv\u00e9ho kandid\u00e1ta? Skon\u010d\u00ed \u010cSSD takov\u00fdm volebn\u00edm pr\u016f\u0161vihem, \u017ee ji p\u0159evezmou Zemanovi lid\u00e9?<\/strong><\/p>\n<p>J\u00e1 p\u0159esn\u011b nev\u00edm, kdo jsou \u201eZemanovi lid\u00e9\u201c. Ale \u010cSSD m\u016f\u017ee zachr\u00e1nit jen to, kdy\u017e ji p\u0159evezmou skute\u010dn\u00ed soci\u00e1ln\u00ed demokrat\u00e9. Dokud ji budou ovl\u00e1dat havlist\u00e9, nem\u00e1 \u017e\u00e1dnou nad\u011bji na p\u0159e\u017eit\u00ed. A sign\u00e1lem, \u017ee to tam vzali do ruky skute\u010dn\u00ed socani, by byla pr\u00e1v\u011b t\u0159eba zjevn\u00e1 podpora Milo\u0161e Zemana. A ne n\u011bjak\u00e9ho Dienstbiera, jako posledn\u011b.<\/p>\n<p><strong>A je tu je\u0161t\u011b jedna v\u011bc: Tomio Okamura. Vraz\u00ed Zemanovi n\u016f\u017e do zad svou kandidaturou? Nebo \u2013 nem\u016f\u017ee b\u00fdt nejv\u011bt\u0161\u00edm p\u0159ekvapen\u00edm kandidatura samotn\u00e9ho Babi\u0161e?<\/strong><\/p>\n<p>Nem\u00e1m tu\u0161en\u00ed. J\u00e1 jsem od Okamury nesly\u0161el skoro \u017e\u00e1dn\u00fd n\u00e1zor krom\u011b podpory referenda a nepodpory muslim\u016f. Budu mile p\u0159ekvapen, a\u017e se vytas\u00ed s ucelen\u011bj\u0161\u00ed viz\u00ed, postavenou na politick\u00fdch idej\u00edch. A Babi\u0161? Na star\u00e1 kolena mo\u017en\u00e1, ale te\u010f chce za ka\u017edou cenu vl\u00e1dnout.<\/p>\n<p><strong>Jen v posledn\u00ed dob\u011b Jan Kraus, Vav\u0159inec Hrad\u00edlek, Gabriela Koukalov\u00e1, Leopold K\u00f6nig, dal\u0161\u00ed sportovci, herci, um\u011blci, ale i v\u011bdci a intelektu\u00e1lov\u00e9&#8230; V\u011bt\u0161ina z nich se stav\u00ed proti Zemanovi. Pro\u010d to tak je?<\/strong><\/p>\n<p>Jsou to havlisti nebo lidi \u017eij\u00edc\u00ed v havlistick\u00e9m prost\u0159ed\u00ed. T\u0159eba nemaj\u00ed \u010das se politikou zab\u00fdvat a tak\u00e9 nep\u0159ijdou do kontaktu s b\u011b\u017en\u00fdm lidem. A tak nikdy nepochop\u00ed, pro\u010d se tak velk\u00e1 \u010d\u00e1st ve\u0159ejnosti c\u00edt\u00ed b\u00fdt Zemanem reprezentov\u00e1na. Tak by si m\u011bli schovat sv\u00e9 siln\u00e9 soudy.<\/p>\n<p><strong>A co \u010dasto sd\u00edlen\u00e9 obavy Zemanov\u00fdch voli\u010d\u016f, \u017ee p\u0159ijde ,,Majdan&#8220; a prezidenta svrhne?<\/strong><\/p>\n<p>To bychom museli \u017e\u00edt v prezidentsk\u00e9m syst\u00e9mu, aby svr\u017een\u00ed prezidenta st\u00e1lo za st\u00e1tn\u00ed p\u0159evrat. Za men\u0161\u00ed pen\u00edze by bylo mo\u017en\u00e9 Zemana izolovat. A o to se budou havlisti\u010dt\u00ed majdanist\u00e9 sna\u017eit.<\/p>\n<p>za Parlamentn\u00ed listy se ptal Luk\u00e1\u0161 Pet\u0159\u00edk<\/p>\n","protected":false},"excerpt":{"rendered":"<p>Prezident Milo\u0161 Zeman se rozhoduje, zda bude podruh\u00e9 kandidovat. Je jeho rozhodnut\u00ed, a pak i v\u00fdsledek volby, d\u016fle\u017eit\u00fd mezn\u00edk, kter\u00fd ur\u010d\u00ed dal\u0161\u00ed fungov\u00e1n\u00ed t\u00e9to zem\u011b? Jednu v\u011bc bych p\u0159edeslal, ne\u017e v\u00e1m odpov\u00edm. A\u0165 bude p\u0159\u00ed\u0161t\u00edm prezidentem kdokoli, bude op\u011bt v nap\u011bt\u00ed s jakoukoli vl\u00e1dou a jakkoli slo\u017een\u00fdm parlamentem. M\u016f\u017ee za to nedomy\u0161len\u00e9 zaveden\u00ed p\u0159\u00edm\u00e9 volby, [&hellip;]<\/p>\n","protected":false},"author":1,"featured_media":0,"comment_status":"open","ping_status":"open","sticky":false,"template":"","format":"standard","meta":{"ngg_post_thumbnail":0,"footnotes":""},"categories":[13],"tags":[],"class_list":["post-7570","post","type-post","status-publish","format-standard","hentry","category-rozhovory"],"_links":{"self":[{"href":"https:\/\/www.ladislavjakl.cz\/index.php?rest_route=\/wp\/v2\/posts\/7570","targetHints":{"allow":["GET"]}}],"collection":[{"href":"https:\/\/www.ladislavjakl.cz\/index.php?rest_route=\/wp\/v2\/posts"}],"about":[{"href":"https:\/\/www.ladislavjakl.cz\/index.php?rest_route=\/wp\/v2\/types\/post"}],"author":[{"embeddable":true,"href":"https:\/\/www.ladislavjakl.cz\/index.php?rest_route=\/wp\/v2\/users\/1"}],"replies":[{"embeddable":true,"href":"https:\/\/www.ladislavjakl.cz\/index.php?rest_route=%2Fwp%2Fv2%2Fcomments&post=7570"}],"version-history":[{"count":1,"href":"https:\/\/www.ladislavjakl.cz\/index.php?rest_route=\/wp\/v2\/posts\/7570\/revisions"}],"predecessor-version":[{"id":7571,"href":"https:\/\/www.ladislavjakl.cz\/index.php?rest_route=\/wp\/v2\/posts\/7570\/revisions\/7571"}],"wp:attachment":[{"href":"https:\/\/www.ladislavjakl.cz\/index.php?rest_route=%2Fwp%2Fv2%2Fmedia&parent=7570"}],"wp:term":[{"taxonomy":"category","embeddable":true,"href":"https:\/\/www.ladislavjakl.cz\/index.php?rest_route=%2Fwp%2Fv2%2Fcategories&post=7570"},{"taxonomy":"post_tag","embeddable":true,"href":"https:\/\/www.ladislavjakl.cz\/index.php?rest_route=%2Fwp%2Fv2%2Ftags&post=7570"}],"curies":[{"name":"wp","href":"https:\/\/api.w.org\/{rel}","templated":true}]}}