{"id":7625,"date":"2017-03-27T14:12:36","date_gmt":"2017-03-27T12:12:36","guid":{"rendered":"http:\/\/www.ladislavjakl.cz\/?p=7625"},"modified":"2017-03-27T14:12:36","modified_gmt":"2017-03-27T12:12:36","slug":"ladislav-jakl-s-nazorem-hynka-kmonicka-o-americe-nesouhlasim","status":"publish","type":"post","link":"https:\/\/www.ladislavjakl.cz\/?p=7625","title":{"rendered":"Ladislav Jakl: S n\u00e1zorem Hynka Kmon\u00ed\u010dka o Americe nesouhlas\u00edm"},"content":{"rendered":"<p>Vystudovan\u00fd \u017eurnalista, ale p\u0159edev\u0161\u00edm tajemn\u00edk prezidenta republiky V\u00e1clava Klause a \u0161\u00e9f politick\u00e9ho odboru Ladislav Jakl, m\u00e1 letit\u00e9 zku\u0161enosti s dom\u00e1c\u00ed&nbsp;i mezin\u00e1rodn\u00ed politikou. Co vyvolalo jeho polemiku s nov\u00fdm velvyslancem v USA, bude Trump zasahovat do d\u011bn\u00ed v Evrop\u011b &nbsp;a pro\u010d se prezident Zeman na Hrad\u011b&nbsp;obejde bez lid\u00ed s n\u00e1zorem, se do\u010dtete v rozhovoru pro VIPosobnosti.cz.<\/p>\n<p><!--more--><\/p>\n<p><strong><img loading=\"lazy\" decoding=\"async\" class=\"alignleft\" src=\"https:\/\/www.viposobnosti.cz\/obrazek\/2\/ladislav-jakl\/\" width=\"187\" height=\"201\"><\/strong><\/p>\n<p><strong>Nov\u00fdm velvyslancem v USA se ofici\u00e1ln\u011b v nejbli\u017e\u0161\u00edch dnech stane Hynek Kmon\u00ed\u010dek. Jak vn\u00edm\u00e1te jeho osobnost nejen jako poradce prezidenta Milo\u0161e Zemana, ale tak\u00e9 velvyslance ve Washingtonu?<\/strong><\/p>\n<p>J\u00e1 ho osobn\u011b p\u0159\u00edli\u0161 nezn\u00e1m. Ani nezn\u00e1m konkr\u00e9tn\u00ed n\u00e1pl\u0148 jeho pr\u00e1ce na Hrad\u011b. Ale z&nbsp;jeho ve\u0159ejn\u00fdch vystoupen\u00ed je mi jasn\u00e9, \u017ee to byl \u2013 bohu\u017eel \u2013 jedin\u00fd \u010dlov\u011bk ze Zemanova okol\u00ed, kdo m\u011bl na n\u011bco n\u00e1zor, kdo um\u011bl samostatn\u011b fundovan\u011b promluvit nebo napsat o n\u011bjak\u00e9m spole\u010densk\u00e9m probl\u00e9mu, a ne pouze o probl\u00e9mu sv\u00e9m osobn\u00edm. Prezident Zeman asi takov\u00e9 lidi s&nbsp;n\u00e1zorem nepot\u0159ebuje.&nbsp;&nbsp;<\/p>\n<p><strong>Nejsou tady odborn\u00edci, kte\u0159\u00ed by byli prezidentovi n\u00e1zorov\u011b bl\u00edzc\u00ed, nebo je tedy podle v\u00e1s Milo\u0161 Zeman kolem sebe nechce?<\/strong><\/p>\n<p>J\u00e1 mysl\u00edm, \u017ee funkce prezidenta je mimo jin\u00e9 i funkc\u00ed politickou, ne pouze neutr\u00e1ln\u011b exekutivn\u00ed. N\u011bkter\u00e1 rozhodnut\u00ed maj\u00ed politick\u00fd charakter. A k&nbsp;tomu pot\u0159ebujete t\u00fdm lid\u00ed politicky samostatn\u011b uva\u017euj\u00edc\u00edch. Jist\u011b, nemus\u00ed to o nich nikdo navenek v\u011bd\u011bt, ale to by bylo dost divn\u00e9, \u017ee n\u011bkdo des\u00edtky let p\u016fsob\u00ed ve ve\u0159ejn\u00e9m prostoru a nikdo ho nikdy nesly\u0161el \u0159\u00edci jasn\u00fd n\u00e1zor op\u0159en\u00fd o vnit\u0159n\u00ed hodnotovou soustavu. J\u00e1 si prost\u011b mysl\u00edm, \u017ee prezident Zeman se bez takov\u00fdch obejde. A je to podle mne chyba.<\/p>\n<p><strong>V rozhovoru pro magaz\u00edn VIPosobnosti.cz se velvyslanec Kmon\u00ed\u010dek zm\u00ednil o&nbsp;americk\u00e9 mentalit\u011b. Doslova \u0159ekl:&nbsp;Je mi natolik bl\u00edzk\u00e1, \u017ee jsem schopen pochopit, \u017ee jedna specifick\u00e1 americk\u00e1 mentalita vlastn\u011b nen\u00ed. To, co za ni pova\u017eujeme, je na\u0161e p\u0159edstava o Americe a ta je hodn\u011b vzd\u00e1len\u00e1 realit\u011b. P\u0159i v\u0161\u00edm riziku zobec\u0148ov\u00e1n\u00ed se d\u00e1 ale \u0159\u00edct, \u017ee Ameri\u010dan\u00e9 jsou oproti n\u00e1m zvykl\u00ed b\u00fdt zdvo\u0159ilej\u0161\u00ed a sou\u010dasn\u011b t\u00edm i m\u00e9n\u011b otev\u0159en\u00ed. Dva \u010ce\u0161i se bav\u00ed \u010dasto tak, jak by se Ameri\u010dan bavil jen se sv\u00fdm psychoanalytikem.&nbsp;Souhlas\u00edte s jeho n\u00e1zorem?<\/strong><\/p>\n<p>Nesouhlas\u00edm. J\u00e1 jsem p\u0159i sv\u00fdch cest\u00e1ch po americk\u00e9m venkov\u011b mnohokr\u00e1t mluvil i s&nbsp;t\u011bmi nejoby\u010dejn\u011bj\u0161\u00edmi lidmi. Mo\u017en\u00e1 by mnoz\u00ed z&nbsp;nich ani nev\u011bd\u011bli, co slovo psychoanalytik znamen\u00e1. Zato moc dob\u0159e v\u011bd\u00ed, jak se oh\u00e1n\u011bt p\u0159i t\u011b\u017ek\u00e9 pr\u00e1ci. Ano, i tato Amerika existuje. Nev\u011b\u0159\u00edm, \u017ee z&nbsp;n\u00ed diplomat m\u00e1 \u0161anci n\u011bco zahl\u00e9dnout. Jsou tam burani v&nbsp;tom nejlep\u0161\u00edm i nejhor\u0161\u00edm smyslu. V&nbsp;mnoh\u00e9m omezen\u00ed, v&nbsp;mnoh\u00e9m velmi prost\u00ed a f\u00e9rov\u00ed. Jsou to p\u0159esn\u011b ti, na kter\u00fdch Obamova snob\u00e1ck\u00e1 politika \u0161t\u00edpala d\u0159\u00edv\u00ed a je to u\u017e p\u0159estalo bavit.<\/p>\n<p><strong>Z\u0159ejm\u011b proto si zvolili Donalda Trumpa. Jak vn\u00edm\u00e1te jeho kroky, a\u0165 u\u017e m\u00ed\u0159\u00edc\u00ed k&nbsp;migrant\u016fm, mexick\u00e9 zdi \u010di setk\u00e1n\u00ed s&nbsp;kancl\u00e9\u0159kou Merkelovou?<\/strong><\/p>\n<p>Trump pln\u00ed p\u0159esn\u011b to, kv\u016fli \u010demu ho jeho voli\u010di zvolili. Kdyby se choval jinak, pak by tyto sv\u00e9 voli\u010de zradil. Je ale zvykem posuzovat z&nbsp;Evropy americk\u00e9 prezidenty podle jejich zahrani\u010dn\u00edch aktivit. Ty ale obvykle tvo\u0159\u00ed zlomek agendy americk\u00fdch vl\u00e1d. To hlavn\u00ed se odehr\u00e1v\u00e1 dovnit\u0159 Ameriky a v&nbsp;Trumpov\u011b p\u0159\u00edpad\u011b jde skoro o kontrarevoluci. Kdyby v&nbsp;n\u00ed byl \u00fasp\u011b\u0161n\u00fd i jen z\u010d\u00e1sti \u2013 proto\u017ee stoj\u00ed proti velmi mocn\u00fdm z\u00e1jmov\u00fdm skupin\u00e1m \u2013, u\u017e to by byl ohromn\u00fd \u00fasp\u011bch.<\/p>\n<p><strong>Ve st\u0159edu do\u0161lo p\u0159ed parlamentem v&nbsp;Lond\u00fdn\u011b ke st\u0159elb\u011b. Tyto \u00fatoky jsou nyn\u00ed t\u00e9m\u011b\u0159 na denn\u00edm po\u0159\u00e1dku. Pat\u0159\u00ed do kompetenc\u00ed Trumpa mimo jin\u00e9 usm\u011brnit Evropu, nebo si s&nbsp;t\u00edm mus\u00ed pomoci sama?<\/strong><\/p>\n<p>S&nbsp;t\u00edm \u017e\u00e1dn\u00fd americk\u00fd prezident nic nezm\u016f\u017ee, ani kdyby cht\u011bl. A Donald Trump nechce. Jeho prioritou je postavit na nohy Ameriku, zlep\u0161it \u017eivot Ameri\u010dan\u016f. T\u011bch Ameri\u010dan\u016f, na kter\u00e9 Obama ka\u0161lal p\u0159i sv\u00e9 bezohledn\u00e9 starosti o to, zda cel\u00fd sv\u011bt hraje podle jeho not. Jist\u011b, Trump bude h\u00e1jit d\u016fle\u017eit\u00e9 americk\u00e9 z\u00e1jmy, pokud budou dot\u010deny kdekoli. Ale nebude vnucovat ka\u017ed\u00e9 z&nbsp;220 zem\u00ed sv\u011bta, jak m\u00e1 \u017e\u00edt. Alespo\u0148 to plyne z&nbsp;jeho mnoha p\u0159edvolebn\u00edch vyj\u00e1d\u0159en\u00ed.&nbsp;<\/p>\n<p><strong>Poj\u010fme na dom\u00e1c\u00ed sc\u00e9nu. Boj v\u0161ech politick\u00fdch stran proti Babi\u0161ovi je nejen p\u0159edzv\u011bst\u00ed leto\u0161n\u00edch voleb, ale podle jeho kritik\u016f tak\u00e9 \u0161patn\u00fdch ekonomick\u00fdch rozhodnut\u00ed. Opravdu Babi\u0161 chybuje, a pokud i p\u0159es ve\u0161ker\u00e9 v\u00fdhrady vyhraje volby, pro\u010d?<\/strong><\/p>\n<p>Babi\u0161 nechybuje. Jde si za sv\u00fdm. Jde tvrd\u011b za sv\u00fdmi z\u00e1jmy. To nejsou chyby, co d\u011bl\u00e1. Chyby d\u011blaj\u00ed ti, co mu uv\u011b\u0159ili, \u017ee m\u00e1 jin\u00e9 priority ne\u017e vlastn\u00ed z\u00e1jmy. A boj proti Babi\u0161ovi? Je nesmysln\u00fd. Polemika se m\u00e1 v\u00e9st ne s&nbsp;n\u00edm, ale s&nbsp;my\u0161len\u00edm t\u00e9 \u010d\u00e1sti ve\u0159ejnosti, kter\u00fdm Babi\u0161 dnes imponuje a kte\u0159\u00ed ho za p\u00e1r let zatrat\u00ed, aby si na\u0161li zase jin\u00e9ho nov\u00e9ho kon\u011b.<\/p>\n<p><strong>Nen\u00ed t\u011b\u017ek\u00e9 \u201eut\u00e1hnout\u201c voli\u010de na emoc\u00edch, m\u00e9dia takto pracuj\u00ed neust\u00e1le. \u0158\u00edkat, co lid\u00e9 pot\u0159ebuj\u00ed sly\u0161et, v\u011bd\u011bt a nab\u00eddnout jim to, co jim chyb\u00ed. Dav byl v\u017edy lehce manipulovateln\u00fd. M\u016f\u017ee se st\u00e1t, \u017ee i dal\u0161\u00ed, jak \u0159\u00edk\u00e1te k\u016f\u0148 bude ve sv\u00e9m z\u00e1jmu jednat podobn\u011b?<\/strong><\/p>\n<p>Prim\u00e1rn\u011b na emoc\u00edch, coby motivaci p\u0159i volebn\u00edm chov\u00e1n\u00ed, nen\u00ed nic \u0161patn\u00e9ho. Ony emoce jdou \u010dasto hloub\u011bji ne\u017e nabiflovan\u00e9 v\u011bty um\u011ble vykonstruovan\u00e9ho volebn\u00edho programu. Lid\u00e9 m\u00edvaj\u00ed \u010dasto velmi dobr\u00fd cit a ten jim n\u011bkdy porad\u00ed ve v\u011bcech d\u016fv\u011bryhodnosti, konzistentnosti, p\u0159esv\u011bd\u010divosti a charakteru l\u00e9pe ne\u017e rozumov\u00fd \u00fasudek. Jde jen o to, aby emoce nep\u0159eb\u00edjely hmatatelnou a ov\u011b\u0159itelnou zku\u0161enost. Pokud emoce zku\u0161enost p\u0159ebij\u00ed, m\u016f\u017ee vyhr\u00e1t i K\u0159em\u00edlek s&nbsp;Vochom\u016frkou.<\/p>\n<p><strong>Prezident Milo\u0161 Zeman potvrdil svoji kandidaturu na druh\u00e9 volebn\u00ed obdob\u00ed. Pokud volby vyhraje, bude se podle v\u00e1s chovat p\u0159edev\u0161\u00edm v jeho vztahu k USA (D. Trump) nebo ve vztahu k EU jinak? A bude tak\u00e9 r\u00e1zn\u011bj\u0161\u00ed nejen slovn\u011b, ale i \u010diny ke sv\u00fdm oponent\u016fm na dom\u00e1c\u00ed sc\u00e9n\u011b?<\/strong><\/p>\n<p>Ani ne. To by platilo, kdyby byl volen nep\u0159\u00edmo a kdyby v&nbsp;prvn\u00edm volebn\u00edm obdob\u00ed m\u011bl d\u016fvod dr\u017eet se zp\u00e1tky s&nbsp;ohledem na m\u00edr \u00fastavn\u00edch instituc\u00ed. On ale takov\u00fd m\u00edr nepot\u0159eboval od prvn\u00edho dne po zvolen\u00ed, tak\u017ee bude pokra\u010dovat ve stejn\u00fdch konfronta\u010dn\u00edch intenc\u00edch. Kdo mu to ale vy\u010d\u00edt\u00e1, m\u011bl by v\u011bd\u011bt, \u017ee takto by se choval ka\u017ed\u00fd p\u0159\u00edmo volen\u00fd prezident.&nbsp;<\/p>\n<p><strong>Autor: Alena H\u00e1jkov\u00e1<\/strong><\/p>\n<p>Foto: VIPosobnosti.cz<\/p>\n<p><a href=\"https:\/\/www.viposobnosti.cz\/inpage\/ladislav-jakl-s-nazorem-hynka-kmonicka-o-americe-nesouhlasim\/\">Zdroj<\/a><\/p>\n","protected":false},"excerpt":{"rendered":"<p>Vystudovan\u00fd \u017eurnalista, ale p\u0159edev\u0161\u00edm tajemn\u00edk prezidenta republiky V\u00e1clava Klause a \u0161\u00e9f politick\u00e9ho odboru Ladislav Jakl, m\u00e1 letit\u00e9 zku\u0161enosti s dom\u00e1c\u00ed&nbsp;i mezin\u00e1rodn\u00ed politikou. Co vyvolalo jeho polemiku s nov\u00fdm velvyslancem v USA, bude Trump zasahovat do d\u011bn\u00ed v Evrop\u011b &nbsp;a pro\u010d se prezident Zeman na Hrad\u011b&nbsp;obejde bez lid\u00ed s n\u00e1zorem, se do\u010dtete v rozhovoru pro VIPosobnosti.cz.<\/p>\n","protected":false},"author":1,"featured_media":0,"comment_status":"open","ping_status":"open","sticky":false,"template":"","format":"standard","meta":{"ngg_post_thumbnail":0,"footnotes":""},"categories":[13],"tags":[],"class_list":["post-7625","post","type-post","status-publish","format-standard","hentry","category-rozhovory"],"_links":{"self":[{"href":"https:\/\/www.ladislavjakl.cz\/index.php?rest_route=\/wp\/v2\/posts\/7625","targetHints":{"allow":["GET"]}}],"collection":[{"href":"https:\/\/www.ladislavjakl.cz\/index.php?rest_route=\/wp\/v2\/posts"}],"about":[{"href":"https:\/\/www.ladislavjakl.cz\/index.php?rest_route=\/wp\/v2\/types\/post"}],"author":[{"embeddable":true,"href":"https:\/\/www.ladislavjakl.cz\/index.php?rest_route=\/wp\/v2\/users\/1"}],"replies":[{"embeddable":true,"href":"https:\/\/www.ladislavjakl.cz\/index.php?rest_route=%2Fwp%2Fv2%2Fcomments&post=7625"}],"version-history":[{"count":1,"href":"https:\/\/www.ladislavjakl.cz\/index.php?rest_route=\/wp\/v2\/posts\/7625\/revisions"}],"predecessor-version":[{"id":7626,"href":"https:\/\/www.ladislavjakl.cz\/index.php?rest_route=\/wp\/v2\/posts\/7625\/revisions\/7626"}],"wp:attachment":[{"href":"https:\/\/www.ladislavjakl.cz\/index.php?rest_route=%2Fwp%2Fv2%2Fmedia&parent=7625"}],"wp:term":[{"taxonomy":"category","embeddable":true,"href":"https:\/\/www.ladislavjakl.cz\/index.php?rest_route=%2Fwp%2Fv2%2Fcategories&post=7625"},{"taxonomy":"post_tag","embeddable":true,"href":"https:\/\/www.ladislavjakl.cz\/index.php?rest_route=%2Fwp%2Fv2%2Ftags&post=7625"}],"curies":[{"name":"wp","href":"https:\/\/api.w.org\/{rel}","templated":true}]}}