{"id":7631,"date":"2017-03-31T08:56:19","date_gmt":"2017-03-31T06:56:19","guid":{"rendered":"http:\/\/www.ladislavjakl.cz\/?p=7631"},"modified":"2017-03-31T08:56:19","modified_gmt":"2017-03-31T06:56:19","slug":"dela-ladislav-jakl-spravnou-vec","status":"publish","type":"post","link":"https:\/\/www.ladislavjakl.cz\/?p=7631","title":{"rendered":"D\u011bl\u00e1 Ladislav Jakl spr\u00e1vnou v\u011bc?"},"content":{"rendered":"<div class=\"opener\">Ka\u017ed\u00e9ho p\u016fl roku vyleze Jakl a bojuje s \u010casem,\u201c p\u00ed\u0161e v diskusi pod jeho \u010dl\u00e1nkem (Neexistuje \u017e\u00e1dn\u00fd zimn\u00ed \u010das &#8230;) Jan M. A dob\u0159e d\u011bl\u00e1. Kdo? Ladislav Jakl samoz\u0159ejm\u011b.<\/div>\n<div class=\"opener\"><!--more--><\/div>\n<div id=\"art-text\" class=\"text\">\n<p>Tak jako je nutn\u00e9 st\u00e1le a \u201edo omrzen\u00ed\u201c p\u0159ipom\u00ednat hr\u016fzy, zlo\u010diny a zv\u011brstva n\u011bmeck\u00e9ho nacion\u00e1ln\u00edho socialismu a komunismu v\u0161ech variant, je nutn\u00e9 v\u017edy na konci b\u0159ezna p\u0159ipom\u00ednat pravdu o letn\u00edm \u010dase. Ladislav Jakl to \u010din\u00ed a pat\u0159\u00ed mu za to m\u016fj d\u00edk. L\u00e9pe ne\u017e on bych argumentovat nedok\u00e1zal.<\/p>\n<p>Letn\u00edm \u010dasem oblbujeme sami sebe.<\/p>\n<p>Jin\u00fd diskutuj\u00edc\u00ed, pan V\u00e1clav Ch. p\u00ed\u0161e:<\/p>\n<ul>\n<li><em>&#8230; jsem pro zru\u0161en\u00ed t\u00e9to zbyte\u010dnosti, ale \u017e\u00edly mi to v\u016fbec netrh\u00e1, proto\u017ee m\u016fj \u017eivot se ne\u0159\u00edd\u00ed st\u00e1tn\u011b na\u0159\u00edzen\u00fdm \u010dasem a doporu\u010duji v\u0161em, komu se zm\u011bna \u010dasu nehod\u00ed, aby se v prv\u00e9 \u0159ad\u011b zbavili sv\u00e9 z\u00e1vislosti na st\u00e1tn\u011b \u0159\u00edzen\u00e9m \u010dasu.<\/em><\/li>\n<\/ul>\n<p>Co je to s prominut\u00edm za nesmysl? Jak se oby\u010dejn\u00ed lid\u00e9 \u2013 zhusta zam\u011bstnanci z\u00e1visl\u00ed na pevn\u011b stanoven\u00e9 pracovn\u00ed dob\u011b \u2013 mohou zbavit z\u00e1vislosti na st\u00e1tn\u011b \u0159\u00edzen\u00e9m \u010dasu???<\/p>\n<p>Uvedu p\u0159\u00edklad, jeden z mnoha, kter\u00fd je sou\u010dasn\u011b pat\u0159\u00ed do m\u00e9ho arzen\u00e1lu argument\u016f proti letn\u00edmu \u010dasu.<\/p>\n<p>Kdo pracuje od \u0161esti r\u00e1no a doj\u00ed\u017ed\u00ed, mus\u00ed vst\u00e1vat \u2013 a tady se op\u00edr\u00e1m o jeden konkr\u00e9tn\u00ed p\u0159\u00edpad &#8211; ve 4:00 hod. &#8211; tedy v dob\u011b, kdy letn\u00ed \u010das v \u010cR neplat\u00ed (listopad a\u017e b\u0159ezen). Jakmile se z na\u0159\u00edzen\u00ed re\u017eimu zm\u011bn\u00ed druh\u00e1 hodina nad r\u00e1nem na t\u0159et\u00ed hodinu nad r\u00e1nem (letos 26\/3), znamen\u00e1 to, \u017ee onen \u010dlov\u011bk nevst\u00e1v\u00e1 ve 4:00, ale ve 3:00 \u2013 slovy t\u0159i hodiny po p\u016flnoci. Nebo\u0165 mu pracovn\u00ed doba neza\u010d\u00edn\u00e1 v 6:00, ale v 5:00 hodin (\u017ee hodinky ukazuj\u00ed 6:00 je jen \u201evirtu\u00e1ln\u00ed realita\u201c).<\/p>\n<p>Doporu\u010duji v\u00e1m, bojovn\u00edk\u016fm za letn\u00ed \u010das, abyste si to tak m\u011bs\u00edc zkusili: bez ohledu na to, kdy v\u00e1m za\u010d\u00edn\u00e1 pracovn\u00ed doba, zkuste vst\u00e1vat ve t\u0159i hodiny SE\u010c (tj. ve 4:00 SEL\u010c). Pak si zalo\u017ete blog a napi\u0161te \u2013 po pravd\u011b \u2013 jak jste se c\u00edtili, co \u00fanava, co z\u00edv\u00e1n\u00ed a hlavn\u011b, kdy jste chodili sp\u00e1t u v\u011bdom\u00ed toho, \u017ee vst\u00e1v\u00e1te ve 3:00 SE\u010c\/4:00 SEL\u010c. Moje dal\u0161\u00ed ot\u00e1zka: K \u010demu v\u00e1m bylo sv\u011btlo do 22 hodin SEL\u010c (21:00 SE\u010c), kdybyste po tak krut\u00e9m ka\u017edodenn\u00edm vst\u00e1v\u00e1n\u00ed padali \u00fanavou?<\/p>\n<p>Jak se takov\u00fd \u010dlov\u011bk (zam\u011bstnanec bez \u0159\u00edd\u00edc\u00ed funkce a tud\u00ed\u017e bez privilegi\u00ed) m\u00e1 zbavit z\u00e1vislosti na st\u00e1tn\u011b \u0159\u00edzen\u00e9m \u010dase? Nep\u0159eto\u010dit si hodinky o 60 minut dop\u0159edu a chodit do pr\u00e1ce \u201ena sedmou\u201c (podle SEL\u010c), a\u010dkoli by p\u0159ich\u00e1zel na pracovist\u011b \u00fapln\u011b stejn\u011b jako v dob\u011b, kdy L\u010c neplat\u00ed? Jak dlouho by mu asi vydr\u017eelo, ne\u017e by s n\u00edm ve firm\u011b vyb\u011bhli jako s hork\u00fdm popelem?<\/p>\n<p>LETN\u00cd \u010cAS V EGYPT\u011a<\/p>\n<p>Jak se d\u00e1 s L\u010c kouzlit je z\u0159ejm\u00e9 na p\u0159\u00edkladu Egypta. Vybral jsem obdob\u00ed 2010 a\u017e 2019 (viz tabulku n\u00ed\u017ee \u2013 obr. 2), kde se d\u011blo toto:<\/p>\n<ul>\n<li>V roce 2010 byl L\u010c zaveden 30. dubna, nicm\u00e9n\u011b v obdob\u00ed ramad\u00e1nu byl zru\u0161en (zem\u011b se vr\u00e1tila ke sv\u00e9mu standardn\u00edmu \u010dasu), aby hladov\u011bj\u00edc\u00ed muslimov\u00e9 mohli za\u010d\u00edt d\u0159\u00edve hodovat. Podle vzorce \u010d\u00edm d\u0159\u00edve nastane (na hodin\u00e1ch) z\u00e1pad slunce, t\u00edm d\u0159\u00edve usednou k ve\u010de\u0159i; konkr\u00e9tn\u011b jde o jednu hodinu. To znamen\u00e1, \u017ee od 11. srpna do 9. z\u00e1\u0159\u00ed platil standardn\u00ed \u010das a o p\u016flnoci 10. z\u00e1\u0159\u00ed se vr\u00e1til \u010das letn\u00ed (jak je patrn\u00e9 z ozn\u00e1men\u00ed, kter\u00e9 jsme nalezli na hotelov\u00e9m pokoji b\u011bhem 9. z\u00e1\u0159\u00ed &#8211; obr. 1). Platnost standardn\u00edho \u010dasu pak byla obnovena 1. \u0159\u00edjna 2010.<\/li>\n<li>V n\u00e1sleduj\u00edc\u00edm roce 2011 do\u0161lo k prvn\u00ed revoluci (protimubarakovsk\u00e9), moci se ujala vojensk\u00e1 rada a ta bez skrupul\u00ed letn\u00ed \u010das zru\u0161ila (jak snadno to jde, kdy\u017e nejste \u010dleny EU \u2013 sta\u010d\u00ed jeden vl\u00e1dn\u00ed dekret).<\/li>\n<li>Tento stav, tedy bez L\u010c, trval tak\u00e9 v letech 2012 a 2013. V\u00fdhoda pro turisty ze zem\u00ed, kde platil SEL\u010c: v dob\u011b jeho platnosti byl \u010das (na hodin\u00e1ch) u n\u00e1s a v Egypt\u011b stejn\u00fd.<\/li>\n<li>V l\u00e9t\u011b 2013 za\u017eila zem\u011b druhou (protimurs\u00edovskou) revoluci a v roce n\u00e1sleduj\u00edc\u00edm za\u010daly op\u011bt \u201e\u0161achy\u201c s letn\u00edm \u010dasem. Platit za\u010dal 16. kv\u011btna 2014, p\u0159eru\u0161en byl v obdob\u00ed ramad\u00e1nu od 27. \u010dervna do konce \u010dervence, kjeho obnoven\u00ed do\u0161lo 1. srpna 2014 a n\u00e1vrat ke standardn\u00edmu \u010dasu mohli na\u0161i turist\u00e9 zaznamenat 26.z\u00e1\u0159\u00ed 2014.<\/li>\n<li>V dal\u0161\u00edch letech bylo rozhodnuto L\u010c neobnovovat, tak tomu bylo p\u0159edloni, loni a podle v\u0161eho tak\u00e9 letos bude Egypt bez L\u010c (i kdy\u017e zde v\u00edce ne\u017e jinde plat\u00ed nikdy ne\u0159\u00edkej nikdy, viz v minul\u00fdch t\u00fddnech zm\u011bny t\u00fdkaj\u00edc\u00ed se ceny vstupn\u00edho v\u00edza). Podle tabulky na obr. 2 by nem\u011bl b\u00fdt L\u010c obnoven ani v letech 2018 a 2019.<\/li>\n<\/ul>\n<p>Z\u00e1v\u011brem perli\u010dka. V letech, kdy v Egypt\u011b L\u010c ofici\u00e1ln\u011b nemaj\u00ed, se s n\u00edm v t\u00e9to zemi m\u016f\u017eete setkat. N\u011bkter\u00e9 hotely, nen\u00ed jich mnoho, si L\u010c samy zav\u00e1d\u011bj\u00ed, z\u0159ejm\u011b proto, aby vytvo\u0159ily iluzi, \u017ee slunce zapad\u00e1 pozd\u011bji. Nap\u0159\u00edklad na ja\u0159e a na podzim je u\u017e kolem sedm\u00e9 ve\u010der tma jako v pytli (a z\u00e1pad slunce je ur\u010duj\u00edc\u00edm term\u00ednem pro zav\u00edr\u00e1n\u00ed pl\u00e1\u017e\u00ed, pl\u00e1\u017eov\u00fdch bar\u016f, baz\u00e9nu aj. Atrakc\u00ed) a zaveden\u00edm hotelov\u00e9ho L\u010c se to v\u0161echno posunuje o hodinu. Na tuto skute\u010dnost je t\u0159eba d\u00e1t si pozor, nebo\u0165 nen\u00ed \u00fapln\u011b v\u017edy z\u0159ejm\u00e9, kter\u00fd \u010dasov\u00fd \u00fadaj (nap\u0159. odjezd busu na leti\u0161t\u011b \u010di v\u00fdlet) je ve standardn\u00edm a kter\u00fd (nap\u0159. otev\u0159en\u00ed restaurace v hotelov\u00e9m letn\u00edm \u010dase \u010di za\u010d\u00e1tek anima\u010dn\u00edho programu) v hotelov\u00e9m letn\u00edm \u010dase.<\/p>\n<p><strong>\u2022<\/strong><\/p>\n<div class=\"gallery-single\"><img loading=\"lazy\" decoding=\"async\" src=\"http:\/\/u.smedata.sk\/blogidnes\/article\/2\/59\/595722\/595722_article_photo_fjbx7kd_900x.jpeg?r=27b3a\" alt=\"article_photo\" width=\"630\" height=\"447\"><small><\/small><\/div>\n<p><em><strong>&#8230; obr. 1\/Ozn\u00e1men\u00ed na hotelov\u00e9m pokoji v komplexu Sonesta na tabsk\u00e9 rivi\u00e9\u0159e na Sinaji o zah\u00e1jen\u00ed platnosti letn\u00edho \u010dasu po ramad\u00e1nov\u00e9 p\u0159est\u00e1vce. Foto: Autor \u010dl\u00e1nku.<\/strong><\/em><\/p>\n<div class=\"gallery-single\"><img loading=\"lazy\" decoding=\"async\" src=\"https:\/\/u.smedata.sk\/blogidnes\/article\/2\/59\/595722\/595722_article_photo_zq2mrcu_900x.jpeg?r=27b3a\" alt=\"article_photo\" width=\"630\" height=\"385\"><small><\/small><\/div>\n<p><em><strong>&#8230;obr. 2\/P\u0159ehled ukazuj\u00edc\u00ed term\u00edny za\u010d\u00e1tku a konce letn\u00edho \u010dasu v Egypt\u011b v letech 2010-2019. EET = V\u00fdchodoevropsk\u00fd \u010das (toto\u017en\u00fd se standardn\u00edm m\u00edstn\u00edm \u010dasem v Egypt\u011b), EEST = V\u00fdchodoevropsk\u00fd letn\u00ed \u010das, UTC = Sv\u011btov\u00fd koordinovan\u00fd \u010das (toto\u017en\u00fd s GMT), DST = letn\u00ed \u010das. Zdroj: Web Timeanddate.com.<\/strong><\/em><\/p>\n<\/div>\n<p><a href=\"http:\/\/lubomirstejskal.blog.idnes.cz\/blog.aspx?c=595722\">Zdroj<\/a><\/p>\n","protected":false},"excerpt":{"rendered":"<p>Ka\u017ed\u00e9ho p\u016fl roku vyleze Jakl a bojuje s \u010casem,\u201c p\u00ed\u0161e v diskusi pod jeho \u010dl\u00e1nkem (Neexistuje \u017e\u00e1dn\u00fd zimn\u00ed \u010das &#8230;) Jan M. A dob\u0159e d\u011bl\u00e1. Kdo? Ladislav Jakl samoz\u0159ejm\u011b.<\/p>\n","protected":false},"author":1,"featured_media":0,"comment_status":"open","ping_status":"open","sticky":false,"template":"","format":"standard","meta":{"ngg_post_thumbnail":0,"footnotes":""},"categories":[11],"tags":[],"class_list":["post-7631","post","type-post","status-publish","format-standard","hentry","category-ozvena"],"_links":{"self":[{"href":"https:\/\/www.ladislavjakl.cz\/index.php?rest_route=\/wp\/v2\/posts\/7631","targetHints":{"allow":["GET"]}}],"collection":[{"href":"https:\/\/www.ladislavjakl.cz\/index.php?rest_route=\/wp\/v2\/posts"}],"about":[{"href":"https:\/\/www.ladislavjakl.cz\/index.php?rest_route=\/wp\/v2\/types\/post"}],"author":[{"embeddable":true,"href":"https:\/\/www.ladislavjakl.cz\/index.php?rest_route=\/wp\/v2\/users\/1"}],"replies":[{"embeddable":true,"href":"https:\/\/www.ladislavjakl.cz\/index.php?rest_route=%2Fwp%2Fv2%2Fcomments&post=7631"}],"version-history":[{"count":1,"href":"https:\/\/www.ladislavjakl.cz\/index.php?rest_route=\/wp\/v2\/posts\/7631\/revisions"}],"predecessor-version":[{"id":7632,"href":"https:\/\/www.ladislavjakl.cz\/index.php?rest_route=\/wp\/v2\/posts\/7631\/revisions\/7632"}],"wp:attachment":[{"href":"https:\/\/www.ladislavjakl.cz\/index.php?rest_route=%2Fwp%2Fv2%2Fmedia&parent=7631"}],"wp:term":[{"taxonomy":"category","embeddable":true,"href":"https:\/\/www.ladislavjakl.cz\/index.php?rest_route=%2Fwp%2Fv2%2Fcategories&post=7631"},{"taxonomy":"post_tag","embeddable":true,"href":"https:\/\/www.ladislavjakl.cz\/index.php?rest_route=%2Fwp%2Fv2%2Ftags&post=7631"}],"curies":[{"name":"wp","href":"https:\/\/api.w.org\/{rel}","templated":true}]}}