{"id":765,"date":"2011-01-24T14:48:09","date_gmt":"2011-01-24T13:48:09","guid":{"rendered":"http:\/\/www.ladislavjakl.cz\/?p=765"},"modified":"2011-01-24T14:48:09","modified_gmt":"2011-01-24T13:48:09","slug":"zly-drobil-a-hodny-michalek-media-ale-sama-spehuji-kritizuje-jakl","status":"publish","type":"post","link":"https:\/\/www.ladislavjakl.cz\/?p=765","title":{"rendered":"Zl\u00fd Drobil a hodn\u00fd Mich\u00e1lek. M\u00e9dia ale sama \u0161pehuj\u00ed, kritizuje Jakl"},"content":{"rendered":"<p><strong>Minul\u00fd t\u00fdden zah\u00e1jila  m\u00e9dia mohutnou ofenz\u00edvu na podporu b\u00fdval\u00e9ho \u0161\u00e9fa St\u00e1tn\u00edho fondu  \u017eivotn\u00edho prost\u0159ed\u00ed Libora Mich\u00e1lka, kter\u00fd si nahr\u00e1val ministrova  poradce Martina Knetiga a samotn\u00e9ho ministra Pavla Drobila kv\u016fli  podez\u0159en\u00ed z \u00fadajn\u00e9 korupce.<\/strong><\/p>\n<p><strong><!--more--><br \/>\n<\/strong><\/p>\n<p>Libora Mich\u00e1lka ned\u00e1vno ost\u0159e kritizovali vicekancl\u00e9\u0159 prezidenta  republiky Petr H\u00e1jek a \u0159editel N\u00e1rodn\u00ed galerie Milan Kn\u00ed\u017e\u00e1k. Do obrany  Mich\u00e1lkovy osoby se postupn\u011b zapojila p\u0159edn\u00ed \u010desk\u00e1 m\u00e9dia a v\u0161e v ned\u011bli  korunovala \u010cesk\u00e1 televize.<\/p>\n<p>Cel\u00e1 obrana za\u010dala po zve\u0159ejn\u011bn\u00ed \u010dl\u00e1nku na Parlamentn\u00edchListech.cz: <a href=\"http:\/\/parlamentnilisty.cz\/zpravy\/186594.aspx\"><span style=\"color: #993300;\"><strong>Jak\u00fdpak est\u00e9b\u00e1k, sp\u00ed\u0161e jehovista, \u0159\u00edk\u00e1 o Mich\u00e1lkovi H\u00e1jek<\/strong><\/span><\/a>, v\u00a0n\u011bm\u017e H\u00e1jek nazna\u010dil, \u017ee by Mich\u00e1lek mohl b\u00fdt jehovistou a zkritizoval Mich\u00e1lkovy metody.<\/p>\n<p><strong>Skoro v\u0161ichni proti H\u00e1jkovi<\/strong><\/p>\n<p>Ji\u0159\u00ed Pe\u0148\u00e1s\u00a0se minul\u00fd t\u00fdden v LN\u00a0zastal Libora Mich\u00e1lka \u00fatokem na  kancl\u00e9\u0159e Petra\u00a0H\u00e1jka\u00a0sloupkem, v\u00a0jeho\u017e n\u00e1zvu pou\u017eil p\u0159irovn\u00e1n\u00ed\u00a0,,H\u00e1jek  nyn\u011bj\u0161\u00ed Sl\u00e1dek.&#8220; Dal\u0161\u00ed obranu zastaly postupn\u011b\u00a0 iDnes.cz, Respekt a v  \u010cesk\u00e1 televezie v po\u0159adech Tah d\u00e1mou a 168 hodin, kde spr\u00e1vnost  Mich\u00e1lkova po\u010d\u00edn\u00e1n\u00ed komentoval profesor filosofie\u00a0Tom\u00e1\u0161 Hal\u00edk.<\/p>\n<p><strong>Mil\u00e1\u010dek n\u00e1roda<\/strong><\/p>\n<p>Odvolan\u00fd \u0161\u00e9f SF\u017dP Mich\u00e1lek podle sv\u00fdch slov medi\u00e1ln\u00ed p\u0159\u00edze\u0148 moc nevn\u00edm\u00e1.  ,,Jde mi sp\u00ed\u0161e o to, aby se t\u00edmto p\u0159\u00edpadem do\u0161lo k meritu v\u011bci, k j\u00e1dru  pudla. Nejde o mou osobu, ale o to, na co jsem se sna\u017eil upozornit.  Ud\u011blal bych to klidn\u011b znova,&#8220; \u0159ekl Parlamentn\u00edmList\u016fm.cz Mich\u00e1lek.<\/p>\n<p>Mich\u00e1lek se ale odm\u00edtl vyj\u00e1d\u0159it k pr\u016fb\u011bhu vy\u0161et\u0159ov\u00e1n\u00ed. &#8222;Opravdu nemohu  nic \u0159\u00edct. Respektuji doporu\u010den\u00ed policie o vy\u0161et\u0159ov\u00e1n\u00ed p\u0159\u00edli\u0161 nehovo\u0159it,  aby n\u011bjak\u00fdm \u00fanikem informac\u00ed nedo\u0161lo k jeho ma\u0159en\u00ed,&#8220; dodal Mich\u00e1lek.<\/p>\n<p><strong>M\u00e9dia maj\u00ed r\u00e1dy p\u0159\u00edb\u011bhy s kla\u010fasy a gaunery<\/strong><\/p>\n<p>Podle tajemn\u00edka prezidenta republiky Ladislava Jakla maj\u00ed m\u00e9dia takov\u00fd  z\u00e1jem o kauzu, proto\u017ee cht\u011bj\u00ed \u010dten\u00e1\u0159\u016fm nab\u00eddnout p\u0159\u00edb\u011bh. \u201eM\u00e9dia maj\u00ed  r\u00e1da p\u0159\u00edb\u011bhy. V ka\u017ed\u00e9m p\u0159\u00edb\u011bhu mus\u00edte m\u00edt kladnou postavu, z\u00e1pornou  postavu a n\u011bjakou peripetii. Tady n\u00e1m v\u011bt\u0161inov\u00fd medi\u00e1ln\u00ed mainstream  nab\u00eddl, kdo tam bude o\u0161kliv\u00fd, kdo tam bude hodn\u00fd, ale rozkr\u00fdt podstatu  probl\u00e9mu pomohla m\u00e9dia jen velmi m\u00e1lo,&#8220; \u0159ekl k\u00a0tomu pro server  Parlamentn\u00edListy.cz Jakl.<\/p>\n<p>\u201eJako podstatu probl\u00e9mu vid\u00edm, \u017ee asi bych \u0159ekl jeden hoch\u0161tapler nebo  tlachal bu\u010f provokoval nebo se o n\u011bco pokou\u0161el a vedl hodn\u011b hloup\u00e9 a  hodn\u011b nep\u0159ijateln\u00e9 \u0159e\u010di. Jin\u00fd \u010dlov\u011bk chodil po instituci a s pocitem, \u017ee  by mohlo doj\u00edt k n\u011bjak\u00e9mu selh\u00e1n\u00ed a nahr\u00e1val si sv\u00e9 kolegy \u00fadajn\u011b z  d\u016fvodu, \u017ee nem\u00e1 dostatek d\u016fkaz\u016f,&#8220; uvedl d\u00e1le Jakl.<\/p>\n<p><strong>Od Jakla to schytal i Drobil<\/strong><\/p>\n<p>Prezident\u016fv tajemn\u00edk tak\u00e9 m\u00edn\u00ed, \u017ee nikdo nen\u00ed povol\u00e1n k tomu, aby d\u011blal  pr\u00e1ci za policii a za vy\u0161et\u0159ovatele a za st\u00e1tn\u00ed z\u00e1stupce sh\u00e1n\u011bl d\u016fkazy.  Povinnost\u00ed ka\u017ed\u00e9ho, kdo m\u00e1 d\u016fkazy, je podle Jakla ozn\u00e1mit to nad\u0159\u00edzen\u00fdm a  org\u00e1n\u016fm \u010dinn\u00fdm v trestn\u00edm \u0159\u00edzen\u00ed.<\/p>\n<p>\u201eTuto druhou postavu stejn\u011b jako prvn\u00ed nevid\u00edm pozitivn\u011b. A pak tu je  t\u0159et\u00ed postava. Jejich \u0161\u00e9f, kter\u00fd za n\u011b zodpov\u00eddal a svou zodpov\u011bdnost  rezignac\u00ed vyvodil. Ale po person\u00e1ln\u00ed str\u00e1nce jde o jeho zodpov\u011bdnost.  \u010cili j\u00e1 tam kladnou postavu nevid\u00edm \u017e\u00e1dnou, i kdy\u017e jsou tam r\u016fzn\u00e9 stupn\u011b  odpov\u011bdnosti,&#8220; dodal Jakl.<\/p>\n<p><strong>Komu Drobil p\u0159ek\u00e1\u017eel?<br \/>\n<\/strong><br \/>\nPodle Jakla ur\u010dit\u011b vadil Drobil r\u016fzn\u00fdm z\u00e1jmov\u00fdm skupin\u00e1m. Ekologick\u00fd  byznys je podle n\u011bj nejv\u011bt\u0161\u00ed byznys stolet\u00ed. Na \u017e\u00e1dn\u00e9 jin\u00e9 v\u011bci z\u00e1jmov\u00e9  skupiny ve sv\u011bt\u011b ani u n\u00e1s nevyd\u011blaly podle n\u011bj takov\u00e9 pen\u00edze.<\/p>\n<p>\u201eJejich byznys udr\u017eov\u00e1n l\u00edbiv\u00fdmi fr\u00e1zemi o zachov\u00e1n\u00ed \u010dist\u00e9 p\u0159\u00edrody. T\u011bm  ministr Drobil uk\u00e1zal, \u017ee jejich hru hr\u00e1t nebude tak poslu\u0161n\u011b jako jeho  p\u0159edch\u016fdci. Na druhou stranu, to \u017ee n\u011bkdo vedl hloup\u00e9 \u0159e\u010di je evidentn\u00ed,  \u017ee to byli j\u00edm nominovan\u00ed pod\u0159\u00edzen\u00ed je tak\u00e9 evidentn\u00ed a \u017ee \u0161\u00e9f nese  odpov\u011bdnost je t\u00e9\u017e evidentn\u00ed. Je to sm\u016fla a takov\u00e1 v\u011bc se \u010dlov\u011bku m\u016f\u017ee  st\u00e1t. I kdy\u017e se mus\u00ed c\u00edtit docela t\u0159eba i nespravedliv\u011b medi\u00e1ln\u011b  \u0161ikanov\u00e1n, t\u011b\u017eko m\u016f\u017ee pop\u0159\u00edt, \u017ee selh\u00e1n\u00ed jeho pod\u0159\u00edzen\u00fdch se odehr\u00e1lo. A  pokud tam byly za t\u00edm n\u011bjak\u00e9 z\u00e1jmov\u00e9 skupiny, nem\u011bl si je tam pustit,&#8220;  zkritizoval Drobila za person\u00e1ln\u00ed pochyben\u00ed Jakl.<\/p>\n<p>\u201eCelou dobu \u0159\u00edk\u00e1m, \u017ee pokud jsem n\u011bkde pochybil, tak v\u00a0p\u0159\u00edpad\u011b v\u00fdb\u011bru  sv\u00fdch spolupracovn\u00edk\u016f, kdy se uk\u00e1zalo, \u017ee jsem nem\u011bl \u0161\u0165astnou ruku.  Ostatn\u00ed na\u0159\u010den\u00ed samoz\u0159ejm\u011b odm\u00edt\u00e1m,&#8220; \u0159ekl Parlamentn\u00edmList\u016fm.cz Drobil.<\/p>\n<p><a href=\"http:\/\/www.parlamentnilisty.cz\/tags\/314726.aspx\" target=\"_blank\"><strong><span style=\"color: #800000;\">SLEDOVALI jsme kauzu Drobil<\/span><\/strong><\/a><span style=\"color: #800000;\"> <\/span><\/p>\n<p><strong>\u017daloba<\/strong><\/p>\n<p>Medi\u00e1ln\u00ed z\u00e1jem o Libora Mich\u00e1lka mo\u017en\u00e1 je\u0161t\u011b zintenzivn\u00ed s\u00e1m exministr  \u017eivotn\u00edho prost\u0159ed\u00ed Pavel Drobil, kter\u00fd proti n\u011bmu zva\u017euje pr\u00e1vn\u00ed kroky  na o\u010di\u0161t\u011bn\u00ed sv\u00e9ho jm\u00e9na. Parlamentn\u00edmList\u016fm.cz sd\u011blil, \u017ee je ve spojen\u00ed  se sv\u00fdmi pr\u00e1vn\u00edky a spole\u010dn\u011b s\u00a0nimi p\u0159ipravuje n\u011bjak\u00e9 kroky.<\/p>\n<p>,,Je\u00a0opravdu t\u011b\u017ek\u00e9 odhadnout, zda \u017ealoba pana Drobila zintenzivn\u00ed obranu  Libora Mich\u00e1lka m\u00e9dii.\u00a0Ka\u017edop\u00e1dn\u011b \u017ealoba, znamen\u00e1 zpochybn\u011bn\u00ed a alespo\u0148  \u010d\u00e1ste\u010dn\u011b z v\u00e1s to tu vinu na n\u011bjak\u00fd \u010das m\u016f\u017ee set\u0159\u00e1st. Nicm\u00e9n\u011b t\u011bch  \u017ealob u\u017e je tolik, \u017ee to lid\u00e9 p\u0159est\u00e1vaj\u00ed vn\u00edmat,&#8220; vysv\u011btlil pro  Parlamentn\u00edListy.cz medi\u00e1ln\u00ed odborn\u00edk Karel Hv\u00ed\u017e\u010fala.<\/p>\n<p><strong>Drobil by m\u011bl sp\u00ed\u0161 \u017ealovat Knetiga, m\u00edn\u00ed Mich\u00e1lek <\/strong><\/p>\n<p>Libor Mich\u00e1lek je v\u0161ak k reakci zdr\u017eenliv\u00fd. ,,Nemohu se k p\u0159\u00edpadn\u00e9  \u017ealob\u011b b\u00fdval\u00e9ho ministra Pavla Drobila vyjad\u0159ovat, dokud to nen\u00ed  ofici\u00e1ln\u00ed. Mysl\u00edm, \u017ee zde sp\u00ed\u0161e m\u011blo figurovat jm\u00e9no pana Knetiga.  Nev\u00edm, do jak\u00e9 hloubky hodl\u00e1 pan Drobil sv\u00e9 jm\u00e9no o\u010di\u0161\u0165ovat,&#8220; sd\u011blil  redakci Mich\u00e1lek.<\/p>\n<p>\u0160\u00e9f Politick\u00e9ho odboru Kancel\u00e1\u0159e prezidenta republiky Jakl, a\u010dkoli m\u00edn\u00ed,  \u017ee Drobil sv\u00fdm v\u00fdb\u011brem spolupracovn\u00edk\u016f pochybil a m\u00e1 za to n\u00e9st  zodpov\u011bdnost, je odp\u016frcem takov\u00fdch metod, kter\u00e9 pou\u017e\u00edv\u00e1 Mich\u00e1lek.<\/p>\n<p><strong>Jakl se Mich\u00e1lkov\u00fdch metod \u0161t\u00edt\u00ed. M\u00e9dia nejsou lep\u0161\u00ed<\/strong><\/p>\n<p>\u201eTakov\u00fdch metod se docela \u0161t\u00edt\u00edm. Up\u0159\u00edmn\u011b \u0159e\u010deno nejen ve ve\u0159ejn\u00e9m  prostoru. J\u00e1 se d\u011bs\u00edm i toho, \u017ee se i v partnersk\u00fdch vztaz\u00edch se lid\u00e9  budou za chv\u00edli nahr\u00e1vat. I na pracovi\u0161t\u00edch a p\u0159\u00e1tel\u00e9 mezi sebou. Jestli  tohle je sv\u011bt, do kter\u00e9ho sm\u011b\u0159ujeme, tak aby se b\u00e1l \u010dlov\u011bk r\u00e1no  probudit,&#8220; varuje Jakl.<\/p>\n<p>\u201eM\u00e9dia z toho ale \u017eij\u00ed. Je ve\u0159ejn\u00fdm tajemstv\u00edm, \u017ee nejsiln\u011bj\u0161\u00ed a  nejv\u011bt\u0161\u00ed m\u00e9dia u n\u00e1s, t\u011bch p\u011bt nejv\u011bt\u0161\u00edch, vlastn\u00ed r\u016fzn\u00e1 velmi drah\u00e1  odposlechov\u00e1 za\u0159\u00edzen\u00ed a prov\u00e1d\u011bj\u00ed neleg\u00e1ln\u00ed odposlechy. Nikdo jim na to  zat\u00edm nep\u0159i\u0161el, nikdo jim to neprok\u00e1zal, ale oni t\u00edmto zp\u016fsobem mohou  vyd\u011bl\u00e1vat, tak to tak\u00e9 d\u011blaj\u00ed. J\u00e1 douf\u00e1m, \u017ee \u010das od \u010dasu to na n\u011b tak\u00e9  praskne, aby v\u011bd\u011bli, \u017ee to p\u0159in\u00e1\u0161\u00ed ur\u010dit\u00e1 rizika, sednout si na tohoto  tygra,&#8220; zlob\u00ed se na m\u00e9dia\u00a0Jakl.<\/p>\n<p><a href=\"http:\/\/parlamentnilisty.cz\/parlament\/186708.aspx\" target=\"_blank\">Zdroj<\/a><\/p>\n","protected":false},"excerpt":{"rendered":"<p>Minul\u00fd t\u00fdden zah\u00e1jila m\u00e9dia mohutnou ofenz\u00edvu na podporu b\u00fdval\u00e9ho \u0161\u00e9fa St\u00e1tn\u00edho fondu \u017eivotn\u00edho prost\u0159ed\u00ed Libora Mich\u00e1lka, kter\u00fd si nahr\u00e1val ministrova poradce Martina Knetiga a samotn\u00e9ho ministra Pavla Drobila kv\u016fli podez\u0159en\u00ed z \u00fadajn\u00e9 korupce.<\/p>\n","protected":false},"author":1,"featured_media":0,"comment_status":"open","ping_status":"open","sticky":false,"template":"","format":"standard","meta":{"ngg_post_thumbnail":0,"footnotes":""},"categories":[11],"tags":[],"class_list":["post-765","post","type-post","status-publish","format-standard","hentry","category-ozvena"],"_links":{"self":[{"href":"https:\/\/www.ladislavjakl.cz\/index.php?rest_route=\/wp\/v2\/posts\/765","targetHints":{"allow":["GET"]}}],"collection":[{"href":"https:\/\/www.ladislavjakl.cz\/index.php?rest_route=\/wp\/v2\/posts"}],"about":[{"href":"https:\/\/www.ladislavjakl.cz\/index.php?rest_route=\/wp\/v2\/types\/post"}],"author":[{"embeddable":true,"href":"https:\/\/www.ladislavjakl.cz\/index.php?rest_route=\/wp\/v2\/users\/1"}],"replies":[{"embeddable":true,"href":"https:\/\/www.ladislavjakl.cz\/index.php?rest_route=%2Fwp%2Fv2%2Fcomments&post=765"}],"version-history":[{"count":2,"href":"https:\/\/www.ladislavjakl.cz\/index.php?rest_route=\/wp\/v2\/posts\/765\/revisions"}],"predecessor-version":[{"id":767,"href":"https:\/\/www.ladislavjakl.cz\/index.php?rest_route=\/wp\/v2\/posts\/765\/revisions\/767"}],"wp:attachment":[{"href":"https:\/\/www.ladislavjakl.cz\/index.php?rest_route=%2Fwp%2Fv2%2Fmedia&parent=765"}],"wp:term":[{"taxonomy":"category","embeddable":true,"href":"https:\/\/www.ladislavjakl.cz\/index.php?rest_route=%2Fwp%2Fv2%2Fcategories&post=765"},{"taxonomy":"post_tag","embeddable":true,"href":"https:\/\/www.ladislavjakl.cz\/index.php?rest_route=%2Fwp%2Fv2%2Ftags&post=765"}],"curies":[{"name":"wp","href":"https:\/\/api.w.org\/{rel}","templated":true}]}}