{"id":768,"date":"2011-01-24T14:54:50","date_gmt":"2011-01-24T13:54:50","guid":{"rendered":"http:\/\/www.ladislavjakl.cz\/?p=768"},"modified":"2011-01-24T15:01:37","modified_gmt":"2011-01-24T14:01:37","slug":"jakl-drobila-je-skoda-vladni-krize-byla-ze-strany-vecek-divadlo","status":"publish","type":"post","link":"https:\/\/www.ladislavjakl.cz\/?p=768","title":{"rendered":"Jakl: Drobila je \u0161koda. Vl\u00e1dn\u00ed krize byla ze strany V\u00e9\u010dek divadlo"},"content":{"rendered":"<p><strong>P\u016eLNO\u010cN\u00cd ROZHOVOR  Ladislav Jakl prozradil Parlamentn\u00edmList\u016fm.cz n\u011bco o nov\u00e9 desce jeho  kapely, pit\u00ed piva, zhodnotil Ne\u010das\u016fv kabinet a \u010d\u00e1ste\u010dn\u011b t\u00e9\u017e af\u00e9ru Drobil  vs. Mich\u00e1lek a jej\u00ed dopad na vl\u00e1du.<\/strong> <strong>Jak\u00fd je v\u00e1\u0161 b\u011b\u017en\u00fd program o p\u016flnoci ze soboty na ned\u011bli?<\/strong><\/p>\n<p><strong><!--more--><\/strong><\/p>\n<p>Nejsem \u010dlov\u011bk, kter\u00fd m\u00e1 chatu \u010di chalupu, na kter\u00e9 by pravideln\u011b tr\u00e1vil  v\u00edkendy. Jsem nap\u0159\u00edklad na n\u011bjak\u00e9 vlastn\u00ed akci. R\u00e1d jezd\u00edm po republice,  a\u0165 u\u017e s\u00a0kapelou nebo s\u00a0rodinou nebo s\u00e1m, r\u00e1d jezd\u00edm na akce pivovar\u016f a  podobn\u011b. Je dost mo\u017en\u00e9, \u017ee prost\u0159edek v\u00edkendu m\u011b zastihne n\u011bkde na  cest\u00e1ch. Cestuji r\u00e1d po \u010cesk\u00e9 republice a sna\u017e\u00edm se jezdit tam, kde to  nezn\u00e1m nebo tam, kde jsem u\u017e dlouho nebyl. P\u0159esp\u0159\u00ed\u0161t\u00ed v\u00edkend vyjedu za  hranice a nav\u0161t\u00edv\u00edm mal\u00e9 pivovary na Slovensku s\u00a0Ma\u010farsku na takov\u00e9  studijn\u00ed cest\u011b. Pokud jsem doma, tak touhle dobou, kdy\u017e kolem m\u011b utichne  ruch, tak brouzd\u00e1m po internetov\u00e9m zpravodajstv\u00ed a d\u00edv\u00e1m se kdo kde co  zaj\u00edmav\u00e9ho p\u00ed\u0161e a je to pro m\u011b v\u00edcem\u00e9n\u011b takov\u00e1 odpo\u010dinkov\u00e1 z\u00e1le\u017eitost.  Sna\u017e\u00edm se b\u00fdt v\u00a0obraze a je to pro m\u011b n\u011bkdy zaj\u00edmav\u011bj\u0161\u00ed ne\u017e \u010d\u00edst noviny.  A d\u00edv\u00e1m se i na Parlamentn\u00ed listy.<\/p>\n<p><strong>A v\u00a0kolik chod\u00edte ze soboty na ned\u011bli sp\u00e1t? <\/strong><\/p>\n<p>Pokud m\u00e1m n\u011bjakou akci a jsem n\u011bkde mimo, tak hodn\u011b pozd\u011b. Pokud jsem doma, tak po p\u016flnoci, po jedn\u00e9.<\/p>\n<p><strong>A doma si d\u00e1v\u00e1te ve\u010der co?<\/strong><\/p>\n<p>M\u00e1m doma rozs\u00e1hlou pivot\u00e9ku, ur\u010dit\u011b 100, mo\u017en\u00e1 150, n\u011bkdy 200 r\u016fzn\u00fdch  druh\u016f piv a tak ty dv\u011b za ten ve\u010der ochutn\u00e1m a dost \u010dasto jsou to  takov\u00e9, kter\u00e9 jsem nepil nikdy v\u00a0\u017eivot\u011b nebo po dlouh\u00e9 dob\u011b. Jsou to  piva z\u00a0cel\u00e9 republiky, z\u00a0cel\u00e9ho sv\u011bta. M\u00e1m hodn\u011b p\u0159\u00e1tel, kte\u0159\u00ed mi voz\u00ed  r\u016fzn\u00e9 vzorky nebo si je voz\u00edm s\u00e1m. Skoro ka\u017ed\u00fd den piju n\u011bco jin\u00e9ho a  zhruba tak ty dv\u011b piva. V\u00edc doma ne. Pokud v\u00edc, tak na akc\u00edch zvl\u00e1\u0161\u0165  k\u00a0tomu ur\u010den\u00fdch. Nejsem takov\u00fdm t\u00edm doma pop\u00edjej\u00edc\u00edm \u010dlov\u011bkem. Tak  hluboko jsem je\u0161t\u011b neklesl. (sm\u00edch)<\/p>\n<p><strong>M\u00e1te n\u011bjakou obl\u00edbenou zna\u010dku piva, \u017ee kdy\u017e jdete po ulici,  uvid\u00edte j\u00ed na v\u00fdv\u011bsn\u00edm \u0161t\u00edtu hospody a do t\u00e9to hospody s\u00a0t\u00edmto pivem  zajdete?<\/strong><\/p>\n<p>\u0160el bych do takov\u00e9 hospody, kde maj\u00ed nejv\u00edce druh\u016f piv. Pokud mo\u017eno  z\u00a0mal\u00fdch pivovar\u016f, region\u00e1ln\u00edch pivovar\u016f, mikropivovar\u016f. Podobn\u00e9 hospody  za\u010daly v\u00a0posledn\u00ed dob\u011b po Praze vznikat. Nejd\u0159\u00edv to byly hospody, kter\u00e9  m\u011bly \u010dty\u0159i, p\u011bt, osm druh\u016f piv. Dnes ji\u017e jsou i s\u00a0dvaceti, p\u011btadvaceti a  dokonce s\u00a0t\u0159iceti. M\u00e1m r\u00e1d hospody, kde se ta piva nej\u010dast\u011bji m\u011bn\u00ed.  Fakt by m\u011b nebavilo sed\u011bt cel\u00fd ve\u010der u jednoho druhu piva.<\/p>\n<p><strong>Tak\u017ee nejste srdca\u0159?<\/strong><\/p>\n<p>M\u00e1m sv\u00e9 obl\u00edben\u00e9 zna\u010dky, ale pokud mohu, nejdu do hospody s\u00a0jedn\u00edm  druhem piva, a to i kdyby to pivo bylo sebelep\u0161\u00ed. Po mal\u00fdch sklenic\u00edch  se za ve\u010der sp\u00ed\u0161e sna\u017e\u00edm ochutnat v\u00edce druh\u016f piv.<\/p>\n<p><strong>Nem\u016f\u017ee b\u00fdt probl\u00e9m, \u017ee kdy\u017e je tam tolik druh\u016f piv, tak \u017ee se  tolik piva konkr\u00e9tn\u00ed zna\u010dky nevyto\u010d\u00ed a trubky se mohou v\u00edce zan\u00e1\u0161et  usazeninami?<\/strong><\/p>\n<p>Hospody, kter\u00e9 se zab\u00fdvaj\u00ed v\u011bt\u0161\u00ed \u0161k\u00e1lou piv, to um\u00ed d\u011blat dob\u0159e. Ten  probl\u00e9m, o kter\u00e9m mluv\u00edte, nen\u00ed podstatn\u00fd. Ty sudy jsou patn\u00e1ctilitrov\u00e9,  dvaceti, t\u0159icetilitrov\u00e9. Vyto\u010d\u00ed se, propl\u00e1chne se, nasad\u00ed se jin\u00fd druh.  V\u00a0tom probl\u00e9m nen\u00ed. Probl\u00e9m je jin\u00fd. Tyto piva b\u00fdvaj\u00ed nepasterizovan\u00e1,  nefiltrovan\u00e1 a nevydr\u017e\u00ed dlouho. Tento typ hospod se neobejde bez n\u011bjak\u00e9  chlazen\u00e9 m\u00edstnosti, kde maj\u00ed provozovatel\u00e9 sklad sv\u00fdch soudk\u016f.<\/p>\n<p><strong>Nat\u00e1\u010d\u00edte novou desku. O \u010dem bude hudebn\u011b a textov\u011b?<\/strong><\/p>\n<p>S\u00a0kapelou Folimanka Blues nat\u00e1\u010d\u00edme ve V\u0161enorech ve studiu Ji\u0159\u00edho  Stiv\u00edna. Je to dal\u0161\u00ed deska po \u0161esti letech, tak\u017ee tam budou v\u011bci  z\u00a0tohoto obdob\u00ed. T\u00e9ma kapely Folimanka Blues po cel\u00fdch t\u011bch 18 let, co  existuje,\u00a0 je to t\u00e9ma nejstar\u0161\u00ed a nejvd\u011b\u010dn\u011bj\u0161\u00ed, tedy \u017eeny, vztahy,  partnersk\u00e9 vztahy, \u017eivot, pivo, hospoda. Prost\u011b to, co k\u00a0tomu bigb\u00edtu  pat\u0159\u00ed. Ur\u010dit\u011b to nejsou probl\u00e9my vesm\u00edru, sv\u011bta a civilizace, ale p\u0159esto  to jsou v\u011bci jdouc\u00ed hluboko dovnit\u0159 do \u010dlov\u011bka. V\u011bci, kter\u00e9 h\u00fdbou  ka\u017ed\u00fdm \u010dlov\u011bkem, jeho emocemi, jeho v\u00e1\u0161n\u011bmi, jeho touhami. Ale bude to  sd\u011bleno bigb\u00edtov\u00fdm jazykem a bude to deska o dost tvrd\u0161\u00ed a ost\u0159ej\u0161\u00ed po  v\u0161ech v\u00fdrazov\u00fdch str\u00e1nk\u00e1ch ne\u017e ty p\u0159edchoz\u00ed.<\/p>\n<p><strong>Tak\u017ee naboosterovan\u011bj\u0161\u00ed kytary a basa&#8230;<\/strong><\/p>\n<p>J\u00e1 si nemysl\u00edm, \u017ee to je jenom volbou zvuku. Kdy\u017e m\u00e1te kotl\u00edk\u00e1\u0159skou  p\u00edsni\u010dku a budete ji hr\u00e1t na naboost\u0159en\u00e9 kytary, tak z\u00a0toho ostrou  muziku neud\u011bl\u00e1te. V\u00a0tom to nen\u00ed. Je v\u00a0z\u00e1sadnosti a v\u00fdpov\u011bdi. Tvrdost  jsem nikdy nevid\u011bl v\u00a0tom, \u017ee se n\u011bjak\u00fdm knofl\u00edkem oto\u010d\u00ed doprava.<\/p>\n<p><strong>Jak byste po p\u016fl roce zhodnotil fungov\u00e1n\u00ed vl\u00e1dy Petra Ne\u010dase? <\/strong><\/p>\n<p>Vl\u00e1da je determinov\u00e1na sv\u00fdm koali\u010dn\u00edm slo\u017een\u00ed, typem stran, stavem  koali\u010dn\u00edch stran. Asi bych mohl \u0159\u00edct, \u017ee vl\u00e1da d\u011bl\u00e1 kroky slab\u00e9,  nedostate\u010dn\u00e9, ale na druhou stranu takov\u00e9 prohl\u00e1\u0161en\u00ed by bylo zn\u00e1mkou  toho, \u017ee m\u00e1 o\u010dek\u00e1v\u00e1n\u00ed nejsou re\u00e1ln\u00e1 a realistick\u00e1. Prost\u011b vl\u00e1da d\u011bl\u00e1, to  co um\u00ed a co m\u016f\u017ee a j\u00e1 jsem r\u00e1d, \u017ee nem\u00e1me vl\u00e1du hor\u0161\u00ed, co\u017e jsme klidn\u011b  m\u00edt mohli.<\/p>\n<p><strong>Kdo byl zat\u00edm podle v\u00e1s nej\u00fasp\u011b\u0161n\u011bj\u0161\u00edm \u010di nejiniciativn\u011bj\u0161\u00edm a nejaktivn\u011bj\u0161\u00edm ministrem?<\/strong><\/p>\n<p>Pro m\u011b nejp\u0159\u00edjemn\u011bj\u0161\u00edm p\u0159ekvapen\u00edm sv\u00fdm p\u0159\u00edstupem a sv\u00fdm fungov\u00e1n\u00edm a\u017e  do sv\u00e9ho odchodu byl Pavel Drobil. Mysl\u00edm si, \u017ee ho je \u0161koda. Na druhou  stranu v\u00edm, \u017ee politika je takov\u00e1 a on mus\u00ed n\u00e9st n\u00e1sledky za sv\u00e1 \u0161patn\u00e1  person\u00e1ln\u00ed rozhodnut\u00ed.<\/p>\n<p>Druhou \u010d\u00e1st\u00ed p\u0159\u00edb\u011bhu kolem af\u00e9ry Drobil je, \u017ee jeden z\u00a0koali\u010dn\u00edch  partner\u016f se do vl\u00e1dy dostal protestn\u00edmi hlasy a ty hlasy najednou  vid\u011bly, \u017ee poslaly n\u011bkoho do vl\u00e1dy a ten \u010dlov\u011bk tam za\u010d\u00edn\u00e1 dob\u0159e nebo  \u0161patn\u011b ale hlavn\u011b konstruktivn\u011b pracovat a tato skupina se c\u00edtila  zrazena, oklam\u00e1na, nedostate\u010dn\u011b obhospoda\u0159ov\u00e1na, proto\u017ee najednou  koukaj\u00ed, \u017ee V\u011bci ve\u0159ejn\u00e9 ned\u011blaj\u00ed permanentn\u00ed revoluci a n\u011bjak funguj\u00ed a  tyto hlasy se za\u010daly od strany odl\u00e9vat a tato strana spr\u00e1vn\u011b pochopila,  \u017ee mus\u00ed pro tyto lidi ud\u011blat n\u011bjak\u00e9 divadlo, n\u011bjak\u00fd tanec, aby to  nevypadalo, \u017ee jde t\u011bm dal\u0161\u00edm ostatn\u00edm mocn\u00fdm moc na ruku, a tak se p\u0159ed  V\u00e1noci odehr\u00e1la peripetie o d\u016fv\u011b\u0159e vl\u00e1d\u011b, kter\u00e1 m\u011bla jedin\u00fd c\u00edl, aby  V\u011bci ve\u0159ejn\u00e9 uk\u00e1zaly sv\u00fdm lidem, \u017ee zas tak ve vl\u00e1d\u011b nezkrotly. Za dva  za t\u0159i m\u011bs\u00edce budou muset ud\u011blat n\u011bco podobn\u00e9ho, ale to u\u017e bude trochu  okoukan\u00e9, za dal\u0161\u00edch p\u00e1r m\u011bs\u00edc\u016f zase a to u\u017e bude je\u0161t\u011b okoukan\u011bj\u0161\u00ed.  Nev\u00edm, jak dlouho se takov\u00e1 hra d\u00e1 hr\u00e1t.<\/p>\n<p><strong>Mysl\u00edte se, \u017ee kdy\u017e Pavel Drobil prok\u00e1\u017ee, \u017ee krom\u011b person\u00e1ln\u00edch ot\u00e1zek nijak nepochybil, \u017ee se m\u016f\u017ee vr\u00e1tit?<\/strong><\/p>\n<p>B\u00fdt ministrem nen\u00ed jen n\u011bjak\u00e9 odborn\u00e1 role. Kdyby byla, pak by odpov\u011b\u010f  na va\u0161\u00ed ot\u00e1zku byla jasn\u00e1: re\u00e1ln\u00e9 pr\u00e1vn\u00ed pochyben\u00ed nebylo. B\u00fdt \u010dlenem  vl\u00e1dy je ale politick\u00e1 funkce, \u010dili z\u00e1le\u017e\u00ed na politick\u00e9 dimenzi, na  koalici, na vnitrostranick\u00e9m posouzen\u00ed v\u011bci na kolik by jeho dal\u0161\u00ed  fungov\u00e1n\u00ed znamenalo politick\u00e1 rizika a \u0161patn\u00fd medi\u00e1ln\u00ed obraz a podobn\u011b.  To j\u00e1 nechci za nikoho rozhodovat. To bude muset posoudit ten, kdo by  nesl p\u0159\u00edpadnou odpov\u011bdnost.<\/p>\n<p><a href=\"http:\/\/www.parlamentnilisty.cz\/parlament\/186805.aspx\" target=\"_blank\">Zdroj<\/a><\/p>\n","protected":false},"excerpt":{"rendered":"<p>P\u016eLNO\u010cN\u00cd ROZHOVOR Ladislav Jakl prozradil Parlamentn\u00edmList\u016fm.cz n\u011bco o nov\u00e9 desce jeho kapely, pit\u00ed piva, zhodnotil Ne\u010das\u016fv kabinet a \u010d\u00e1ste\u010dn\u011b t\u00e9\u017e af\u00e9ru Drobil vs. Mich\u00e1lek a jej\u00ed dopad na vl\u00e1du. Jak\u00fd je v\u00e1\u0161 b\u011b\u017en\u00fd program o p\u016flnoci ze soboty na ned\u011bli?<\/p>\n","protected":false},"author":1,"featured_media":0,"comment_status":"open","ping_status":"open","sticky":false,"template":"","format":"standard","meta":{"ngg_post_thumbnail":0,"footnotes":""},"categories":[13],"tags":[],"class_list":["post-768","post","type-post","status-publish","format-standard","hentry","category-rozhovory"],"_links":{"self":[{"href":"https:\/\/www.ladislavjakl.cz\/index.php?rest_route=\/wp\/v2\/posts\/768","targetHints":{"allow":["GET"]}}],"collection":[{"href":"https:\/\/www.ladislavjakl.cz\/index.php?rest_route=\/wp\/v2\/posts"}],"about":[{"href":"https:\/\/www.ladislavjakl.cz\/index.php?rest_route=\/wp\/v2\/types\/post"}],"author":[{"embeddable":true,"href":"https:\/\/www.ladislavjakl.cz\/index.php?rest_route=\/wp\/v2\/users\/1"}],"replies":[{"embeddable":true,"href":"https:\/\/www.ladislavjakl.cz\/index.php?rest_route=%2Fwp%2Fv2%2Fcomments&post=768"}],"version-history":[{"count":2,"href":"https:\/\/www.ladislavjakl.cz\/index.php?rest_route=\/wp\/v2\/posts\/768\/revisions"}],"predecessor-version":[{"id":772,"href":"https:\/\/www.ladislavjakl.cz\/index.php?rest_route=\/wp\/v2\/posts\/768\/revisions\/772"}],"wp:attachment":[{"href":"https:\/\/www.ladislavjakl.cz\/index.php?rest_route=%2Fwp%2Fv2%2Fmedia&parent=768"}],"wp:term":[{"taxonomy":"category","embeddable":true,"href":"https:\/\/www.ladislavjakl.cz\/index.php?rest_route=%2Fwp%2Fv2%2Fcategories&post=768"},{"taxonomy":"post_tag","embeddable":true,"href":"https:\/\/www.ladislavjakl.cz\/index.php?rest_route=%2Fwp%2Fv2%2Ftags&post=768"}],"curies":[{"name":"wp","href":"https:\/\/api.w.org\/{rel}","templated":true}]}}