{"id":770,"date":"2011-01-24T14:56:40","date_gmt":"2011-01-24T13:56:40","guid":{"rendered":"http:\/\/www.ladislavjakl.cz\/?p=770"},"modified":"2011-01-24T14:56:40","modified_gmt":"2011-01-24T13:56:40","slug":"nedelni-videorozhovor-ladislav-jakl-ceskou-televizi-a-cesky-rozhlas-staci-zrusit-ctk-privatizovat","status":"publish","type":"post","link":"https:\/\/www.ladislavjakl.cz\/?p=770","title":{"rendered":"NED\u011aLN\u00cd VIDEOROZHOVOR: Ladislav Jakl: \u010ceskou televizi a \u010cesk\u00fd rozhlas sta\u010d\u00ed zru\u0161it. \u010cTK privatizovat"},"content":{"rendered":"<p><span>K bilancov\u00e1n\u00ed roku 2010 jsme tentokr\u00e1t oslovili tajemn\u00edka prezidenta <span style=\"font-weight: bold;\">\u010cesk\u00e9 republiky Ladislava Jakla<\/span>.  Ten se v ned\u011bln\u00edm rozhovoru vyjad\u0159uje k politick\u00fdm i medi\u00e1ln\u00edm  ud\u00e1lostem, vrac\u00ed se v\u0161ak tak\u00e9 k t\u011bm smutn\u00fdm a tragick\u00fdm spole\u010densk\u00fdm.<\/span><\/p>\n<p><!--more--><span>Nenech\u00e1v\u00e1 toti\u017e bez reakce tragickou hav\u00e1rii polsk\u00e9ho vl\u00e1dn\u00edho speci\u00e1lu.  Co se t\u00fdk\u00e1 uplynul\u00e9ho supervolebn\u00edho roku, Jakl p\u0159ipom\u00edn\u00e1, \u017ee ob\u010dan\u00e9  v\u00fdsledky voleb vydali pokyn, \u017ee cht\u011bj\u00ed zm\u011bnu. <span style=\"font-style: italic; color: #000080;\">\u201eTyhle volby uk\u00e1zaly, \u017ee k volb\u00e1m m\u00e1 cenu p\u0159ij\u00edt, proto\u017ee hodn\u011b zam\u00edchaly,\u201c <\/span>uvedl  Ladislav Jakl a nav\u00e1zal hodnocen\u00edm lo\u0148sk\u00e9ho roku z hlediska medi\u00e1ln\u00edho.  Ne\u0161et\u0159il p\u0159itom sd\u011blovac\u00ed prost\u0159edky a vzk\u00e1zal, \u017ee jde o to, zda se  jimi nech\u00e1me lacino manipulovat, nebo se nau\u010d\u00edme informace sami t\u0159\u00eddit a  vyhodnocovat. Tradi\u010dn\u011b se Jakl vyj\u00e1d\u0159il tak\u00e9 k ve\u0159ejnopr\u00e1vn\u00edm m\u00e9di\u00edm: <span style=\"font-style: italic; color: #000080;\">\u201eSt\u00e1t nem\u00e1 va\u0159it pivo, st\u00e1t nem\u00e1 vyr\u00e1b\u011bt auta a st\u00e1t tak\u00e9 nem\u00e1 vys\u00edlat rozhlasov\u00e9 a televizn\u00ed vys\u00edl\u00e1n\u00ed.\u201c <\/span>Tato m\u00e9dia u\u017e pr\u00fd d\u00e1vno nem\u011bla u n\u00e1s existovat. <span style=\"font-weight: bold;\">\u010ceskou televizi<\/span> a<span style=\"font-weight: bold;\"> \u010cesk\u00fd rozhlas<\/span> pr\u00fd sta\u010d\u00ed zru\u0161it, <span style=\"font-weight: bold;\">\u010ceskou tiskovou kancel\u00e1\u0159 <\/span>privatizovat.<\/span><\/p>\n<p><span>Audio a zdroj <a href=\"http:\/\/www.ceskamedia.cz\/article.html?id=366158\" target=\"_blank\">ZDE<\/a><br \/>\n<\/span><\/p>\n","protected":false},"excerpt":{"rendered":"<p>K bilancov\u00e1n\u00ed roku 2010 jsme tentokr\u00e1t oslovili tajemn\u00edka prezidenta \u010cesk\u00e9 republiky Ladislava Jakla. Ten se v ned\u011bln\u00edm rozhovoru vyjad\u0159uje k politick\u00fdm i medi\u00e1ln\u00edm ud\u00e1lostem, vrac\u00ed se v\u0161ak tak\u00e9 k t\u011bm smutn\u00fdm a tragick\u00fdm spole\u010densk\u00fdm.<\/p>\n","protected":false},"author":1,"featured_media":0,"comment_status":"open","ping_status":"open","sticky":false,"template":"","format":"standard","meta":{"ngg_post_thumbnail":0,"footnotes":""},"categories":[13],"tags":[],"class_list":["post-770","post","type-post","status-publish","format-standard","hentry","category-rozhovory"],"_links":{"self":[{"href":"https:\/\/www.ladislavjakl.cz\/index.php?rest_route=\/wp\/v2\/posts\/770","targetHints":{"allow":["GET"]}}],"collection":[{"href":"https:\/\/www.ladislavjakl.cz\/index.php?rest_route=\/wp\/v2\/posts"}],"about":[{"href":"https:\/\/www.ladislavjakl.cz\/index.php?rest_route=\/wp\/v2\/types\/post"}],"author":[{"embeddable":true,"href":"https:\/\/www.ladislavjakl.cz\/index.php?rest_route=\/wp\/v2\/users\/1"}],"replies":[{"embeddable":true,"href":"https:\/\/www.ladislavjakl.cz\/index.php?rest_route=%2Fwp%2Fv2%2Fcomments&post=770"}],"version-history":[{"count":1,"href":"https:\/\/www.ladislavjakl.cz\/index.php?rest_route=\/wp\/v2\/posts\/770\/revisions"}],"predecessor-version":[{"id":771,"href":"https:\/\/www.ladislavjakl.cz\/index.php?rest_route=\/wp\/v2\/posts\/770\/revisions\/771"}],"wp:attachment":[{"href":"https:\/\/www.ladislavjakl.cz\/index.php?rest_route=%2Fwp%2Fv2%2Fmedia&parent=770"}],"wp:term":[{"taxonomy":"category","embeddable":true,"href":"https:\/\/www.ladislavjakl.cz\/index.php?rest_route=%2Fwp%2Fv2%2Fcategories&post=770"},{"taxonomy":"post_tag","embeddable":true,"href":"https:\/\/www.ladislavjakl.cz\/index.php?rest_route=%2Fwp%2Fv2%2Ftags&post=770"}],"curies":[{"name":"wp","href":"https:\/\/api.w.org\/{rel}","templated":true}]}}