{"id":7715,"date":"2017-04-12T09:13:38","date_gmt":"2017-04-12T07:13:38","guid":{"rendered":"http:\/\/www.ladislavjakl.cz\/?p=7715"},"modified":"2017-04-12T09:13:38","modified_gmt":"2017-04-12T07:13:38","slug":"babis-mi-rikal-ze-si-klause-moc-vazi-havel-mu-umetl-cesticku-zde-promarnil-prevzeti-moci-a-zeman-a-pozvani-sorosovych-svazaku-do-prahy-klausuv-spolupracovnik-vypravi","status":"publish","type":"post","link":"https:\/\/www.ladislavjakl.cz\/?p=7715","title":{"rendered":"Babi\u0161 mi \u0159\u00edkal, \u017ee si Klause moc v\u00e1\u017e\u00ed. Havel mu umetl cesti\u010dku. Zde promarnil p\u0159evzet\u00ed moci. A Zeman a pozv\u00e1n\u00ed Sorosov\u00fdch svaz\u00e1k\u016f do Prahy&#8230; Klaus\u016fv spolupracovn\u00edk vypr\u00e1v\u00ed"},"content":{"rendered":"<p>FENOM\u00c9N BABI\u0160- NAD\u011aJE, NEBO HROZBA? \u201eDvakr\u00e1t jsem se s&nbsp;Babi\u0161em se\u0161el na jeho \u017e\u00e1dost. V&nbsp;obou p\u0159\u00edpadech na\u0159\u00edkal, \u017ee mu v\u0161ichni h\u00e1zej\u00ed klacky pod nohy, \u017ee si pana prezidenta moc v\u00e1\u017e\u00ed, a cht\u011bl se domoci n\u011bjak\u00e9ho zast\u00e1n\u00ed. Nedomohl,\u201c \u0159\u00edk\u00e1 o sv\u00e9m osobn\u00edm setk\u00e1n\u00ed s Babi\u0161em Klaus\u016fv b\u00fdval\u00fd tajemn\u00edk Ladislav Jakl. A mnoho dal\u0161\u00edch post\u0159eh\u016f.<\/p>\n<p><!--more--><\/p>\n<p><strong>Andrej Babi\u0161 dle dosavadn\u00edch pr\u016fzkum\u016f sm\u011b\u0159uje k jasn\u00e9mu v\u00edt\u011bzstv\u00ed v parlamentn\u00edch volb\u00e1ch. Je toto konstatov\u00e1n\u00ed pravdiv\u00e9? A co je d\u016fle\u017eit\u011bj\u0161\u00ed, je to tak dob\u0159e?<\/strong><\/p>\n<p>Pravdiv\u00e9 je. A jestli dob\u0159e? J\u00e1 ho volit v&nbsp;\u017e\u00e1dn\u00e9m p\u0159\u00edpad\u011b nebudu a kohokoli ve sv\u00e9m okol\u00ed od jeho volen\u00ed budu odrazovat. Z&nbsp;m\u00e9ho pohledu to tedy dob\u0159e nebude. Ale obecn\u011b \u017e\u00e1dn\u00e9 volby nemohou dopadnout dob\u0159e nebo \u0161patn\u011b, pokud jsou demokratick\u00e9. Prost\u011b dopadnou tak, jak si voli\u010di budou p\u0159\u00e1t, a v\u00fdsledek bude t\u0159eba vz\u00edt na v\u011bdom\u00ed a \u017e\u00edt s&nbsp;n\u00edm.<\/p>\n<p><strong>Sm\u011b\u0159uje podle v\u00e1s Babi\u0161 k tomu, aby byl srovnateln\u00fdm politick\u00fdm fenom\u00e9nem jako byl V\u00e1clav Havel \u010di V\u00e1clav Klaus nebo jak\u00fdm je Milo\u0161 Zeman?<\/strong><\/p>\n<p>Nesm\u011b\u0159uje. Nep\u0159i\u0161el do politiky h\u00e1jit n\u011bjakou soustavu idej\u00ed, n\u011bjak\u00fd politick\u00fd sm\u011br, n\u011bjakou politickou koncepci. P\u0159i\u0161el do politiky h\u00e1jit sv\u00e9 vlastn\u00ed z\u00e1jmy, proto\u017ee uc\u00edtil, \u017ee k&nbsp;tomu m\u00e1 p\u0159\u00edle\u017eitost.<\/p>\n<p><strong>Jak si vysv\u011btlit to, \u017ee v\u011bt\u0161in\u011b ve\u0159ejnosti nevad\u00ed jeho n\u011bkdej\u0161\u00ed \u010dlenstv\u00ed v KS\u010c, ani podez\u0159en\u00ed na spolupr\u00e1ci s StB, ani Babi\u0161ova dobr\u00e1 kari\u00e9ra v 80. letech? Znamen\u00e1 to, \u017ee v\u011bt\u0161ina \u010cech\u016f u\u017e nereaguje na symboly roku 1989 a na jak\u00fdsi mainstreamem prezentovan\u00fd \u201e\u00e9tos\u201c V\u00e1clava Havla, kdy\u017e j\u00ed nevad\u00ed tohle ,,babi\u0161ovsk\u00e9\u201c p\u0159emost\u011bn\u00ed 80. let do sou\u010dasnosti? Uk\u00e1zal n\u00e1m Babi\u0161, \u017ee V\u00e1clav Havel je mrtev u\u017e i jako symbol? Nebo je naopak vy\u00fast\u011bn\u00edm nepolitick\u00e9 politiky?<\/strong><\/p>\n<p>Ve\u0159ejnosti tyhle v\u011bci mo\u017en\u00e1 vad\u00ed, ale d\u016fle\u017eit\u011bj\u0161\u00ed pro n\u011b je v\u00edra, \u017ee Babi\u0161 h\u00e1j\u00ed jejich z\u00e1jmy. Podle mne se v&nbsp;tom pletou, ale v&nbsp;demokracii maj\u00ed lid\u00e9 pr\u00e1vo na omyl, i kdy\u017e si ho pak budou muset odsk\u00e1kat. Va\u0161e ot\u00e1zka, zda Babi\u0161 je vy\u00fast\u011bn\u00edm Havlovy politiky, je zaj\u00edmav\u00e1 a p\u0159ed lety by m\u011b o n\u00ed mo\u017en\u00e1 ani nenapadlo p\u0159em\u00fd\u0161let. Od jeho fungov\u00e1n\u00ed ve vl\u00e1d\u011b o tom ale p\u0159em\u00fd\u0161l\u00edm st\u00e1le \u010dast\u011bji a nejv\u00edce te\u010f po jeho pozv\u00e1n\u00ed Sorosovy l\u00edhn\u011b havlistick\u00fdch svaz\u00e1k\u016f do Prahy. Ano, podle mne p\u016fdu, na kter\u00e9 vyrostl Babi\u0161, zkyp\u0159il, osel a zalil pr\u00e1v\u011b Havel sv\u00fdm soustavn\u00fdm bojem proti norm\u00e1ln\u00ed politice, svou soustavnou snahou zdiskreditovat demokratickou politiku v&nbsp;o\u010d\u00edch lid\u00ed.<\/p>\n<p><strong>M\u00e1te vy na Babi\u0161e n\u011bjakou osobn\u00ed vzpom\u00ednku? Jak se on ve sv\u00e9 dob\u011b stav\u011bl k V\u00e1clavu Klausovi, kdy\u017e byl premi\u00e9r \u010di prezident?<\/strong><\/p>\n<p>Z&nbsp;doby premi\u00e9rov\u00e1n\u00ed V\u00e1clava Klause ne, ale z&nbsp;doby na Hrad\u011b ano. Dvakr\u00e1t jsem se s&nbsp;Babi\u0161em se\u0161el na jeho \u017e\u00e1dost. V&nbsp;obou p\u0159\u00edpadech na\u0159\u00edkal, \u017ee mu v\u0161ichni h\u00e1zej\u00ed klacky pod nohy, \u017ee si pana prezidenta moc v\u00e1\u017e\u00ed, a cht\u011bl se domoci n\u011bjak\u00e9ho zast\u00e1n\u00ed. Nedomohl.<\/p>\n<p><strong>Pova\u017eujete Babi\u0161e coby podnikatele za n\u011bkoho, kdo si zaslou\u017e\u00ed obdiv? On s\u00e1m neust\u00e1le cituje Tom\u00e1\u0161e Ba\u0165u a zd\u016fraz\u0148uje, kolik firem zachr\u00e1nil, kolik lid\u00ed zam\u011bstn\u00e1v\u00e1, kolik pen\u011bz d\u00e1v\u00e1 na charitu a podobn\u011b. Je byznysmen Babi\u0161 p\u0159\u00edklad pracovit\u00e9ho a \u00fasp\u011b\u0161n\u00e9ho \u010dlov\u011bka, nebo, jak o n\u011bm \u0159ekl Miroslav Kalousek, \u0161izu\u0148k?<\/strong><\/p>\n<p>Bu\u010f Babi\u0161 z\u00e1zra\u010dn\u011b zbohatl d\u00edky \u0161t\u011bst\u00ed a sv\u00fdm schopnostem, pak ale v&nbsp;korektn\u00edch pom\u011brech, nebo ty pom\u011bry, jak s\u00e1m dokola \u0159\u00edk\u00e1, byly nekorektn\u00ed, a pak ani on nezbohatl \u010destn\u011b. M\u011bl by si vybrat. Bu\u010f byla doba, kter\u00e1 mu p\u0159inesla \u00fasp\u011bch, dobou dobrou pro poctiv\u00e9 podnik\u00e1n\u00ed, a pak je i on \u00fasp\u011b\u0161n\u00fd d\u00edky sv\u00fdm schopnostem, nebo to byla doba lump\u00e1ren, ale pak by m\u011bl sv\u00e9 pen\u00edze odevzdat a nechat se dobrovoln\u011b zav\u0159\u00edt. Nem\u016f\u017ee \u0159\u00edkat, \u017ee to byla doba zlod\u011bj\u016f, ale on s\u00e1m jedin\u00fd je and\u011blem v&nbsp;pekle. Osobn\u011b si mysl\u00edm, \u017ee um\u011bl vyu\u017e\u00edt sv\u016fj n\u00e1skok z&nbsp;doby komunismu a osv\u011bd\u010dil i dal\u0161\u00ed podnikatelsk\u00e9 schopnosti. Pokud ale, zvl\u00e1\u0161t\u011b po roce 2000, podnik\u00e1 hlavn\u011b d\u00edky dotac\u00edm a st\u00e1tn\u00edm zak\u00e1zk\u00e1m, je \u00fasp\u011b\u0161n\u00fdm nikoli podnikatelem, ale lobbistou, podnikaj\u00edc\u00edm na \u00fakor da\u0148ov\u00fdch poplatn\u00edk\u016f.<\/p>\n<p><strong>Kolem Andreje Babi\u0161e existuje \u0159ada temn\u00fdch podez\u0159en\u00ed. A\u0165 u\u017e se t\u00fdkaj\u00ed jeho podnikatelsk\u00fdch za\u010d\u00e1tk\u016f a finan\u010dn\u00edch operac\u00ed, d\u00edky kter\u00fdm se stal majitelem Agrofertu, \u010di aktu\u00e1ln\u00edch kauz typu ,,dluhopisy\u201c nebo \u010cap\u00ed hn\u00edzdo. Spekuluje se, \u017ee je\u0161t\u011b do voleb by Babi\u0161 mohl b\u00fdt obvin\u011bn, nicm\u00e9n\u011b ve v\u0161ech pr\u016fzkumech je on i hnut\u00ed ANO na \u0161pi\u010dce. Pro\u010d to jeho voli\u010d\u016fm nevad\u00ed?<\/strong><\/p>\n<p>To u\u017e jsem \u0159\u00edkal. Vad\u00ed. Vad\u00ed, ale jsou ochotni d\u011blat, \u017ee to nevid\u00ed, proto\u017ee uv\u011b\u0159ili, \u017ee bojuje proti je\u0161t\u011b v\u011bt\u0161\u00edm lump\u016fm a \u017ee p\u0159ed t\u011bmi sv\u00e9 voli\u010de ochr\u00e1n\u00ed.<\/p>\n<p><strong>\u0158\u00eddit st\u00e1t jako firmu. Motto, kter\u00e9 Andrej Babi\u0161 raz\u00ed. Jak na to nahl\u00ed\u017e\u00edte? Je dob\u0159e, \u017ee Babi\u0161 raz\u00ed zcela pragmatick\u00e9 pojet\u00ed politiky, bez jak\u00e9hokoliv idealismu? Je to to, co te\u010f \u010cesko pot\u0159ebuje?<\/strong><\/p>\n<p>St\u00e1t nen\u00ed a nesm\u00ed b\u00fdt firmou. St\u00e1t pou\u017e\u00edv\u00e1 moc. Moc je schopnost vynucovat si jist\u00e9 v\u011bci od ob\u010dan\u016f pod hrozbou n\u00e1sil\u00ed. L\u00edb\u00ed se n\u00e1m firma na n\u00e1sil\u00ed? Kdo ji bude kontrolovat? A nav\u00edc: obraz st\u00e1tu jako firmy podsouv\u00e1 lidem le\u017e, \u017ee lze d\u011blat politiku bez obsahu, bez z\u00e1jm\u016f a bez idej\u00ed, jaksi neutr\u00e1ln\u011b a objektivn\u011b dob\u0159e. Ale nic jako \u201eobjektivn\u011b dob\u0159e\u201c ve ve\u0159ejn\u00e9m \u017eivot\u011b neexistuje. To bychom mohli zru\u0161it demokracii a rozhodov\u00e1n\u00ed op\u011bt sv\u011b\u0159it jedn\u00e9 stran\u011b, kter\u00e1 bude m\u00edt na v\u0161echno nestrann\u00e9 experty. Jen\u017ee na ve\u0159ejn\u00e9 v\u011bci m\u016f\u017ee m\u00edt ka\u017ed\u00fd jin\u00fd n\u00e1zor podle sv\u00fdch vlastn\u00edch z\u00e1jm\u016f, proto se o t\u011bch v\u011bcech hlasuje a ne \u017ee o nich rozhoduje expert s&nbsp;patentem na objektivitu.<\/p>\n<p><strong>Okol\u00ed l\u00ed\u010d\u00ed Andreje Babi\u0161e jako ne\u00fanavn\u00e9ho, nekompromisn\u00edho, autoritativn\u00edho, p\u0159irozen\u011b vulg\u00e1rn\u00edho, hektick\u00e9ho workoholika, kter\u00fd se nezdr\u017euje s t\u00edm, co cht\u011bj\u00ed druz\u00ed. Nad\u0159azenost a kontrolu \u00fadajn\u011b d\u00e1v\u00e1 najevo i vlastn\u00edm poslanc\u016fm a \u010dlen\u016fm, kte\u0159\u00ed, dle jejich slov, m\u00edvaj\u00ed probl\u00e9m k Babi\u0161ovi v\u016fbec naj\u00edt n\u011bjak\u00fd komunika\u010dn\u00ed kan\u00e1l. Boj\u00edte se Andreje Babi\u0161e jako osoby? Je v\u00e1m sympatick\u00fd? Jak ho hodnot\u00edte vy? Co o n\u011bm \u0159\u00edk\u00e1 jeho styl projevu, zejm\u00e9na kdy\u017e nad sebou ztrat\u00ed kontrolu?<\/strong><\/p>\n<p>No, j\u00e1 se s&nbsp;n\u00edm nechyst\u00e1m jet na dovolenou, tak\u017ee m\u011b jeho osobn\u00ed vlastnosti nezaj\u00edmaj\u00ed. Zaj\u00edm\u00e1 m\u011b jeho politika, l\u00e9pe \u0159e\u010deno antipolitika. J\u00e1 ho nijak nesoud\u00edm, on jen vyu\u017e\u00edv\u00e1 mo\u017enost\u00ed, kterou mu d\u00e1vaj\u00ed ob\u010dan\u00e9 a voli\u010di. To oni jsou sv\u00e9ho \u0161t\u011bst\u00ed i ne\u0161t\u011bst\u00ed str\u016fjcem.<\/p>\n<p><strong>Co soud\u00edte o Babi\u0161ov\u00fdch zahrani\u010dn\u011bpolitick\u00fdch n\u00e1zorech? Velice tvrd\u011b se verb\u00e1ln\u011b stav\u00ed proti imigraci, verb\u00e1ln\u011b kritizuje EU a n\u011bkolikr\u00e1t, kdy\u017e mluvil s\u00e1m za sebe ,,z voleje\u201c, zpochybnil smysl sankc\u00ed proti Rusku\u2026 Na druhou stranu zde chce \u0161kolu Georga Sorose \u010di spolupracuje ve sv\u00e9m hnut\u00ed s lidmi, kte\u0159\u00ed imigraci h\u00e1j\u00ed&#8230;<\/strong><\/p>\n<p>Ale on p\u0159ece \u017e\u00e1dn\u00e9 politick\u00e9 a tud\u00ed\u017e ani zahrani\u010dn\u011bpolitick\u00e9 n\u00e1zory nem\u00e1. D\u011bl\u00e1 v&nbsp;ka\u017ed\u00e9 chv\u00edli zrovna to, co mu vyhovuje. Jednou si pot\u0159ebuje naklonit jednu s\u00edlu, tak vyhov\u00ed j\u00ed, pak zas jinou s\u00edlu, tak podku\u0159uje zas t\u00e9 jin\u00e9. B\u011b\u017en\u011b tak d\u011bl\u00e1 v\u011bci \u00fapln\u011b protich\u016fdn\u00e9 a vych\u00e1z\u00ed mu to. Jednotliv\u00e9 n\u00e1zorov\u00e9 a z\u00e1jmov\u00e9 skupiny ho poslouchaj\u00ed jen tehdy, kdy\u017e mluv\u00ed zrovna k&nbsp;nim. Kdy\u017e mluv\u00ed k&nbsp;t\u011bm druh\u00fdm, vypnou p\u0159\u00edjem. V&nbsp;tomhle smyslu je to zaj\u00edmav\u00fd \u00fakaz.<\/p>\n<p>Cosi podobn\u00e9ho zkou\u0161eli u\u017e jin\u00ed. H\u00e1jili jednu voli\u010dskou skupinu, bylo jim to m\u00e1lo, za\u010dali nadb\u00edhat druh\u00e9, a ta p\u016fvodn\u00ed se urazila a ode\u0161la. Jako kdy\u017e si chcete p\u0159ihr\u00e1t ramena a za\u010dne v\u00e1m foukat na nohy. Babi\u0161 m\u00e1 tu deku asi natahovac\u00ed. Vol\u00ed ho b\u00fdval\u00ed komunisti i voli\u010di ODS, n\u011bkdej\u0161\u00ed sl\u00e1dkovci i b\u00fdval\u00ed voli\u010di \u010cSSD. A v\u0161ichni se pod tu deku vejdou. No, kdy\u017e si to tak p\u0159edstavuju, nen\u00ed to moc hezk\u00fd obr\u00e1zek, co se pod tou dekou asi d\u011bje. Aby na to jednou nedoplatil\u2026<\/p>\n<p><strong>Co by z hlediska geopolitiky premi\u00e9r Babi\u0161 asi provedl s na\u0161\u00ed zem\u00ed? Zejm\u00e9na v kombinaci s p\u0159\u00edpadn\u011b znovuzvolen\u00fdm prezidentem Milo\u0161em Zemanem? A nen\u00ed determinov\u00e1n sv\u00fdm byznysem v N\u011bmecku a dotacemi z EU?<\/strong><\/p>\n<p>Co provede? P\u0159id\u00e1 se k&nbsp;t\u00e9 s\u00edle, kter\u00e1 bude m\u00edt v&nbsp;evropsk\u00e9m kontextu zrovna v\u011bt\u0161\u00ed s\u00edlu. Podpo\u0159\u00ed ji a ta skupina mu na opl\u00e1tku sv\u011b\u0159\u00ed \u010ceskou republiku na hran\u00ed.<\/p>\n<p><strong>Um\u00ed Andrej Babi\u0161 d\u011blat politiku? Koho si bude podle v\u00e1s po volb\u00e1ch cht\u00edt ,,ocho\u010dit\u201c jako koali\u010dn\u00edho partnera? Lidovce se Starosty, KS\u010cM, Okamuru, nebo ODS? Nebo sklapne Kalouskova past ,,v\u0161ichni proti Babi\u0161ovi\u201c?<\/strong><\/p>\n<p>Nem\u00e1m moc r\u00e1d obrat \u201ed\u011blat politiku\u201c. Politika nen\u00ed odbornost, je to zastupov\u00e1n\u00ed z\u00e1jm\u016f voli\u010d\u016f. Ale pokud t\u00edm obratem rozum\u00edte taktiku, pak neum\u00ed, ale mo\u017en\u00e1 se ji nau\u010d\u00ed. Pro\u010d si mysl\u00edm, \u017ee neum\u00ed? P\u0159edev\u0161\u00edm \u0161patn\u011b vyhodnotil z\u00e1sadn\u00ed okam\u017eik, kdy mohl p\u0159evz\u00edt moc, a prop\u00e1sl ho. N\u011bkdy v&nbsp;listopadu p\u0159edlo\u0148sk\u00e9ho roku si n\u00e1\u0161 ministr vnitra nechal v&nbsp;Bruselu vnutit v\u011bt\u0161inov\u00e9 hlasov\u00e1n\u00ed o rozd\u011blov\u00e1n\u00ed kv\u00f3t pro p\u0159id\u011blov\u00e1n\u00ed Arab\u016f a dal\u0161\u00edch ileg\u00e1ln\u00edch p\u0159ist\u011bhovalc\u016f. Kdyby to tehdy Babi\u0161 na vl\u00e1d\u011b vyhrotil, nemohl prohr\u00e1t. Bu\u010f by si vl\u00e1du ocho\u010dil a ze Sobotky by zbyla figurka bez re\u00e1ln\u00e9 moci, nebo by vl\u00e1du shodil a p\u0159ed\u010dasn\u00e9 volby by byl drtiv\u011b vyhr\u00e1l, proto\u017ee by lid\u00e9 dob\u0159e v\u011bd\u011bli, pro\u010d ty p\u0159ed\u010dasn\u00e9 volby jsou. Podobn\u00fdch chyb, kdy promarnil svou \u0161anci, ud\u011blal v\u00edc, ale to bych mu moc radil. Ale jak \u0159\u00edk\u00e1m, t\u0159eba se to nau\u010d\u00ed rychleji, ne\u017e si mysl\u00edme.<\/p>\n<p><strong>Pokud jde o alianci s Milo\u0161em Zemanem, bude dle v\u00e1s dota\u017eena do konce tak, \u017ee Babi\u0161 pom\u016f\u017ee Zemanovi znovu na Hrad, nebo ho Babi\u0161 m\u016f\u017ee kdykoli podrazit? Co soud\u00edte o jejich vztahu?<\/strong><\/p>\n<p>Takov\u00e1 aliance nevznikne nikdy. Oba jsou hr\u00e1\u010di, kte\u0159\u00ed uzav\u00edraj\u00ed v\u017edy jen moment\u00e1ln\u011b v\u00fdhodn\u00e1 spojenectv\u00ed pro jednu konkr\u00e9tn\u00ed chv\u00edli a pro jednu konkr\u00e9tn\u00ed v\u011bc. Zeman te\u010f Babi\u0161e pot\u0159ebuje. Tak mu podstrojuje. Pokud Zeman vyhodnot\u00ed, \u017ee se bez Babi\u0161ovy podpory obejde, hod\u00ed ho ihned p\u0159es palubu. Nejpozd\u011bji tak u\u010din\u00ed pot\u00e9, a\u017e bude op\u011bt zvolen prezidentem. To se pro n\u011bj naopak v&nbsp;parlamentn\u00edch volb\u00e1ch v\u00edt\u011bzn\u00fd Babi\u0161 stane \u00fahlavn\u00edm konkurentem.<\/p>\n<p><strong>Je Andrej Babi\u0161 budouc\u00edm prezidentem \u010cesk\u00e9 republiky? A co se o n\u011bm podle v\u00e1s budou za 20 let u\u010dit studenti modern\u00edch \u010desk\u00fdch d\u011bjin?<\/strong><\/p>\n<p>Mysl\u00edm, \u017ee Babi\u0161 netou\u017e\u00ed po vn\u011bj\u0161\u00edch atributech moci. Jeho zaj\u00edm\u00e1 konzumace plod\u016f moci. Proto ho v\u00edc zaj\u00edm\u00e1 Strakova akademie ne\u017e Hrad. A studenti za 20 let? To bude z\u00e1le\u017eet, kter\u00e9mu v\u00edt\u011bzi tou dobou bude pat\u0159it pravda, zda Babi\u0161ovi, nebo jeho konkurent\u016fm. Podle toho dostanou studenti noty. Jist\u00fd odstup a objektivitu za 20 let toti\u017e neo\u010dek\u00e1v\u00e1m, to sp\u00ed\u0161 tak za 50. Po\u010dkejte si t\u011bch pades\u00e1t, a pak tenhle rozhovor dokon\u010d\u00edme. &nbsp;<\/p>\n<p><a href=\"http:\/\/www.parlamentnilisty.cz\/arena\/rozhovory\/Babis-mi-rikal-ze-si-Klause-moc-vazi-Havel-mu-umetl-cesticku-Zde-promarnil-prevzeti-moci-A-Zeman-a-pozvani-Sorosovych-svazaku-do-Prahy-Klausuv-spolupracovnik-vypravi-482786\">Zdroj<\/a><\/p>\n","protected":false},"excerpt":{"rendered":"<p>FENOM\u00c9N BABI\u0160- NAD\u011aJE, NEBO HROZBA? \u201eDvakr\u00e1t jsem se s&nbsp;Babi\u0161em se\u0161el na jeho \u017e\u00e1dost. V&nbsp;obou p\u0159\u00edpadech na\u0159\u00edkal, \u017ee mu v\u0161ichni h\u00e1zej\u00ed klacky pod nohy, \u017ee si pana prezidenta moc v\u00e1\u017e\u00ed, a cht\u011bl se domoci n\u011bjak\u00e9ho zast\u00e1n\u00ed. Nedomohl,\u201c \u0159\u00edk\u00e1 o sv\u00e9m osobn\u00edm setk\u00e1n\u00ed s Babi\u0161em Klaus\u016fv b\u00fdval\u00fd tajemn\u00edk Ladislav Jakl. A mnoho dal\u0161\u00edch post\u0159eh\u016f.<\/p>\n","protected":false},"author":1,"featured_media":0,"comment_status":"open","ping_status":"open","sticky":false,"template":"","format":"standard","meta":{"ngg_post_thumbnail":0,"footnotes":""},"categories":[13],"tags":[],"class_list":["post-7715","post","type-post","status-publish","format-standard","hentry","category-rozhovory"],"_links":{"self":[{"href":"https:\/\/www.ladislavjakl.cz\/index.php?rest_route=\/wp\/v2\/posts\/7715","targetHints":{"allow":["GET"]}}],"collection":[{"href":"https:\/\/www.ladislavjakl.cz\/index.php?rest_route=\/wp\/v2\/posts"}],"about":[{"href":"https:\/\/www.ladislavjakl.cz\/index.php?rest_route=\/wp\/v2\/types\/post"}],"author":[{"embeddable":true,"href":"https:\/\/www.ladislavjakl.cz\/index.php?rest_route=\/wp\/v2\/users\/1"}],"replies":[{"embeddable":true,"href":"https:\/\/www.ladislavjakl.cz\/index.php?rest_route=%2Fwp%2Fv2%2Fcomments&post=7715"}],"version-history":[{"count":1,"href":"https:\/\/www.ladislavjakl.cz\/index.php?rest_route=\/wp\/v2\/posts\/7715\/revisions"}],"predecessor-version":[{"id":7716,"href":"https:\/\/www.ladislavjakl.cz\/index.php?rest_route=\/wp\/v2\/posts\/7715\/revisions\/7716"}],"wp:attachment":[{"href":"https:\/\/www.ladislavjakl.cz\/index.php?rest_route=%2Fwp%2Fv2%2Fmedia&parent=7715"}],"wp:term":[{"taxonomy":"category","embeddable":true,"href":"https:\/\/www.ladislavjakl.cz\/index.php?rest_route=%2Fwp%2Fv2%2Fcategories&post=7715"},{"taxonomy":"post_tag","embeddable":true,"href":"https:\/\/www.ladislavjakl.cz\/index.php?rest_route=%2Fwp%2Fv2%2Ftags&post=7715"}],"curies":[{"name":"wp","href":"https:\/\/api.w.org\/{rel}","templated":true}]}}