{"id":7735,"date":"2017-04-27T11:07:46","date_gmt":"2017-04-27T09:07:46","guid":{"rendered":"http:\/\/www.ladislavjakl.cz\/?p=7735"},"modified":"2017-04-27T11:07:46","modified_gmt":"2017-04-27T09:07:46","slug":"nastvany-ladislav-jakl-chlapi-neexistuji-je-to-samy-metrosexual","status":"publish","type":"post","link":"https:\/\/www.ladislavjakl.cz\/?p=7735","title":{"rendered":"Na\u0161tvan\u00fd Ladislav Jakl: \u201eChlapi neexistuj\u00ed, je to sam\u00fd metrosexu\u00e1l\u201c"},"content":{"rendered":"<p>Ladislav Jakl, b\u00fdval\u00fd \u0161\u00e9f politick\u00e9ho odboru n\u011bkdej\u0161\u00edho prezidenta V\u00e1clava Klause, se po\u0159\u00e1dn\u011b rozohnil v kr\u00e1tkometr\u00e1\u017en\u00edm po\u0159adu Apel na platform\u011b DVTV. Z jeho plamenn\u00e9 \u0159e\u010di na t\u00e9ma \u201emu\u017estv\u00ed\u201c doslova p\u0159ech\u00e1zel zrak.<\/p>\n<p><!--more--><\/p>\n<p><b><i>\u201eZ na\u0161\u00ed spole\u010dnosti se vytr\u00e1c\u00ed testosteron,\u201c<\/i><\/b> uvedl b\u00fdval\u00fd poradce prezidenta, toho \u010dasu muzikant. Medi\u00e1ln\u00ed klima a spole\u010dnost pr\u00fd testosteron a mu\u017enost p\u0159\u00edmo vytla\u010duj\u00ed. <b><i>\u201eMo\u017en\u00e1 to souvis\u00ed s oteplov\u00e1n\u00edm,\u201c<\/i><\/b> uv\u00e1d\u00ed Jakl s odkazem na neexistuj\u00edc\u00ed homosexu\u00e1ln\u00ed lobby, kter\u00e9 se ob\u00e1vaj\u00ed v\u0161ichni spr\u00e1vn\u00ed tvr\u010f\u00e1ci v Praze.<\/p>\n<p><b><i>\u201ePod\u00edvejte se na na\u0161e politiky, um\u011blce, herce, zp\u011bv\u00e1ky, sportovce. \u010clov\u011bk aby mezi nimi hledal chlapa snad lupou,\u201c <\/i><\/b>ne\u0161et\u0159\u00ed kritikou. <b><i>\u201eProsazuj\u00ed se bezkonfliktn\u00ed uhlazen\u00ed metrosexu\u00e1lov\u00e9, co ka\u017ed\u00e9mu vyhov\u00ed, na ka\u017ed\u00e9ho se duchapr\u00e1zdn\u011b usm\u011bj\u00ed, ale kdyby m\u011bli bouchnout p\u011bst\u00ed do stolu, nejsp\u00ed\u0161 si ji zlom\u00ed.\u201c <\/i><\/b><\/p>\n<p>Jako negativum dne\u0161n\u00ed spole\u010dnosti vid\u00ed Jakl to, \u017ee preferuje mu\u017ee, kte\u0159\u00ed se nakonec v\u017edy dohodnou. A zcela jist\u011b m\u00e1 svatou pravdu &#8211; v \u010dasech, kdy se spr\u00e1vn\u00e9 politick\u00e9 postoje nez\u0159\u00eddka hledaly pomoc\u00ed sekery \u010di kyje, se jist\u011b \u017eilo o mnoho l\u00e9pe, ne\u017e dnes!<\/p>\n<p>A je tu dal\u0161\u00ed probl\u00e9m! Z mu\u017estv\u00ed je dnes zcela p\u0159\u00edpustn\u00e9, d\u011blat si legraci, a to i ve\u0159ejn\u011b, t\u0159eba v televizi, nedejbo\u017ee p\u0159ed des\u00e1tou hodinou ve\u010dern\u00ed, zat\u00edmco legraci z \u017een, jejich neschopnosti \u0159\u00eddit, \u010d\u00edst v map\u00e1ch a vym\u011bnit \u017e\u00e1rovku, si ned\u011bl\u00e1 v\u016fbec nikdo.<\/p>\n<p>V tak hrozn\u00e9m sv\u011bt\u011b to \u017eijeme. Alespo\u0148 podle Ladislava Jakla.<\/p>\n<p><a href=\"http:\/\/www.expres.cz\/ladislav-jakl-rozhovor-0vd-\/zpravy.aspx?c=A170425_193301_dx-zpravy_beta\">Zdroj<\/a><\/p>\n","protected":false},"excerpt":{"rendered":"<p>Ladislav Jakl, b\u00fdval\u00fd \u0161\u00e9f politick\u00e9ho odboru n\u011bkdej\u0161\u00edho prezidenta V\u00e1clava Klause, se po\u0159\u00e1dn\u011b rozohnil v kr\u00e1tkometr\u00e1\u017en\u00edm po\u0159adu Apel na platform\u011b DVTV. Z jeho plamenn\u00e9 \u0159e\u010di na t\u00e9ma \u201emu\u017estv\u00ed\u201c doslova p\u0159ech\u00e1zel zrak.<\/p>\n","protected":false},"author":1,"featured_media":0,"comment_status":"open","ping_status":"open","sticky":false,"template":"","format":"standard","meta":{"ngg_post_thumbnail":0,"footnotes":""},"categories":[11],"tags":[],"class_list":["post-7735","post","type-post","status-publish","format-standard","hentry","category-ozvena"],"_links":{"self":[{"href":"https:\/\/www.ladislavjakl.cz\/index.php?rest_route=\/wp\/v2\/posts\/7735","targetHints":{"allow":["GET"]}}],"collection":[{"href":"https:\/\/www.ladislavjakl.cz\/index.php?rest_route=\/wp\/v2\/posts"}],"about":[{"href":"https:\/\/www.ladislavjakl.cz\/index.php?rest_route=\/wp\/v2\/types\/post"}],"author":[{"embeddable":true,"href":"https:\/\/www.ladislavjakl.cz\/index.php?rest_route=\/wp\/v2\/users\/1"}],"replies":[{"embeddable":true,"href":"https:\/\/www.ladislavjakl.cz\/index.php?rest_route=%2Fwp%2Fv2%2Fcomments&post=7735"}],"version-history":[{"count":1,"href":"https:\/\/www.ladislavjakl.cz\/index.php?rest_route=\/wp\/v2\/posts\/7735\/revisions"}],"predecessor-version":[{"id":7738,"href":"https:\/\/www.ladislavjakl.cz\/index.php?rest_route=\/wp\/v2\/posts\/7735\/revisions\/7738"}],"wp:attachment":[{"href":"https:\/\/www.ladislavjakl.cz\/index.php?rest_route=%2Fwp%2Fv2%2Fmedia&parent=7735"}],"wp:term":[{"taxonomy":"category","embeddable":true,"href":"https:\/\/www.ladislavjakl.cz\/index.php?rest_route=%2Fwp%2Fv2%2Fcategories&post=7735"},{"taxonomy":"post_tag","embeddable":true,"href":"https:\/\/www.ladislavjakl.cz\/index.php?rest_route=%2Fwp%2Fv2%2Ftags&post=7735"}],"curies":[{"name":"wp","href":"https:\/\/api.w.org\/{rel}","templated":true}]}}