{"id":774,"date":"2011-02-09T09:20:29","date_gmt":"2011-02-09T08:20:29","guid":{"rendered":"http:\/\/www.ladislavjakl.cz\/?p=774"},"modified":"2011-02-11T10:35:14","modified_gmt":"2011-02-11T09:35:14","slug":"rozhovor","status":"publish","type":"post","link":"https:\/\/www.ladislavjakl.cz\/?p=774","title":{"rendered":"Rozhovor"},"content":{"rendered":"<p>Rozhovor L.J. pro projekt &#8222;\u017divot je hled\u00e1n\u00ed&#8220; gymn\u00e1zia Tanvald.<\/p>\n<p><!--more--><\/p>\n<p><strong>1) Pro\u010d podle V\u00e1s existuj\u00ed poruchy p\u0159\u00edjmu potravy (anorexie, bulimie aj.)? Mysl\u00edte, \u017ee na tomto probl\u00e9mu maj\u00ed sv\u016fj pod\u00edl m\u00e9dia a jejich \u201eide\u00e1l kr\u00e1sy\u201c?<\/strong><\/p>\n<p><strong> <\/strong><\/p>\n<p>Sv\u016fj pod\u00edl m\u00e9dia asi maj\u00ed. Patrn\u00e9 je to zejm\u00e9na od dob masov\u011b \u0161\u00ed\u0159en\u00e9 um\u011bleck\u00e9 fotografie nah\u00fdch \u017een. Pr\u00e1ce se sv\u011btlem na nich opticky p\u0159id\u00e1vala ka\u017ed\u00e9 \u017een\u011b kilogramy. Proto modelky za\u010daly drasticky hubnout a vznikl postupn\u011b hodn\u011b posunut\u00fd ide\u00e1l kr\u00e1sy, proto\u017ee ony vyhubl\u00e9 modelky byly vid\u011bt i v\u00a0ob\u010dansk\u00e9m \u017eivot\u011b. Takto vznikl fenom\u00e9n Twiggy, trvaj\u00edc\u00ed dodnes. Sv\u00e9 ale sehr\u00e1la i fanatick\u00e1 kampa\u0148 za \u00fadajn\u011b zdravou v\u00fd\u017eivu a \u00fadajn\u011b zdrav\u00fd \u017eivotn\u00ed styl. Kdo si chce u\u017e\u00edvat posv\u00e9m, je ve\u0159ejn\u011b t\u00e9m\u011b\u0159 zneuct\u011bn.<\/p>\n<p><strong>2) Pro\u010d podle V\u00e1s lid\u00e9 odm\u00edtaj\u00ed p\u0159isp\u00edvat na charitu?<\/strong><\/p>\n<p><strong> <\/strong><\/p>\n<p>Ur\u010dit\u011b v\u011bt\u0161inou neodm\u00edtaj\u00ed. A pokud se takov\u00ed najdou, jsou bu\u010f prost\u011b lakom\u00ed, nebo zpracovan\u00ed propagandou, podle kter\u00e9 se o pot\u0159ebn\u00e9 m\u00e1 starat st\u00e1t.<\/p>\n<p><strong>3) Jak\u00fd je V\u00e1\u0161 n\u00e1zor na prostituci? <\/strong><\/p>\n<p><strong> <\/strong><\/p>\n<p>Negativn\u00ed. A u\u017e v\u016fbec jsem proti pokus\u016fm ji legalizovat pod z\u00e1minkou lep\u0161\u00ed kontroly \u010di mo\u017enosti zdan\u011bn\u00ed. St\u00e1t nesm\u00ed b\u00fdt pas\u00e1kem.<\/p>\n<p><strong> <\/strong><\/p>\n<p><strong> <\/strong><\/p>\n<p><strong>4) Mysl\u00edte si, \u017ee by do v\u00e1le\u010dn\u00fdch konflikt\u016f mezi zem\u011bmi m\u011bly zasahovat jin\u00e9 st\u00e1ty? Pos\u00edlat sv\u00e9 voj\u00e1ky a jinou pomoc?<\/strong><\/p>\n<p>K\u00a0vojensk\u00e9mu zasahov\u00e1n\u00ed jsou mnohdy st\u00e1ty smluvn\u011b v\u00e1z\u00e1ny. Kv\u016fli takov\u00fdmto smlouv\u00e1m proti sob\u011b bojovaly miliony lid\u00ed v\u00a0prvn\u00ed sv\u011btov\u00e9 v\u00e1lce, kter\u00e1 definitivn\u011b zm\u011bnila sv\u011bt k\u00a0hor\u0161\u00edmu. Ne\u0159\u00edk\u00e1m, \u017ee nemohou nastat v\u00fdjime\u010dn\u00e9 situace, volaj\u00edc\u00ed po vojensk\u00e9m z\u00e1sahu ze zahrani\u010d\u00ed, p\u0159\u00edli\u0161 ochotn\u00e9 zasahov\u00e1n\u00ed arm\u00e1d do konflikt\u016f v\u00a0cizin\u011b je ale podez\u0159el\u00e9 a tak\u00e9 v\u011bt\u0161inou neproduktivn\u00ed.<\/p>\n<p><strong>5) Mysl\u00edte si, \u017ee si v\u0161ichni bezdomovci za sv\u016fj stav m\u016f\u017eou sami?<\/strong><\/p>\n<p>Mysl\u00edm, \u017ee vliv vlastn\u00edho \u201ezavin\u011bn\u00ed\u201c a vliv jin\u00fdch faktor\u016f je u ka\u017ed\u00e9ho bezdomovce v\u00a0jin\u00e9m pom\u011bru. P\u0159\u00edtomny jsou ale v\u017edy vlivy oba.<\/p>\n<p><strong>6) Co si mysl\u00edte o v\u00fd\u0161i trestu za zn\u00e1siln\u011bn\u00ed v\u00a0\u010cR?<\/strong><\/p>\n<p><strong> <\/strong><\/p>\n<p>\u017de je p\u0159im\u011b\u0159en\u00fd.<\/p>\n<p><strong>7) \u00a0Maj\u00ed podle V\u00e1s kurzy sebeobrany u n\u00e1s pat\u0159i\u010dn\u00e9 uplatn\u011bn\u00ed?<\/strong><\/p>\n<p>Nem\u00e1m tu\u0161en\u00ed.<\/p>\n<p><strong>8 ) \u00a0Mohou pomoci potenci\u00e1ln\u00edm ob\u011btem?<\/strong><\/p>\n<p>Mo\u017en\u00e1.<\/p>\n<p><strong>9) \u00a0Pro\u010d si mysl\u00edte, \u017ee vznik\u00e1 dom\u00e1c\u00ed n\u00e1sil\u00ed?<\/strong><\/p>\n<p>Proto\u017ee dom\u00e1cnost je m\u00edsto koncentrovan\u00fdch emoc\u00ed. N\u011bkdy kladn\u00fdch, n\u011bkdy z\u00e1porn\u00fdch.<\/p>\n<p><strong>10) Co si mysl\u00edte o \u017een\u00e1ch, kter\u00e9 po porodu sv\u00e9 d\u00edt\u011b rad\u011bji n\u011bkde pohod\u00ed nebo usmrt\u00ed, ne\u017e aby ho daly k\u00a0adopci nebo do babyboxu? Co je k\u00a0tomu podle V\u00e1s vede?<\/strong><\/p>\n<p><strong> <\/strong><\/p>\n<p>Nejsem ochoten spekulovat o motivech takto zl\u00fdch \u010din\u016f a t\u00edm p\u0159isp\u00edvat k\u00a0jejich relativizaci. Jsem i proti babybox\u016fm, d\u00edt\u011b nen\u00ed v\u011bc. Rodi\u010de se musej\u00ed postarat.<\/p>\n<p><strong>11) Je podle V\u00e1s spr\u00e1vn\u00e9, \u017ee u n\u00e1s maj\u00ed \u017eeny mo\u017enost podstoupit interrupci?<\/strong><\/p>\n<p>Ne.<\/p>\n<p><strong>12) \u00a0Povolili byste eutan\u00e1zii?<\/strong><\/p>\n<p>Ne.<\/p>\n<p><strong>13) \u00a0Zd\u016fvodn\u011bte sv\u016fj n\u00e1zor.<\/strong><\/p>\n<p>Zd\u016fvod\u0148ovat maj\u00ed ti, co si mysl\u00ed, \u017ee existuje dobr\u00fd d\u016fvod pro zabit\u00ed \u010dlov\u011bka.<\/p>\n<p><strong>14) Darovali byste krev? (Pokud ne \u2013 pro\u010d?)<\/strong><\/p>\n<p><strong> <\/strong><\/p>\n<p>Jen pokud by m\u011b n\u011bkdo po\u017e\u00e1dal. D\u00e1rci by m\u011bli b\u00fdt mlad\u0161\u00ed a zdrav\u011bj\u0161\u00ed.<\/p>\n<p><strong> <\/strong><\/p>\n<p><strong>15) \u00a0Mysl\u00edte si, \u017ee by po smrti m\u011bly b\u00fdt org\u00e1ny d\u00e1ny k\u00a0transplantaci automaticky?<\/strong><\/p>\n<p><strong> <\/strong><\/p>\n<p>Nikdy. \u010clov\u011bk pat\u0159\u00ed jen s\u00e1m sob\u011b.<\/p>\n<p><strong>16) A nakonec n\u011bco veselej\u0161\u00edho. Jak\u00e1 je va\u0161e nejobl\u00edben\u011bj\u0161\u00ed poh\u00e1dka nebo postava? A pro\u010d?<\/strong><\/p>\n<p>Sedm krkavc\u016f. I v\u00a0\u017eivot\u011b \u010dlov\u011bk mus\u00ed d\u011blat v\u011bci, o jejich\u017e spr\u00e1vnosti je p\u0159esv\u011bd\u010den, i kdy\u017e se mu zrovna nedost\u00e1v\u00e1 pochopen\u00ed.<\/p>\n","protected":false},"excerpt":{"rendered":"<p>Rozhovor L.J. pro projekt &#8222;\u017divot je hled\u00e1n\u00ed&#8220; gymn\u00e1zia Tanvald.<\/p>\n","protected":false},"author":1,"featured_media":0,"comment_status":"open","ping_status":"open","sticky":false,"template":"","format":"standard","meta":{"ngg_post_thumbnail":0,"footnotes":""},"categories":[13],"tags":[],"class_list":["post-774","post","type-post","status-publish","format-standard","hentry","category-rozhovory"],"_links":{"self":[{"href":"https:\/\/www.ladislavjakl.cz\/index.php?rest_route=\/wp\/v2\/posts\/774","targetHints":{"allow":["GET"]}}],"collection":[{"href":"https:\/\/www.ladislavjakl.cz\/index.php?rest_route=\/wp\/v2\/posts"}],"about":[{"href":"https:\/\/www.ladislavjakl.cz\/index.php?rest_route=\/wp\/v2\/types\/post"}],"author":[{"embeddable":true,"href":"https:\/\/www.ladislavjakl.cz\/index.php?rest_route=\/wp\/v2\/users\/1"}],"replies":[{"embeddable":true,"href":"https:\/\/www.ladislavjakl.cz\/index.php?rest_route=%2Fwp%2Fv2%2Fcomments&post=774"}],"version-history":[{"count":4,"href":"https:\/\/www.ladislavjakl.cz\/index.php?rest_route=\/wp\/v2\/posts\/774\/revisions"}],"predecessor-version":[{"id":800,"href":"https:\/\/www.ladislavjakl.cz\/index.php?rest_route=\/wp\/v2\/posts\/774\/revisions\/800"}],"wp:attachment":[{"href":"https:\/\/www.ladislavjakl.cz\/index.php?rest_route=%2Fwp%2Fv2%2Fmedia&parent=774"}],"wp:term":[{"taxonomy":"category","embeddable":true,"href":"https:\/\/www.ladislavjakl.cz\/index.php?rest_route=%2Fwp%2Fv2%2Fcategories&post=774"},{"taxonomy":"post_tag","embeddable":true,"href":"https:\/\/www.ladislavjakl.cz\/index.php?rest_route=%2Fwp%2Fv2%2Ftags&post=774"}],"curies":[{"name":"wp","href":"https:\/\/api.w.org\/{rel}","templated":true}]}}