{"id":7749,"date":"2017-05-10T10:55:14","date_gmt":"2017-05-10T08:55:14","guid":{"rendered":"http:\/\/www.ladislavjakl.cz\/?p=7749"},"modified":"2017-05-10T10:55:14","modified_gmt":"2017-05-10T08:55:14","slug":"klausuv-jakl-se-zastal-babise-odmitam-tyto-praktiky","status":"publish","type":"post","link":"https:\/\/www.ladislavjakl.cz\/?p=7749","title":{"rendered":"Klaus\u016fv Jakl se zastal Babi\u0161e: Odm\u00edt\u00e1m tyto praktiky"},"content":{"rendered":"<p><strong>B\u00fdval\u00fd tajemn\u00edk prezidenta \u010cR V\u00e1clava Klause Ladislav Jakl se v rozhovoru pro XTV vyj\u00e1d\u0159il k sou\u010dasn\u00e9 vl\u00e1dn\u00ed krizi. Prezident Milo\u0161 Zeman je nyn\u00ed podle n\u011bj zahnan\u00fd do kouta.<\/strong><\/p>\n<p><!--more--><\/p>\n<p>Spor premi\u00e9ra Bohuslava Sobotky a hlavy st\u00e1tu ozna\u010dil Jakl za norm\u00e1ln\u00ed politiku. Podle n\u011bj d\u011blaj\u00ed oba taktick\u00e9 politick\u00e9 tahy. \u201eJen na to n\u011bkte\u0159\u00ed lid\u00e9 nejsou zvykl\u00ed,\u201c podotkl. Vl\u00e1dn\u00ed strany se dle jeho n\u00e1zoru jen cht\u011bj\u00ed v\u016f\u010di sob\u011b p\u0159ed volbami vymezit a uk\u00e1zat tak voli\u010d\u016fm, \u017ee nejsou na jedn\u00e9 lodi. \u201eA to je probl\u00e9m, kdy\u017e spolu vl\u00e1dnou,\u201c \u0159ekl.<\/p>\n<p>\u201eKrok s ohl\u00e1\u0161enou demis\u00ed byl prvn\u00ed zaj\u00edmavou v\u011bc\u00ed, kterou Bohuslav Sobotka ud\u011blal. Najednou byly rozestav\u011bn\u00e9 figurky na \u0161achovnici jinak,\u201c sd\u011blil Jakl k demisi, kterou podal Sobotka v \u00fater\u00fd. \u201ePartnerstv\u00ed s Andrejem Babi\u0161em ho velmi zat\u011b\u017eovalo a za\u010dalo mu \u0161kodit,\u201c dodal k tomu Jakl. Po fra\u0161ce na Hrad\u011b se v\u0161ak Sobotka rozhodl v p\u00e1tek o sta\u017een\u00ed demise a podal pr\u00e1v\u011b jen n\u00e1vrh na odvol\u00e1n\u00ed sv\u00e9ho koali\u010dn\u00edho partnera.<\/p>\n<p>A pr\u00e1v\u011b proto, \u017ee prezidentovy kroky nebyly podle Jakla taktick\u00e9, vytvo\u0159il novou situaci, z\u00fa\u017eil si man\u00e9vrovac\u00ed prostor a je nyn\u00ed v kout\u011b. Sobotka toti\u017e na situaci, kdy \u0161el na Hrad pouze ohledn\u011b politick\u00e9 konzultace a Zeman p\u0159ipravil s\u00e1l jako pro pod\u00e1n\u00ed demise, reagoval spr\u00e1vn\u011b, m\u00edn\u00ed Jakl. \u201eNen\u00ed pravda, \u017ee by Sobotka oto\u010dil, jen zareagoval na zm\u011bn\u011bnou situaci. T\u00edm Zemana vystavil do situace, kter\u00e9 se on mohl vyhnout, neb\u00fdt uchv\u00e1cenosti sebou sam\u00fdm. A nyn\u00ed je prezident republiky v kout\u011b,\u201c \u0159ekl jasn\u011b Jakl.<\/p>\n<p>\u201eZeman\u016fv odchod ze s\u00e1lu byl nerozumn\u00fd politick\u00fd krok, kter\u00e9ho by se V\u00e1clav Klaus nikdy nedopustil,\u201c dodal. A pokud Zeman nyn\u00ed bude problematizovat odvol\u00e1n\u00ed ministra financ\u00ed Andreje Babi\u0161e, je\u017e Sobotka po\u017eaduje, t\u00edm za n\u011bj p\u0159eb\u00edr\u00e1 zodpov\u011bdnost. Vl\u00e1da v\u0161ak podle n\u011bj do konce nedovl\u00e1dne, dovl\u00e1dne jen jej\u00ed deriv\u00e1t.<\/p>\n<p><em><strong>Rozhovor najdete <a href=\"http:\/\/xtv.cz\/archiv\/milos-zeman-je-ted-zahnany-v-koute-rika-byvaly-tajemnik-prezidenta-ladislav-jakl\" target=\"_blank\" rel=\"noopener noreferrer\">ZDE<\/a>.&nbsp;<\/strong><\/em><\/p>\n<p>Z\u00e1v\u011brem se pak tak\u00e9 Jakl vyj\u00e1d\u0159il k nahr\u00e1vk\u00e1m, kter\u00e9 se objevily v souvislosti s Babi\u0161em. \u201eTyto metody si pou\u0161t\u011bt do \u017eivota je nespr\u00e1vn\u00e9,\u201c \u0159ekl Jakl, jen\u017e p\u0159itom pova\u017euje Babi\u0161e za velk\u00e9 zlo \u010desk\u00e9 politiky. Nahr\u00e1vky v\u0161ak odsuzuje. \u201eJestli z principu tyto metody odsuzuji, mus\u00edm je odsoudit i u n\u011bj. Nezaslou\u017e\u00ed si je nikdo. Odm\u00edtn\u011bme tyto praktiky,\u201c dodal jasn\u011b. A podotkl tak\u00e9, \u017ee nikdy nepochyboval o tom, \u017ee Babi\u0161 m\u00e9dia zneu\u017e\u00edv\u00e1 k politick\u00e9mu boji.&nbsp;<\/p>\n<p><a href=\"http:\/\/www.parlamentnilisty.cz\/arena\/monitor\/Klausuv-Jakl-se-zastal-Babise-Odmitam-tyto-praktiky-486854\">Zdroj<\/a><\/p>\n","protected":false},"excerpt":{"rendered":"<p>B\u00fdval\u00fd tajemn\u00edk prezidenta \u010cR V\u00e1clava Klause Ladislav Jakl se v rozhovoru pro XTV vyj\u00e1d\u0159il k sou\u010dasn\u00e9 vl\u00e1dn\u00ed krizi. Prezident Milo\u0161 Zeman je nyn\u00ed podle n\u011bj zahnan\u00fd do kouta.<\/p>\n","protected":false},"author":1,"featured_media":0,"comment_status":"open","ping_status":"open","sticky":false,"template":"","format":"standard","meta":{"ngg_post_thumbnail":0,"footnotes":""},"categories":[11],"tags":[],"class_list":["post-7749","post","type-post","status-publish","format-standard","hentry","category-ozvena"],"_links":{"self":[{"href":"https:\/\/www.ladislavjakl.cz\/index.php?rest_route=\/wp\/v2\/posts\/7749","targetHints":{"allow":["GET"]}}],"collection":[{"href":"https:\/\/www.ladislavjakl.cz\/index.php?rest_route=\/wp\/v2\/posts"}],"about":[{"href":"https:\/\/www.ladislavjakl.cz\/index.php?rest_route=\/wp\/v2\/types\/post"}],"author":[{"embeddable":true,"href":"https:\/\/www.ladislavjakl.cz\/index.php?rest_route=\/wp\/v2\/users\/1"}],"replies":[{"embeddable":true,"href":"https:\/\/www.ladislavjakl.cz\/index.php?rest_route=%2Fwp%2Fv2%2Fcomments&post=7749"}],"version-history":[{"count":1,"href":"https:\/\/www.ladislavjakl.cz\/index.php?rest_route=\/wp\/v2\/posts\/7749\/revisions"}],"predecessor-version":[{"id":7750,"href":"https:\/\/www.ladislavjakl.cz\/index.php?rest_route=\/wp\/v2\/posts\/7749\/revisions\/7750"}],"wp:attachment":[{"href":"https:\/\/www.ladislavjakl.cz\/index.php?rest_route=%2Fwp%2Fv2%2Fmedia&parent=7749"}],"wp:term":[{"taxonomy":"category","embeddable":true,"href":"https:\/\/www.ladislavjakl.cz\/index.php?rest_route=%2Fwp%2Fv2%2Fcategories&post=7749"},{"taxonomy":"post_tag","embeddable":true,"href":"https:\/\/www.ladislavjakl.cz\/index.php?rest_route=%2Fwp%2Fv2%2Ftags&post=7749"}],"curies":[{"name":"wp","href":"https:\/\/api.w.org\/{rel}","templated":true}]}}