{"id":7751,"date":"2017-05-12T09:54:12","date_gmt":"2017-05-12T07:54:12","guid":{"rendered":"http:\/\/www.ladislavjakl.cz\/?p=7751"},"modified":"2017-05-12T09:54:12","modified_gmt":"2017-05-12T07:54:12","slug":"sobotka-prisel-s-necim-zajimavym-premierovi-se-dostava-podpory-z-necekane-strany","status":"publish","type":"post","link":"https:\/\/www.ladislavjakl.cz\/?p=7751","title":{"rendered":"Sobotka p\u0159i\u0161el s n\u011b\u010d\u00edm zaj\u00edmav\u00fdm. Premi\u00e9rovi se dost\u00e1v\u00e1 podpory z ne\u010dekan\u00e9 strany"},"content":{"rendered":"<p><strong>B\u00fdval\u00fd tajemn\u00edk exprezidenta Klause Ladislav Jakl se v rozhovoru s Lubo\u0161em Xaverem Vesel\u00fdm vyj\u00e1d\u0159il k sou\u010dasn\u00e9 vl\u00e1dn\u00ed krizi. Nazna\u010dil, co v\u0161echno z\u0159ejm\u011b rozva\u017eoval premi\u00e9r Bohuslav Sobotka (\u010cSSD).<\/strong><\/p>\n<p><!--more--><\/p>\n<p>Sou\u010dasn\u00e1 vl\u00e1dn\u00ed krize je jen jednou z kapitol p\u0159edvolebn\u00edho boje, kter\u00fd vyvrchol\u00ed 20. a 21. \u0159\u00edjna volbami do Poslaneck\u00e9 sn\u011bmovny. V\u0161em p\u0159ece muselo b\u00fdt jasn\u00e9, \u017ee se koali\u010dn\u00ed partne\u0159i jednoho dne rozh\u00e1daj\u00ed. O\u010dek\u00e1van\u00fd st\u0159et se bl\u00ed\u017eil o to rychleji, o co bylo jasn\u011bj\u0161\u00ed, \u017ee soci\u00e1ln\u00ed demokrat\u00e9 plat\u00ed za dosavadn\u00ed partnerstv\u00ed s Andrejem Babi\u0161em st\u00e1le vy\u0161\u0161\u00ed cenu. Jednoho dne si zkr\u00e1tka Sobotka spo\u010d\u00edtal, \u017ee plat\u00ed u\u017e p\u0159\u00edli\u0161 mnoho a za\u010dal jednat.&nbsp;<\/p>\n<p>\u201eVezm\u011bte si, jak\u00e9 m\u011bl jin\u00e9 mo\u017enosti. On jich zas tak moc nem\u011bl. Vezm\u011bte si, \u017ee to partnerstv\u00ed s Andrejem Babi\u0161em ho velmi zat\u011b\u017eovalo a v o\u010d\u00edch ve\u0159ejnosti mu to za\u010dalo \u0161kodit a \u0161kodilo to u\u017e tolik, \u017ee to p\u0159ev\u00e1\u017eilo n\u011bjak\u00fd profit, kter\u00fd z toho partnerstv\u00ed byl,&#8220; za\u010dal Jakl v internetov\u00e9 televizi XTV.cz<\/p>\n<p>\u010cSSD se proto rozhodla Andreje Babi\u0161e st\u00e1le hlasit\u011bji kritizovat. Kritika sama o sob\u011b v\u0161ak nesta\u010d\u00ed, voli\u010di by si p\u0159ece mohli \u0159\u00edct, \u017ee \u010cSSD sice Babi\u0161e kritizuje, ale klidn\u011b s n\u00edm d\u00e1l vl\u00e1dne. Sobotka tak mohl navrhnout Babi\u0161ovo odvol\u00e1n\u00ed z vl\u00e1dy. Jen\u017ee kdyby to Sobotka ud\u011blal, \u010delil by podle Jakla p\u0159\u00edli\u0161 mnoha nezn\u00e1m\u00fdm. V\u011bd\u011bl, \u017ee se Babi\u0161 ozna\u010d\u00ed za mu\u010dedn\u00edka a bude \u0159\u00edkat, \u017ee state\u010dn\u011b bojuje proti syst\u00e9mu tradi\u010dn\u00edch politick\u00fdch stran, kter\u00e9 se ho cht\u011bj\u00ed zbavit. Nev\u011bd\u011bl ov\u0161em, jak se zachov\u00e1 prezident Zeman. Odvolal by Babi\u0161e z vl\u00e1dy, nebo by odvol\u00e1n\u00ed protahoval tak\u0159ka a\u017e do voleb? T\u00edm si Sobotka nemohl b\u00fdt jist. Proto se rozhodl pro jin\u00fd tah, pro odchod cel\u00e9 vl\u00e1dy. Jakl to ozna\u010dil za chytr\u00fd krok.&nbsp;<\/p>\n<p>V tu chv\u00edli p\u0159i\u0161el premi\u00e9r Sobotka mo\u017en\u00e1 s prvn\u00edm zaj\u00edmav\u00fdm a takticky spr\u00e1vn\u00fdm krokem. \u201eCokoli, co d\u011blal do t\u00e9 doby, se mi zd\u00e1lo, \u017ee ud\u011blal ve \u0161patnou chv\u00edli a blb\u00fdm zp\u016fsobem,\u201c posteskl si Jakl, D\u00edky tomu, \u017ee Sobotka ohl\u00e1sil demisi, byly figurky na \u0161achovnici postaveny jinak. M\u011blo to jednu nev\u00fdhodu. Nemohl to nikomu \u0159\u00edct. A to dokonce ani sv\u00fdm partner\u016fm, proto\u017ee to ozn\u00e1men\u00ed u\u017e by bylo n\u011bjak\u00fdm tahem na \u0161achovnici. &#8230; On t\u00edm z\u00edskal to, \u017ee se n\u011bjak vymezili jeho partne\u0159i,\u201c podotkl Jakl.<\/p>\n<p><a href=\"http:\/\/xtv.cz\/novinky\/spor-sobotka-babis-je-normalni-politika-rika-ladislav-jakl\" target=\"_blank\" rel=\"noopener noreferrer\">Cel\u00e9 vyj\u00e1d\u0159en\u00ed naleznete zde<\/a><\/p>\n<p>Sobotka si otestoval, co ud\u011bl\u00e1 prezident, zda se Milo\u0161 Zeman postav\u00ed za Andreje Babi\u0161e. A t\u00edm, co Milo\u0161 Zeman p\u0159edvedl p\u0159i setk\u00e1n\u00ed se Sobotkou na Hrad\u011b, se podle Jakla nezachoval nejl\u00e9pe, ur\u010dit\u011b ne z taktick\u00e9ho hlediska. Zeman\u016fv odchod ze s\u00e1lu byl podle Jakla nerozumn\u00fd krok, kter\u00e9ho by se V\u00e1clav Klaus jako prezident nedopustil.<\/p>\n<p><a href=\"http:\/\/www.parlamentnilisty.cz\/arena\/monitor\/Sobotka-prisel-s-necim-zajimavym-Premierovi-se-dostava-podpory-z-necekane-strany-486702\">Zdroj<\/a><\/p>\n","protected":false},"excerpt":{"rendered":"<p>B\u00fdval\u00fd tajemn\u00edk exprezidenta Klause Ladislav Jakl se v rozhovoru s Lubo\u0161em Xaverem Vesel\u00fdm vyj\u00e1d\u0159il k sou\u010dasn\u00e9 vl\u00e1dn\u00ed krizi. Nazna\u010dil, co v\u0161echno z\u0159ejm\u011b rozva\u017eoval premi\u00e9r Bohuslav Sobotka (\u010cSSD).<\/p>\n","protected":false},"author":1,"featured_media":0,"comment_status":"open","ping_status":"open","sticky":false,"template":"","format":"standard","meta":{"ngg_post_thumbnail":0,"footnotes":""},"categories":[11],"tags":[],"class_list":["post-7751","post","type-post","status-publish","format-standard","hentry","category-ozvena"],"_links":{"self":[{"href":"https:\/\/www.ladislavjakl.cz\/index.php?rest_route=\/wp\/v2\/posts\/7751","targetHints":{"allow":["GET"]}}],"collection":[{"href":"https:\/\/www.ladislavjakl.cz\/index.php?rest_route=\/wp\/v2\/posts"}],"about":[{"href":"https:\/\/www.ladislavjakl.cz\/index.php?rest_route=\/wp\/v2\/types\/post"}],"author":[{"embeddable":true,"href":"https:\/\/www.ladislavjakl.cz\/index.php?rest_route=\/wp\/v2\/users\/1"}],"replies":[{"embeddable":true,"href":"https:\/\/www.ladislavjakl.cz\/index.php?rest_route=%2Fwp%2Fv2%2Fcomments&post=7751"}],"version-history":[{"count":1,"href":"https:\/\/www.ladislavjakl.cz\/index.php?rest_route=\/wp\/v2\/posts\/7751\/revisions"}],"predecessor-version":[{"id":7752,"href":"https:\/\/www.ladislavjakl.cz\/index.php?rest_route=\/wp\/v2\/posts\/7751\/revisions\/7752"}],"wp:attachment":[{"href":"https:\/\/www.ladislavjakl.cz\/index.php?rest_route=%2Fwp%2Fv2%2Fmedia&parent=7751"}],"wp:term":[{"taxonomy":"category","embeddable":true,"href":"https:\/\/www.ladislavjakl.cz\/index.php?rest_route=%2Fwp%2Fv2%2Fcategories&post=7751"},{"taxonomy":"post_tag","embeddable":true,"href":"https:\/\/www.ladislavjakl.cz\/index.php?rest_route=%2Fwp%2Fv2%2Ftags&post=7751"}],"curies":[{"name":"wp","href":"https:\/\/api.w.org\/{rel}","templated":true}]}}