{"id":7763,"date":"2017-05-15T15:37:09","date_gmt":"2017-05-15T13:37:09","guid":{"rendered":"http:\/\/www.ladislavjakl.cz\/?p=7763"},"modified":"2017-05-15T15:37:09","modified_gmt":"2017-05-15T13:37:09","slug":"luxusni-blaboleni-jedne-neprechylene-aktivistky","status":"publish","type":"post","link":"https:\/\/www.ladislavjakl.cz\/?p=7763","title":{"rendered":"Luxusn\u00ed bl\u00e1bolen\u00ed jedn\u00e9 nep\u0159ech\u00fdlen\u00e9 aktivistky"},"content":{"rendered":"<p>NULOV\u00c9 \u0160ANCE NORM\u00c1LN\u00cdHO MU\u017dE Jakl s Hamplem zalo\u017eili odpov\u011b\u010f na zhoubnou genderovou ideologii \u2013 hnut\u00ed maskulinist\u016f.<\/p>\n<p><!--more--><\/p>\n<p>Rudolf Chlad a&nbsp;Jan Kopi\u010dka jsou znepokojen\u00ed sou\u010dasnou situac\u00ed a&nbsp;necht\u011bli si to nechat pro sebe. B\u00fdval\u00fd politik (jednu dobu poslanec TOP09) z&nbsp;Karlov\u00fdch Var\u016f a&nbsp;chebsk\u00fd podnikatel, nyn\u00ed oba na penzi, tak vyrazili minul\u00fd t\u00fdden ventilovat svoje obavy do Prahy na dva semin\u00e1\u0159e do Poslaneck\u00e9 sn\u011bmovny: jeden o&nbsp;rizic\u00edch migrace a&nbsp;dal\u0161\u00ed o&nbsp;\u201enejutla\u010dovan\u011bj\u0161\u00ed a&nbsp;nejzanedb\u00e1van\u011bj\u0161\u00ed men\u0161in\u011b dne\u0161ka&nbsp;\u2013 b\u00edl\u00e9m, heterosexu\u00e1ln\u00edm, pracuj\u00edc\u00edm mu\u017ei\u201c.<\/p>\n<p>Semin\u00e1\u0159 nazvan\u00fd \u0160ance norm\u00e1ln\u00edho mu\u017ee ve v\u011bku politick\u00e9 korektnosti uspo\u0159\u00e1dal spolupracovn\u00edk V\u00e1clava Klause Ladislav Jakl spole\u010dn\u011b se sociologem Petrem Hamplem a&nbsp;n\u011bkdej\u0161\u00edm m\u00edstop\u0159edsedou hnut\u00ed \u00dasvit Jaroslavem Nov\u00e1kem. P\u011btihodinovou debatu v&nbsp;jedn\u00e9 z&nbsp;kav\u00e1ren Poslaneck\u00e9 sn\u011bmovny zakon\u010dili symbolick\u00fdm zalo\u017een\u00edm my\u0161lenkov\u00e9ho sm\u011bru, kter\u00fd Jakl nazval \u201emaskulinismem\u201c a&nbsp;kter\u00fd m\u00e1 br\u00e1nit z\u00e1jmy mu\u017e\u016f b\u00edl\u00e9 rasy, kte\u0159\u00ed jsou heterosexu\u00e1ln\u00ed orientace a&nbsp;pracuj\u00ed. Jak p\u0159esn\u011b tyto z\u00e1jmy budou br\u00e1nit, nen\u00ed zat\u00edm jasn\u00e9, m\u011bl by se o&nbsp;to postarat i&nbsp;zalo\u017een\u00fd Nada\u010dn\u00ed fond na podporu pr\u00e1v b\u00edl\u00e9ho heterosexu\u00e1ln\u00edho mu\u017ee.<\/p>\n<p>B\u00edl\u00e9 mu\u017ee Chlada a&nbsp;Kopi\u010dku to v\u0161ak p\u0159\u00edli\u0161 neuspokojilo. \u201eSly\u0161eli jsme tam stra\u0161n\u00e9 v\u011bci, co se chystaj\u00ed&nbsp; v&nbsp;Evropsk\u00e9 unii a&nbsp;jinde,\u201c \u0159\u00edkaj\u00ed a&nbsp;mysl\u00ed t\u00edm t\u0159eba kv\u00f3ty na zastoupen\u00ed \u017een ve veden\u00ed firem. Nevad\u00ed, \u017ee kv\u00f3ty neplat\u00ed a&nbsp;nezd\u00e1 se, \u017ee by pro n\u011b byla v&nbsp;EU v&nbsp;dohledn\u00e9 dob\u011b podpora. Jak jinak jsou utla\u010dov\u00e1ni? \u201eN\u00e1m u\u017e je tolik, \u017ee n\u011bjak\u00e9 ohro\u017een\u00ed nec\u00edt\u00edme,\u201c krout\u00ed hlavou. \u201eAle jde n\u00e1m o&nbsp;na\u0161e d\u011bti a&nbsp;vnou\u010data. Na ty u\u017e to m\u016f\u017ee dopadnout. My vid\u00edme dop\u0159edu.\u201c A co p\u0159esn\u011b na n\u011b m\u016f\u017ee dopadnout? \u201eT\u0159eba skrze v\u00fdchovu ve \u0161kol\u00e1ch, kde budou kluky nutit k&nbsp;tomu, aby u\u017e nebyli kluky.\u201c<\/p>\n<p><strong>Prav\u011bk\u00e1 p\u0159irozenost<\/strong><\/p>\n<p>N\u00e1sledn\u00e9 odpoledne se nese v&nbsp;podobn\u00e9m duchu a&nbsp;na dvou z\u00e1kladn\u00edch tez\u00edch: na rozd\u00edl od \u017een, homosexu\u00e1l\u016f \u010di p\u0159\u00edslu\u0161n\u00edk\u016f etnick\u00fdch men\u0161in, jejich\u017e z\u00e1jmy prosazuj\u00ed vlivn\u00e9 lobbistick\u00e9 organizace, dnes b\u00edl\u00e9 hetero mu\u017ee nikdo nebr\u00e1n\u00ed a&nbsp;nikdo nep\u0159ipom\u00edn\u00e1 jejich z\u00e1sluhy a&nbsp;v\u00fdznam. A za tuto neuspokojivou situaci m\u016f\u017ee v\u0161udyp\u0159\u00edtomn\u00e1 \u201egenderov\u00e1 ideologie\u201c, jej\u00ed\u017e vedouc\u00ed p\u0159edstavitel\u00e9 si ve schopnosti ohlupovat masy nezadaj\u00ed s&nbsp;nacisty \u010di komunisty.<\/p>\n<p>B\u00edl\u00fd mu\u017e je podle \u0159e\u010dn\u00edk\u016f v&nbsp;dne\u0161n\u00ed spole\u010dnosti utla\u010dov\u00e1n kup\u0159\u00edkladu tak, \u017ee nejsou dostate\u010dn\u011b zd\u016fraz\u0148ov\u00e1ny jeho z\u00e1sluhy o&nbsp;evropskou civilizaci, kterou vybudoval, je n\u00e1siln\u011b nucen do dom\u00e1c\u00edch prac\u00ed a&nbsp;p\u00e9\u010di o&nbsp;d\u011bti&nbsp;&#8211; do rol\u00ed, kter\u00e9 jsou v&nbsp;rozporu s&nbsp;jeho \u201eprav\u011bkou p\u0159irozenost\u00ed\u201c, dokonce pr\u00fd sni\u017euj\u00ed jeho mu\u017enost a&nbsp;hladinu testosteronu. P\u0159estaly b\u00fdt naopak oslavov\u00e1ny \u201etradi\u010dn\u011b chlapsk\u00e9\u201c hodnoty jako \u010dest a&nbsp;odvaha. Kles\u00e1 mu tud\u00ed\u017e sebev\u011bdom\u00ed i&nbsp;kvalita spermatu. Hroz\u00ed mu \u201egenocida\u201c z&nbsp;rukou migrant\u016f, kterou spole\u010dn\u011b pl\u00e1nuj\u00ed \u201elevi\u010d\u00e1ci a&nbsp;muslimov\u00e9\u201c.<\/p>\n<p>Zat\u00edmco \u017een\u00e1m je v\u0161e dovoleno, mu\u017ei jsou vystaveni \u00fatok\u016fm feministek, kter\u00e9 se \u201est\u00e1le je\u0161t\u011b pova\u017euj\u00ed za \u017eeny\u201c. Trp\u00ed v\u00fdchovou pracuj\u00edc\u00edmi matkami, nespravedliv\u00fdm hodnocen\u00edm ve \u0161kole, kter\u00e9 zv\u00fdhod\u0148uje d\u00edvky, \u010di nef\u00e9rov\u00fdm p\u0159\u00edstupem soud\u016f. \u201e\u017deny v\u00e1lcuj\u00ed mu\u017ee ve vzd\u011bl\u00e1vac\u00edm syst\u00e9mu a&nbsp;na trhu pr\u00e1ce,\u201c \u0159\u00edk\u00e1 t\u0159eba Simona Weidnerov\u00e1 z&nbsp;Institutu pro soci\u00e1ln\u00ed a&nbsp;ekonomick\u00e9 anal\u00fdzy. \u201eMu\u017ei nejsou utla\u010dov\u00e1ni jen na\u0161\u00ed civilizac\u00ed, ale tak\u00e9 p\u0159\u00edrodou,\u201c dod\u00e1v\u00e1 spisovatelka V\u011bra Noskov\u00e1.<\/p>\n<p>Ano, kvalita spermi\u00ed skute\u010dn\u011b kles\u00e1, mu\u017ei maj\u00ed v\u011bt\u0161\u00ed probl\u00e9my se zdrav\u00edm a&nbsp;v\u00edce p\u00e1chaj\u00ed sebevra\u017edy, ale zat\u00edm nev\u00edme p\u0159esn\u011b, jak hnut\u00ed za pr\u00e1va \u017een \u010di men\u0161in a&nbsp;\u201egenderov\u00ed ideologov\u00e9\u201c za\u0159\u00eddili, \u017ee mu\u017ei maj\u00ed probl\u00e9m s&nbsp;plodnost\u00ed. &nbsp;Ani jak p\u0159i\u0161li dal\u0161\u00ed \u0159e\u010dn\u00edci na to, \u017ee feministky a&nbsp;feminist\u00e9 \u201eodm\u00edtaj\u00ed mate\u0159stv\u00ed\u201c, kdy\u017e podstatn\u00fd d\u00edl n\u00e1vrh\u016f sm\u011b\u0159uje pr\u00e1v\u011b k&nbsp;podpo\u0159e nejen matek, ale i&nbsp;otc\u016f&nbsp;\u2013 viz t\u0159eba ned\u00e1vno schv\u00e1len\u00e1 otcovsk\u00e1 dovolen\u00e1.<\/p>\n<p><strong>Nen\u00ed t\u0159eba odpov\u00eddat<\/strong><\/p>\n<p>Nev\u00edme ani, z&nbsp;\u010deho vych\u00e1z\u00ed Weidnerov\u00e1, kdy\u017e mluv\u00ed o&nbsp;tom, \u017ee ve \u0161kol\u00e1ch \u201ed\u00edvky dost\u00e1vaj\u00ed jedni\u010dky za to, \u017ee nezlob\u00ed\u201c a&nbsp;\u201echlapci dost\u00e1vaj\u00ed hor\u0161\u00ed zn\u00e1mky za to, \u017ee se po\u0159\u00e1d na n\u011bco ptaj\u00ed\u201c, p\u0159\u00edpadn\u011b jak p\u0159i\u0161la na to, \u017ee \u201emana\u017eerky strkaj\u00ed d\u011bti do ohr\u00e1dek\u201c. &nbsp;Kde zjistila, \u017ee zav\u00edraj\u00ed d\u011bti do ohr\u00e1dek v\u00edc ne\u017e \u201enemana\u017eerky\u201c? Dopl\u0148uj\u00edc\u00ed ot\u00e1zky ov\u0161em nen\u00ed mo\u017en\u00e9 polo\u017eit, konkr\u00e9tn\u011b Weidnerov\u00e1 odm\u00edt\u00e1 s&nbsp;autorkou t\u011bchto \u0159\u00e1dk\u016f mluvit, proto\u017ee b\u011bhem semin\u00e1\u0159e \u201esed\u011bla u&nbsp;stolu s&nbsp;feministkami\u201c. &nbsp;A kdy\u017e autorka t\u011bchto \u0159\u00e1dk\u016f m\u016f\u017ee kone\u010dn\u011b jednu ot\u00e1zku polo\u017eit, odm\u00e1vne ji Petr Hampl slovy, \u017ee na ni \u201enen\u00ed t\u0159eba odpov\u00eddat\u201c.<\/p>\n<p>Jak komu. Jen \u00fa\u010dastn\u00edk\u016fm semin\u00e1\u0159e je z\u0159ejm\u011b jasn\u00e9, \u017ee z\u00e1sluhy mu\u017e\u016f dnes nejsou nijak p\u0159ipom\u00edn\u00e1ny. D\u011bjiny um\u011bn\u00ed \u010di v\u011bdy i&nbsp;velk\u00e9 d\u011bjiny jsou st\u00e1le zejm\u00e9na d\u011bjinami mu\u017e\u016f a&nbsp;role \u017een za\u010dala b\u00fdt v\u00edce p\u0159ipom\u00edn\u00e1na a\u017e ned\u00e1vno. To ov\u0161em spisovatelka Noskov\u00e1 nechce dopustit: podle n\u00ed \u201est\u00e1le trp\u011bliv\u011b \u010dek\u00e1me na to, \u010d\u00edm na\u0161i kulturu a&nbsp;civilizaci n\u011b\u010d\u00edm n\u00e1padn\u011b v\u00fdznamn\u00fdm obohat\u00ed \u017eeny\u201c. Co\u017e je zvl\u00e1\u0161tn\u00ed p\u0159inejmen\u0161\u00edm proto, \u017ee tato v\u011bta pad\u00e1 z&nbsp;\u00fast spoluzakladatelky a&nbsp;b\u00fdval\u00e9 \u0161\u00e9fka Klubu skeptik\u016f Sisyfos, kter\u00fd m\u00e1 za c\u00edl \u0161\u00ed\u0159it poznatky sou\u010dasn\u00e9 v\u011bdy a&nbsp;podporovat kritick\u00e9 my\u0161len\u00ed.<\/p>\n<p>S p\u0159ehl\u00ed\u017eiv\u00fdm postojem k&nbsp;\u017een\u00e1m v&nbsp;d\u011bjin\u00e1ch nen\u00ed sama&nbsp;&#8211; konzervativn\u00ed aktivista Michal Sem\u00edn o&nbsp;v\u00fdznamn\u00e9 francouzsk\u00e9 filozofce a&nbsp;spisovatelce Simone de Beauvoir mluv\u00ed v\u00fdhradn\u011b jako o&nbsp;\u201esoulo\u017enici Sartra\u201c.&nbsp; A p\u0159esto\u017ee \u00fa\u010dastn\u00edci semin\u00e1\u0159e oslavuj\u00ed \u017eeny coby matky a&nbsp;pe\u010dovatelky, ani rozen\u00ed d\u011bt\u00ed a&nbsp;p\u00e9\u010de o&nbsp;n\u011b se podle nich zjevn\u011b nepo\u010d\u00edt\u00e1 mezi z\u00e1sluhy o&nbsp;spole\u010dnost.<\/p>\n<p>Publicista Benjamin Kuras pak sice postav\u00ed p\u0159edn\u00e1\u0161ku na kritice \u201eprotivn\u00fdch a&nbsp; vulg\u00e1rn\u00edch \u017eensk\u00fdch\u201c&nbsp;&#8211; a&nbsp;to zejm\u00e9na t\u011bch, kter\u00e9 se \u00fa\u010dastnily protestn\u00edho pochodu po inauguraci Donalda Trumpa nebo ho p\u0159\u00edmo organizovaly. Nelze si nicm\u00e9n\u011b nev\u0161imnout, s&nbsp;jak\u00fdm po\u017eitkem s\u00e1m vyslovuje slovo \u201ek..da\u201c, kter\u00e9 b\u011bhem n\u011bkolikaminutov\u00e9 \u0159e\u010di zopakuje asi t\u0159icetkr\u00e1t.<\/p>\n<p>Kdy\u017e tak Ladislav Jakl na konci zd\u016fraz\u0148uje, \u017ee c\u00edlem setk\u00e1n\u00ed nebylo \u201ed\u011bdkovsky vzpom\u00ednat na star\u00e9 \u010dasy\u201c, je t\u0159eba mu d\u00e1t za pravdu. Ani nostalgie toti\u017e neznamen\u00e1 naprostou ztr\u00e1tu kontaktu s&nbsp;realitou.<\/p>\n<p><a href=\"https:\/\/www.respekt.cz\/spolecnost\/nulove-sance-normalniho-muze\">Zdroj<\/a><\/p>\n","protected":false},"excerpt":{"rendered":"<p>NULOV\u00c9 \u0160ANCE NORM\u00c1LN\u00cdHO MU\u017dE Jakl s Hamplem zalo\u017eili odpov\u011b\u010f na zhoubnou genderovou ideologii \u2013 hnut\u00ed maskulinist\u016f.<\/p>\n","protected":false},"author":1,"featured_media":0,"comment_status":"open","ping_status":"open","sticky":false,"template":"","format":"standard","meta":{"ngg_post_thumbnail":0,"footnotes":""},"categories":[11],"tags":[],"class_list":["post-7763","post","type-post","status-publish","format-standard","hentry","category-ozvena"],"_links":{"self":[{"href":"https:\/\/www.ladislavjakl.cz\/index.php?rest_route=\/wp\/v2\/posts\/7763","targetHints":{"allow":["GET"]}}],"collection":[{"href":"https:\/\/www.ladislavjakl.cz\/index.php?rest_route=\/wp\/v2\/posts"}],"about":[{"href":"https:\/\/www.ladislavjakl.cz\/index.php?rest_route=\/wp\/v2\/types\/post"}],"author":[{"embeddable":true,"href":"https:\/\/www.ladislavjakl.cz\/index.php?rest_route=\/wp\/v2\/users\/1"}],"replies":[{"embeddable":true,"href":"https:\/\/www.ladislavjakl.cz\/index.php?rest_route=%2Fwp%2Fv2%2Fcomments&post=7763"}],"version-history":[{"count":1,"href":"https:\/\/www.ladislavjakl.cz\/index.php?rest_route=\/wp\/v2\/posts\/7763\/revisions"}],"predecessor-version":[{"id":7764,"href":"https:\/\/www.ladislavjakl.cz\/index.php?rest_route=\/wp\/v2\/posts\/7763\/revisions\/7764"}],"wp:attachment":[{"href":"https:\/\/www.ladislavjakl.cz\/index.php?rest_route=%2Fwp%2Fv2%2Fmedia&parent=7763"}],"wp:term":[{"taxonomy":"category","embeddable":true,"href":"https:\/\/www.ladislavjakl.cz\/index.php?rest_route=%2Fwp%2Fv2%2Fcategories&post=7763"},{"taxonomy":"post_tag","embeddable":true,"href":"https:\/\/www.ladislavjakl.cz\/index.php?rest_route=%2Fwp%2Fv2%2Ftags&post=7763"}],"curies":[{"name":"wp","href":"https:\/\/api.w.org\/{rel}","templated":true}]}}