{"id":777,"date":"2011-02-09T12:23:16","date_gmt":"2011-02-09T11:23:16","guid":{"rendered":"http:\/\/www.ladislavjakl.cz\/?p=777"},"modified":"2011-02-09T12:25:10","modified_gmt":"2011-02-09T11:25:10","slug":"rocker-jakl-nedelam-muziku-u-ktere-se-skrabou-brambory","status":"publish","type":"post","link":"https:\/\/www.ladislavjakl.cz\/?p=777","title":{"rendered":"Rocker Jakl: Ned\u011bl\u00e1m muziku, u kter\u00e9 se \u0161kr\u00e1bou brambory"},"content":{"rendered":"<p><strong>Tajemn\u00edk prezidenta republiky Ladislav Jakl nat\u00e1\u010d\u00ed se svou  rockovou kapelou Folimanka Blues novou desku. Jak takov\u00e1 v\u011bc prob\u00edh\u00e1?  Rocker na Hrad\u011b Parlamentn\u00edmList\u016fm.cz prozradil v\u011bci ze z\u00e1kulis\u00ed. <\/strong><\/p>\n<p><strong><!--more--><\/strong><\/p>\n<p>Nov\u00e9 studiov\u00e9 album skupiny se bude jmenovat podle tituln\u00ed p\u00edsn\u011b &#8222;Krajina po bitv\u011b&#8220;.<\/p>\n<p>&#8222;S p\u00edsn\u00ed Jarka Nohavici to nem\u00e1 nic spole\u010dn\u00e9ho. Nebudeme prvn\u00ed ani  posledn\u00ed, kdo takhle n\u011bco pojmenoval. P\u0159izn\u00e1m se, \u017ee ne\u017e jste mi to  \u0159ekl, tak jsem ani nev\u011bd\u011bl, \u017ee n\u011bjakou takovou p\u00edse\u0148 m\u00e1. Jeho tvorbu  nesleduji,&#8220; \u0159ekl\u00a0serveru Parlamentn\u00edListy.cz\u00a0Jakl.<\/p>\n<p><strong>Z\u00e1klad je hotov<\/strong><\/p>\n<p>&#8222;Hlavn\u00ed pr\u00e1ce na desce u\u017e jsou hotovy. Materi\u00e1l u\u017e je nahr\u00e1n. Te\u010f u\u017e  bude prob\u00edhat jenom m\u00edch\u00e1n\u00ed, je\u0161t\u011b p\u0159ed n\u00edm budou z\u00e1kladn\u00ed materi\u00e1l  poslouchat \u010dlenov\u00e9 kapely a dola\u010fovat posledn\u00ed detaily. Pak p\u0159ijde na  \u0159adu mastering, v\u00fdroba, grafika. Deska by mohla vyj\u00edt n\u011bkdy na ja\u0159e.  &#8222;Muzikanti odevzdali to nejlep\u0161\u00ed, co mohli a byli zodpov\u011bdn\u00ed. Nikdo  nechodil pozd\u011b nebo nep\u0159ipraven,&#8220; pochvaloval si rocker Jakl.<\/p>\n<p>Jeho\u00a0skupina za\u010dala desku nat\u00e1\u010det na za\u010d\u00e1tku ledna a\u00a0podle tajemn\u00edka  prezidenta a muzikanta se\u00a0j\u00ed v\u011bnovala spousta \u010dasu.\u00a0\u201eBylo to n\u00e1ro\u010dn\u00e9,  \u010dlov\u011bk musel b\u00fdt ve studiu skoro ka\u017ed\u00fd den, mnohdy i do ve\u010dera, k tomu  jsem samoz\u0159ejm\u011b musel plnit i pracovn\u00ed povinnosti,&#8220;\u00a0p\u0159iznal redakci sv\u00e9  absolutn\u00ed vyt\u00ed\u017een\u00ed\u00a0Jakl.<\/p>\n<p><strong>H\u00e1dky a pan\u00e1k<\/strong><\/p>\n<p>\u201eJ\u00e1 jsem detailista a nesmi\u0159uji se s chybami. \u010cili b\u011bhem nahr\u00e1v\u00e1n\u00ed  doch\u00e1z\u00ed ob\u010das i ke konflikt\u016fm a vz\u00e1jemn\u00e9mu vy\u0159\u00edk\u00e1v\u00e1n\u00ed si v\u011bc\u00ed. Kdy\u017e se  zdrav\u011b poh\u00e1d\u00e1me, tak si pak d\u00e1me pan\u00e1ka, popov\u00edd\u00e1me si o jin\u00fdch v\u011bcech,  atmosf\u00e9ra se vyjasn\u00ed, uklidn\u00ed a jede se d\u00e1l. Ono nahr\u00e1vat po\u0159\u00e1d za sebou  jeden motiv a m\u00edt za sebou n\u011bkoho, kdo v\u00e1s upozor\u0148uje na chyby, je  ob\u010das vysiluj\u00edc\u00ed a je to n\u00e1ro\u010dn\u00e9 na nervy,&#8220; sv\u011b\u0159il se zp\u011bv\u00e1k kapely.<\/p>\n<p>Nahr\u00e1valo se ve studiu Ji\u0159\u00edho Stiv\u00edna ve V\u0161enorech u Berounky, kde se  podle Jakla p\u0159\u00edjemn\u011b pracuje a je tam dom\u00e1ck\u00e9 prost\u0159ed\u00ed. Zvukov\u00fdm  mistrem je Vlasta Drozen, kter\u00fd se podle frontmana kapely dok\u00e1\u017ee dob\u0159e  vc\u00edtit do toho, jak m\u00e1 kter\u00e1 skladba zn\u00edt. \u201eNat\u00e1\u010deli jsme s n\u00edm u\u017e  posledn\u00ed desku Kudlanka. Jsme s n\u00edm velice spokojeni, rozum\u00ed technice,  ale m\u00e1 i cit pro muziku a pochopen\u00ed pro autorsk\u00fd z\u00e1m\u011br. Je to nav\u00edc i  dobr\u00fd kamar\u00e1d.&#8220;<\/p>\n<p><strong>Nen\u00ed to hudba na \u0161kr\u00e1b\u00e1n\u00ed brambor<\/strong><\/p>\n<p>Deska vych\u00e1z\u00ed po p\u011btilet\u00e9 pauze a od t\u00e9 p\u0159edchoz\u00ed se bude hodn\u011b li\u0161it.  Bude na n\u00ed dev\u011bt skladeb, kter\u00e9 vznikaly\u00a0v pr\u00e1b\u011bhu\u00a0posledn\u00edch p\u011bti let.  Stop\u00e1\u017e vyjde na zhruba pades\u00e1t minut. \u201eP\u00edsn\u011b jsou hodn\u011b rozd\u00edln\u00e9. R\u016fzn\u00e9  hudebn\u011b, textov\u011b i n\u00e1ladou. Je to hudba, kterou nikdo moc ned\u011bl\u00e1. Dnes  sp\u00ed\u0161 fr\u010d\u00ed vtipn\u00e9 v\u011bci, nebo s odpu\u0161t\u011bn\u00edm k\u00fd\u010de. Tohle bude sp\u00ed\u0161e v\u011bc  n\u00e1ladov\u011b a pocitov\u011b t\u011b\u017ek\u00e1 a dramatick\u00e1, o v\u00e1\u017en\u00fdch pocitech a v\u00e1\u017en\u00fdch  chv\u00edl\u00edch. Nen\u00ed to muzika, kterou poslouch\u00e1te p\u0159i \u0161kr\u00e1b\u00e1n\u00ed brambor,&#8220;  zv\u00e1\u017en\u011bl Jakl.<\/p>\n<p>N\u00e1sledn\u011b\u00a0vzpomn\u011bl, \u017ee\u00a0kr\u00e1tce po vyd\u00e1n\u00ed p\u0159edchoz\u00ed desky zem\u0159el buben\u00edk  kapely Zden\u011bk Cimrman, kter\u00fd m\u00e1 8. \u00fanora v\u00fdro\u010d\u00ed, a kapela t\u00e1pala, jak  d\u00e1l a zda m\u00e1 v\u016fbec pokra\u010dovat. Te\u010f\u00a0skupina pravideln\u011b po\u0159\u00e1d\u00e1 v pra\u017esk\u00e9m  klubu Vagon na po\u010dest sv\u00e9ho kamar\u00e1da Cimrman fest. Letos bude  minifestival 28. \u00fanora.<\/p>\n<p><strong>Folimanku si poslechne i milovn\u00edk Jazzu Klaus <\/strong><\/p>\n<p>Kapelu dal dohromady v kv\u011btnu roku 1993 Ladislav Jakl. Sou\u010dasn\u00fd n\u00e1zev  nese Folimanka Blues od prosince 1993, nyn\u00ed hraje v sestav\u011b: Robby \u010cern\u00fd  *1951 &#8211; piano, Pavel Pe\u010denka *1980 &#8211; bic\u00ed, Jan Chalupsk\u00fd *1951 &#8211;  kytara, Had\u017ei Hrkal *1957 &#8211; basa, Ladislav Jakl *1959 &#8211; zp\u011bv, kytara.<\/p>\n<p>Jakl si p\u0159edloni zahr\u00e1l s kapelou i u p\u0159\u00edle\u017eitosti sv\u00fdch pades\u00e1t\u00fdch  narozenin a na koncert za\u0161el i Jakl\u016fv \u0161\u00e9f a prezident republiky V\u00e1clav  Klaus, kter\u00fd je jinak sp\u00ed\u0161e zn\u00e1m jako milovn\u00edk jazzu a rock\u00b4n rollu.<\/p>\n<p><strong><a title=\"FOTOGALERIE\" href=\"http:\/\/www.parlamentnilisty.cz\/galerie\/foto\/188365.aspx\"><span style=\"color: #800000;\">FOTOGALERIE <\/span><\/a><\/strong><\/p>\n<p><a href=\"http:\/\/www.parlamentnilisty.cz\/parlament\/188355.aspx\" target=\"_blank\">Zdroj<\/a><\/p>\n","protected":false},"excerpt":{"rendered":"<p>Tajemn\u00edk prezidenta republiky Ladislav Jakl nat\u00e1\u010d\u00ed se svou rockovou kapelou Folimanka Blues novou desku. Jak takov\u00e1 v\u011bc prob\u00edh\u00e1? Rocker na Hrad\u011b Parlamentn\u00edmList\u016fm.cz prozradil v\u011bci ze z\u00e1kulis\u00ed.<\/p>\n","protected":false},"author":1,"featured_media":0,"comment_status":"open","ping_status":"open","sticky":false,"template":"","format":"standard","meta":{"ngg_post_thumbnail":0,"footnotes":""},"categories":[13],"tags":[],"class_list":["post-777","post","type-post","status-publish","format-standard","hentry","category-rozhovory"],"_links":{"self":[{"href":"https:\/\/www.ladislavjakl.cz\/index.php?rest_route=\/wp\/v2\/posts\/777","targetHints":{"allow":["GET"]}}],"collection":[{"href":"https:\/\/www.ladislavjakl.cz\/index.php?rest_route=\/wp\/v2\/posts"}],"about":[{"href":"https:\/\/www.ladislavjakl.cz\/index.php?rest_route=\/wp\/v2\/types\/post"}],"author":[{"embeddable":true,"href":"https:\/\/www.ladislavjakl.cz\/index.php?rest_route=\/wp\/v2\/users\/1"}],"replies":[{"embeddable":true,"href":"https:\/\/www.ladislavjakl.cz\/index.php?rest_route=%2Fwp%2Fv2%2Fcomments&post=777"}],"version-history":[{"count":4,"href":"https:\/\/www.ladislavjakl.cz\/index.php?rest_route=\/wp\/v2\/posts\/777\/revisions"}],"predecessor-version":[{"id":779,"href":"https:\/\/www.ladislavjakl.cz\/index.php?rest_route=\/wp\/v2\/posts\/777\/revisions\/779"}],"wp:attachment":[{"href":"https:\/\/www.ladislavjakl.cz\/index.php?rest_route=%2Fwp%2Fv2%2Fmedia&parent=777"}],"wp:term":[{"taxonomy":"category","embeddable":true,"href":"https:\/\/www.ladislavjakl.cz\/index.php?rest_route=%2Fwp%2Fv2%2Fcategories&post=777"},{"taxonomy":"post_tag","embeddable":true,"href":"https:\/\/www.ladislavjakl.cz\/index.php?rest_route=%2Fwp%2Fv2%2Ftags&post=777"}],"curies":[{"name":"wp","href":"https:\/\/api.w.org\/{rel}","templated":true}]}}