{"id":7805,"date":"2017-06-02T09:46:06","date_gmt":"2017-06-02T07:46:06","guid":{"rendered":"http:\/\/www.ladislavjakl.cz\/?p=7805"},"modified":"2017-06-02T09:46:53","modified_gmt":"2017-06-02T07:46:53","slug":"multikulturni-vychovu-ano","status":"publish","type":"post","link":"https:\/\/www.ladislavjakl.cz\/?p=7805","title":{"rendered":"Multikulturn\u00ed v\u00fdchovu? Ano!"},"content":{"rendered":"<div class=\"opener\">\u010c\u00e1st ve\u0159ejnosti se ost\u0159e stav\u00ed proti zav\u00e1d\u011bn\u00ed multikulturn\u00ed v\u00fdchovy nap\u0159\u00edklad na \u0161kol\u00e1ch. Mo\u017en\u00e1 je jej\u00ed postoj p\u0159\u00edli\u0161 un\u00e1hlen\u00fd. S p\u0159edsudky je p\u0159ece t\u0159eba bojovat.<\/div>\n<p><!--more--><\/p>\n<div id=\"art-text\" class=\"text\">\n<p>Ano, \u017eijeme v dob\u011b pln\u00e9 p\u0159edsudk\u016f. N\u011bkte\u0159\u00ed mezi n\u00e1mi, a je velmi pravd\u011bpodobn\u00e9, \u017ee takov\u00fdch bude p\u0159ib\u00fdvat, nejsou schopni tolerovat kulturn\u00ed zvyklosti odli\u0161n\u00e9 od t\u011bch sv\u00fdch za\u017eit\u00fdch. T\u00edm se z jednotliv\u00fdch kulturn\u00edch, civiliza\u010dn\u00edch, n\u00e1bo\u017eensk\u00fdch \u010di etnick\u00fdch skupin st\u00e1vaj\u00ed izolovan\u00e9 ostrovy, kter\u00e9 se navz\u00e1jem nech\u00e1pou, nev\u011b\u0159\u00ed si a vlastn\u011b se skoro neznaj\u00ed. Ba n\u011bkdy se pak k sob\u011b chovaj\u00ed i nep\u0159\u00e1telsky.<\/p>\n<p>S t\u00edm by se m\u011blo n\u011bco d\u011blat, proto\u017ee n\u011bkter\u00e9 p\u0159edsudky jsou a\u017e absurdn\u00ed. Navrhuji za\u010d\u00edt s multikulturn\u00ed v\u00fdchovou s c\u00edlem odbourat p\u0159edsudky n\u00e1sleduj\u00edc\u00edm kursem pro na\u0161e muslimy \u010di p\u0159ist\u011bhovalce z isl\u00e1msk\u00fdch zem\u00ed. Prim\u00e1rn\u011b by se t\u00fdkal d\u011bt\u00ed, ale \u00fa\u010dastnit by se mohli i dosp\u011bl\u00ed, t\u0159eba je\u0161t\u011b nejsou pro v\u011bc multikulturn\u00ed tolerance zcela ztraceni.<\/p>\n<p>R\u00e1no si frekventanti kursu \u2013 chlapci, d\u00edvky i dosp\u011bl\u00ed &#8211; nastoup\u00ed do autobusu a vyraz\u00ed spole\u010dn\u011b do n\u011bjak\u00e9 jiho\u010desk\u00e9 vsi. Nejd\u0159\u00edv by za\u0161li na m\u0161i do m\u00edstn\u00edho kostel\u00edka. A pak se povinn\u011b z\u00fa\u010dastn\u00ed venkovsk\u00e9 zab\u00edja\u010dky v\u010detn\u011b ochutn\u00e1vky v\u0161ech vep\u0159ov\u00fdch lah\u016fdek. Mohli by i s m\u00edrou pop\u00edt trochu piva nebo na slehnut\u00ed jednu malou slivovici. Na\u010de\u017e by si prostovlas\u00e9 muslimsk\u00e9 \u017eeny v kr\u00e1tk\u00fdch sukn\u00edch zask\u00e1kaly p\u0159es ohe\u0148 a v\u0161ichni pak u n\u011bj zazp\u00edvali n\u011bco lidov\u00fdch p\u00edsn\u00ed, t\u0159eba Kdy\u017e Janek na Turka \u0161el nebo Svat\u00fd Vav\u0159\u00edn, to je ta, jak se pe\u010de d\u011b\u0165\u00e1tko jak ryba, ne\u017e ho ten zl\u00fd pohan posn\u00edd\u00e1.<\/p>\n<p>Muslimsk\u00e1 ml\u00e1de\u017e by pak l\u00e9pe poznala na\u0161i n\u00e1turu, ztratila by sv\u00e9 p\u0159edsudky v chov\u00e1n\u00ed i v\u00fd\u017eiv\u011b a nalezla by sv\u016fj nezat\u00ed\u017een\u00fd otev\u0159en\u00fd vztah k \u010desk\u00e9 tradi\u010dn\u00ed kultu\u0159e.<\/p>\n<\/div>\n<p><a href=\"http:\/\/jakl.blog.idnes.cz\/blog.aspx?c=607087\">Zdroj<\/a><\/p>\n","protected":false},"excerpt":{"rendered":"<p>\u010c\u00e1st ve\u0159ejnosti se ost\u0159e stav\u00ed proti zav\u00e1d\u011bn\u00ed multikulturn\u00ed v\u00fdchovy nap\u0159\u00edklad na \u0161kol\u00e1ch. Mo\u017en\u00e1 je jej\u00ed postoj p\u0159\u00edli\u0161 un\u00e1hlen\u00fd. S p\u0159edsudky je p\u0159ece t\u0159eba bojovat.<\/p>\n","protected":false},"author":1,"featured_media":0,"comment_status":"open","ping_status":"open","sticky":false,"template":"","format":"standard","meta":{"ngg_post_thumbnail":0,"footnotes":""},"categories":[10],"tags":[],"class_list":["post-7805","post","type-post","status-publish","format-standard","hentry","category-zlehka"],"_links":{"self":[{"href":"https:\/\/www.ladislavjakl.cz\/index.php?rest_route=\/wp\/v2\/posts\/7805","targetHints":{"allow":["GET"]}}],"collection":[{"href":"https:\/\/www.ladislavjakl.cz\/index.php?rest_route=\/wp\/v2\/posts"}],"about":[{"href":"https:\/\/www.ladislavjakl.cz\/index.php?rest_route=\/wp\/v2\/types\/post"}],"author":[{"embeddable":true,"href":"https:\/\/www.ladislavjakl.cz\/index.php?rest_route=\/wp\/v2\/users\/1"}],"replies":[{"embeddable":true,"href":"https:\/\/www.ladislavjakl.cz\/index.php?rest_route=%2Fwp%2Fv2%2Fcomments&post=7805"}],"version-history":[{"count":1,"href":"https:\/\/www.ladislavjakl.cz\/index.php?rest_route=\/wp\/v2\/posts\/7805\/revisions"}],"predecessor-version":[{"id":7806,"href":"https:\/\/www.ladislavjakl.cz\/index.php?rest_route=\/wp\/v2\/posts\/7805\/revisions\/7806"}],"wp:attachment":[{"href":"https:\/\/www.ladislavjakl.cz\/index.php?rest_route=%2Fwp%2Fv2%2Fmedia&parent=7805"}],"wp:term":[{"taxonomy":"category","embeddable":true,"href":"https:\/\/www.ladislavjakl.cz\/index.php?rest_route=%2Fwp%2Fv2%2Fcategories&post=7805"},{"taxonomy":"post_tag","embeddable":true,"href":"https:\/\/www.ladislavjakl.cz\/index.php?rest_route=%2Fwp%2Fv2%2Ftags&post=7805"}],"curies":[{"name":"wp","href":"https:\/\/api.w.org\/{rel}","templated":true}]}}