{"id":7812,"date":"2017-06-02T15:05:02","date_gmt":"2017-06-02T13:05:02","guid":{"rendered":"http:\/\/www.ladislavjakl.cz\/?p=7812"},"modified":"2017-06-02T15:05:02","modified_gmt":"2017-06-02T13:05:02","slug":"klausuv-jakl-se-rozepsal-o-multikulturni-vychove-jen-trochu-jinak-nez-byva-zvykem","status":"publish","type":"post","link":"https:\/\/www.ladislavjakl.cz\/?p=7812","title":{"rendered":"Klaus\u016fv Jakl se rozepsal o multikulturn\u00ed v\u00fdchov\u011b, jen trochu jinak, ne\u017e b\u00fdv\u00e1 zvykem"},"content":{"rendered":"<p><strong>N\u011bkdej\u0161\u00ed spolupracovn\u00edk V\u00e1clava Klause Ladislav Jakl se rozepsal o multikulturn\u00ed v\u00fdchov\u011b v \u010cesk\u00e9 republice. Vzal to ov\u0161em z jin\u00e9ho konce, ne\u017e b\u00fdv\u00e1 obvykl\u00e9. Poradil muslim\u016fm, co v\u0161echno by se m\u011bli nau\u010dit, pokud cht\u011bj\u00ed \u017e\u00edt v \u010desk\u00e9 spole\u010dnosti a zapadnout mezi n\u00e1s.<\/strong><\/p>\n<p><!--more--><\/p>\n<p>Ladislav Jakl m\u00e1 za to, \u017ee multikulturn\u00ed v\u00fdchovu, po kter\u00e9 se v \u010cesk\u00e9 republice tak \u010dasto vol\u00e1, je t\u0159eba podpo\u0159it a rozv\u00edjet. Dnes a denn\u011b kolem sebe vid\u00edme, \u017ee lid\u00e9 p\u0159istupuj\u00ed ke sv\u00fdm bli\u017en\u00edm s mnoha p\u0159edsudky. Lid\u00e9 se k sob\u011b \u010dasto chovaj\u00ed p\u0159\u00edmo nep\u0159\u00e1telsky a s t\u00edm se podle Jakla mus\u00ed n\u011bco ud\u011blat. &nbsp;<\/p>\n<p>A nejlep\u0161\u00ed bude za\u010d\u00edt u vychov\u00e1v\u00e1n\u00ed muslim\u016f, kte\u0159\u00ed cht\u011bj\u00ed \u017e\u00edt v z\u00e1padn\u00ed \u010di st\u0159edn\u00ed Evrop\u011b.<\/p>\n<p>\u201eR\u00e1no si frekventanti kursu \u2013 chlapci, d\u00edvky i dosp\u011bl\u00ed \u2013 nastoup\u00ed do autobusu a vyraz\u00ed spole\u010dn\u011b do n\u011bjak\u00e9 jiho\u010desk\u00e9 vsi. Nejd\u0159\u00edv by za\u0161li na m\u0161i do m\u00edstn\u00edho kostel\u00edka. A pak se povinn\u011b z\u00fa\u010dastn\u00ed venkovsk\u00e9 zab\u00edja\u010dky v\u010detn\u011b ochutn\u00e1vky v\u0161ech vep\u0159ov\u00fdch lah\u016fdek. Mohli by i s m\u00edrou pop\u00edt trochu piva nebo na slehnut\u00ed jednu malou slivovici. Na\u010de\u017e by si prostovlas\u00e9 muslimsk\u00e9 \u017eeny v kr\u00e1tk\u00fdch sukn\u00edch zask\u00e1kaly p\u0159es ohe\u0148 a v\u0161ichni pak u n\u011bj zazp\u00edvali n\u011bco lidov\u00fdch p\u00edsn\u00ed, t\u0159eba Kdy\u017e Janek na Turka \u0161el nebo Svat\u00fd Vav\u0159\u00edn, to je ta, jak se pe\u010de d\u011b\u0165\u00e1tko jak ryba, ne\u017e ho ten zl\u00fd pohan posn\u00edd\u00e1,\u201cp\u0159edlo\u017eil sv\u016fj n\u00e1vrh Jakl.<\/p>\n<p><a href=\"http:\/\/www.parlamentnilisty.cz\/arena\/nazory-a-petice\/Ladislav-Jakl-Multikulturni-vychovu-Ano-490355\" target=\"_blank\" rel=\"noopener noreferrer\">Cel\u00fd koment\u00e1\u0159 naleznete ZDE.<\/a><\/p>\n<p>P\u0159edev\u0161\u00edm u muslimsk\u00e9 ml\u00e1de\u017ee pak podle Jakla m\u016f\u017eeme doufat, \u017ee muslimov\u00e9 pochop\u00ed \u010deskou mentalitu a akceptuj\u00ed ji.<\/p>\n<p><a href=\"http:\/\/www.parlamentnilisty.cz\/arena\/monitor\/Klausuv-Jakl-se-rozepsal-o-multikulturni-vychove-jen-trochu-jinak-nez-byva-zvykem-490440\">Zdroj<\/a><\/p>\n","protected":false},"excerpt":{"rendered":"<p>N\u011bkdej\u0161\u00ed spolupracovn\u00edk V\u00e1clava Klause Ladislav Jakl se rozepsal o multikulturn\u00ed v\u00fdchov\u011b v \u010cesk\u00e9 republice. Vzal to ov\u0161em z jin\u00e9ho konce, ne\u017e b\u00fdv\u00e1 obvykl\u00e9. Poradil muslim\u016fm, co v\u0161echno by se m\u011bli nau\u010dit, pokud cht\u011bj\u00ed \u017e\u00edt v \u010desk\u00e9 spole\u010dnosti a zapadnout mezi n\u00e1s.<\/p>\n","protected":false},"author":1,"featured_media":0,"comment_status":"open","ping_status":"open","sticky":false,"template":"","format":"standard","meta":{"ngg_post_thumbnail":0,"footnotes":""},"categories":[11],"tags":[],"class_list":["post-7812","post","type-post","status-publish","format-standard","hentry","category-ozvena"],"_links":{"self":[{"href":"https:\/\/www.ladislavjakl.cz\/index.php?rest_route=\/wp\/v2\/posts\/7812","targetHints":{"allow":["GET"]}}],"collection":[{"href":"https:\/\/www.ladislavjakl.cz\/index.php?rest_route=\/wp\/v2\/posts"}],"about":[{"href":"https:\/\/www.ladislavjakl.cz\/index.php?rest_route=\/wp\/v2\/types\/post"}],"author":[{"embeddable":true,"href":"https:\/\/www.ladislavjakl.cz\/index.php?rest_route=\/wp\/v2\/users\/1"}],"replies":[{"embeddable":true,"href":"https:\/\/www.ladislavjakl.cz\/index.php?rest_route=%2Fwp%2Fv2%2Fcomments&post=7812"}],"version-history":[{"count":1,"href":"https:\/\/www.ladislavjakl.cz\/index.php?rest_route=\/wp\/v2\/posts\/7812\/revisions"}],"predecessor-version":[{"id":7813,"href":"https:\/\/www.ladislavjakl.cz\/index.php?rest_route=\/wp\/v2\/posts\/7812\/revisions\/7813"}],"wp:attachment":[{"href":"https:\/\/www.ladislavjakl.cz\/index.php?rest_route=%2Fwp%2Fv2%2Fmedia&parent=7812"}],"wp:term":[{"taxonomy":"category","embeddable":true,"href":"https:\/\/www.ladislavjakl.cz\/index.php?rest_route=%2Fwp%2Fv2%2Fcategories&post=7812"},{"taxonomy":"post_tag","embeddable":true,"href":"https:\/\/www.ladislavjakl.cz\/index.php?rest_route=%2Fwp%2Fv2%2Ftags&post=7812"}],"curies":[{"name":"wp","href":"https:\/\/api.w.org\/{rel}","templated":true}]}}