{"id":7818,"date":"2017-06-06T10:23:27","date_gmt":"2017-06-06T08:23:27","guid":{"rendered":"http:\/\/www.ladislavjakl.cz\/?p=7818"},"modified":"2017-06-06T10:23:27","modified_gmt":"2017-06-06T08:23:27","slug":"horke-tema-koureni-rozpalilo-ladislava-jakla-ze-likvidujeme-starou-vetes-tohle-jsme-slyseli-uz-v-padesatych-letech-soptil-na-lekarku-a-pak-doslo-i-na-striptyz","status":"publish","type":"post","link":"https:\/\/www.ladislavjakl.cz\/?p=7818","title":{"rendered":"Hork\u00e9 t\u00e9ma kou\u0159en\u00ed rozp\u00e1lilo Ladislava Jakla: \u017de likvidujeme starou vete\u0161? Tohle jsme sly\u0161eli u\u017e v pades\u00e1t\u00fdch letech, soptil na l\u00e9ka\u0159ku. A pak do\u0161lo i na stript\u00fdz"},"content":{"rendered":"<p>Protiku\u0159\u00e1ck\u00fd z\u00e1kon za\u010dal platit, lid\u00e9 mus\u00ed z hospod s cigaretou na ulici. Paradoxn\u011b se zd\u00e1, \u017ee v\u00edc kritik\u016f z\u00e1kon na\u0161el a\u017e nyn\u00ed, kdy dopadl na zhruba t\u0159etinu obyvatelstva. T\u00e9ma z\u00e1kazu kou\u0159en\u00ed vedlo ve studiu PL TV k neb\u00fdval\u00e9mu st\u0159etu. Hosty po\u0159adu Hork\u00e9 t\u00e9ma byli extajemn\u00edk prezidenta Klause Ladislav Jakl a l\u00e9ka\u0159ka Eva Kr\u00e1l\u00edkov\u00e1, zn\u00e1m\u00e1 tv\u00e1\u0159 protiku\u0159\u00e1ck\u00e9ho ta\u017een\u00ed.<\/p>\n<p><!--more--><\/p>\n<p>M\u00e1 tzv. protiku\u0159\u00e1ck\u00fd z\u00e1kon pouze chr\u00e1nit zdrav\u00ed obyvatel, nebo jde o nep\u0159\u00edpustn\u00fd z\u00e1sah do svobody? Tato ot\u00e1zka dlouhodob\u011b d\u011bl\u00ed ob\u010dany na dva t\u00e1bory.<\/p>\n<p>L\u00e9ka\u0159ka Eva Kr\u00e1l\u00edkov\u00e1 ve studiu PL TV odm\u00edtla, \u017ee by se z ku\u0159\u00e1k\u016f stala lovn\u00e1 zv\u011b\u0159. \u201eZ\u00e1kon se tak\u00e9 nejmenuje \u201aprotiku\u0159\u00e1ck\u00fd\u2018 a mrz\u00ed m\u011b, \u017ee ho tak m\u00e9dia naz\u00fdvaj\u00ed. Nen\u00ed proti ku\u0159\u00e1k\u016fm a dokonce ani proti kou\u0159en\u00ed. Je o tom, \u017ee se nekou\u0159\u00ed tam, kde d\u00fdchaj\u00ed jin\u00ed. Svoboda d\u00fdchat \u010dist\u00fd vzduch je nad\u0159azen\u00e1 svobod\u011b kou\u0159it,\u201c m\u011bla jasno Kr\u00e1l\u00edkov\u00e1.<\/p>\n<p>V reakci na platnost z\u00e1kona se vyskytly i z\u00e1le\u017eitosti typu klec\u00ed pro ku\u0159\u00e1ky p\u0159ed restauracemi, kter\u00e9 za\u010dali majitel\u00e9 n\u011bkter\u00fdch podnik\u016f budovat z obav, \u017ee lid\u00e9 m\u00edsto toho, aby \u0161li na cigaretu, by utekli bez placen\u00ed. \u201eUr\u010dit\u011b to nen\u00ed d\u016fstojn\u00e9 a nesouvis\u00ed to s t\u00edm z\u00e1konem. Tyto excesy za p\u00e1r t\u00fddn\u016f odezn\u00ed,\u201c mysl\u00ed si l\u00e9ka\u0159ka.<\/p>\n<p>\u201eLovn\u00e1 zv\u011b\u0159 je hlavn\u011b ze \u017eivnostn\u00edk\u016f. Pan\u00ed profesorka \u0159ekla dob\u0159e, \u017ee tento z\u00e1kon nen\u00ed protiku\u0159\u00e1ck\u00fd, to by byl zam\u011b\u0159en proti v\u00fdrob\u011b a dealer\u016fm t\u00e9to drogy. J\u00e1 naopak mysl\u00edm, \u017ee tento z\u00e1kon prosadila tab\u00e1kov\u00e1 lobby, proto\u017ee lep\u0161\u00ed reklamu si nemohli p\u0159\u00e1t. Te\u010f bude p\u0159ed ka\u017edou hospodou hrozen dob\u0159e vypadaj\u00edc\u00edch lid\u00ed s cigaretou, kte\u0159\u00ed budou p\u0159\u00edkladem na\u0161\u00ed ml\u00e1de\u017ei, kter\u00e1 bude vid\u011bt, jak spr\u00e1vn\u011b m\u00e1 dosp\u011bl\u00fd \u010dlov\u011bk \u017e\u00edt. Nic jin\u00e9ho si prodejci a v\u00fdrobci cigaret nemohli p\u0159\u00e1t,\u201c za\u010dal Ladislav Jakl, b\u00fdval\u00fd \u0161\u00e9f politick\u00e9ho odboru Kancel\u00e1\u0159e prezidenta republiky.<\/p>\n<p>Zd\u016fraznil, \u017ee nikdo p\u0159ece nikomu nevnucoval chodit do ku\u0159\u00e1ck\u00fdch podnik\u016f. \u201eHospoda p\u0159ece nem\u00e1 chapadla, kter\u00fdmi by popadla nevinn\u00e9ho \u010dlov\u011bka na ulici, vt\u00e1hla ho n\u00e1sil\u00edm dovnit\u0159 a tam ho vystavila n\u011bjak\u00fdm v\u00fdfukov\u00fdm plyn\u016fm,\u201c uvedl Jakl. Hospody, ve kter\u00fdch se kou\u0159ilo, byly podle n\u011bho typem slu\u017eby, kterou n\u011bkdo nab\u00edzel ku\u0159\u00e1k\u016fm a pr\u00e1va neku\u0159\u00e1k\u016f existence ku\u0159\u00e1ck\u00e9ho podniku nijak nenaru\u0161ila.<\/p>\n<p>\u201ePro\u010d bych nemohla j\u00edt do hospody s dobrou sv\u00ed\u010dkovou? J\u00e1 tam r\u00e1da p\u016fjdu. Ale svoboda v\u017edy znamen\u00e1 odpov\u011bdnost. Nem\u016f\u017eeme se chovat bez ohledu na druh\u00e9. Pro\u010d nem\u016f\u017ee neku\u0159\u00e1k j\u00edt do hospody, kde maj\u00ed dobrou sv\u00ed\u010dkovou?\u201c ptala se l\u00e9ka\u0159ka.<\/p>\n<p>\u201eTak\u017ee existuje povinnost chodit n\u011bkam na sv\u00ed\u010dkovou? Co kdy\u017e ji maj\u00ed n\u011bkde, kde je stript\u00fdz a ten \u010dlov\u011bk nem\u00e1 r\u00e1d stript\u00fdz. Co kdy\u017e maj\u00ed dobrou sv\u00ed\u010dkovou n\u011bkde, kde je hlasit\u00e1 hudba a dan\u00fd \u010dlov\u011bk nem\u00e1 r\u00e1d hlasitou hudbu?\u201c nech\u00e1pal Jakl.<\/p>\n<p>\u201eZakazova\u010di\u201c to podle jeho slov mysl\u00ed na za\u010d\u00e1tku v\u017edycky dob\u0159e. \u201eJsem r\u00e1d, \u017ee se o tom bav\u00edme i te\u010f, kdy je zd\u00e1nliv\u011b v\u0161echno rozhodnuto a prohr\u00e1no. V \u017eivot\u011b to chod\u00ed tak, \u017ee kdy\u017e si p\u0159ikryjete ramena, za\u010dne v\u00e1m foukat na nohy. Nezam\u00fd\u0161len\u00fdch d\u016fsledk\u016f lid\u00ed, kte\u0159\u00ed vytv\u00e1\u0159ej\u00ed dobro, bude hodn\u011b. Krom toho, \u017ee budou lid\u00e9 hulit na chodn\u00edku soused\u016fm a kolemjdouc\u00edm. Stejn\u011b jako nem\u016f\u017eu p\u0159ij\u00edt do kv\u011btin\u00e1\u0159skv\u00ed a po\u017eadovat sv\u00ed\u010dkovou, tak nemohu p\u0159ij\u00edt do zahulen\u00e9 \u0161pelu\u0148ky a \u0159\u00edct: neku\u0159te tady. Tak, jako nem\u016f\u017eu p\u0159ij\u00edt do stript\u00fdzu a \u0159\u00edct: jsem prud\u00e9rn\u00ed, oble\u010dte se, holky. Svobodn\u011b si se v\u0161emi riziky jako dosp\u011bl\u00fd \u010dlov\u011bk vyberu to, co mi vyhovuje,\u201c pokra\u010doval Ladislav Jakl.<\/p>\n<p>Nen\u00ed kou\u0159en\u00ed v\u011bc minulosti a mimo dne\u0161n\u00ed trendy, jak d\u0159\u00edve prohl\u00e1sil profesor Pavel Pafko? \u201eS t\u00edm bych souhlasila,\u201c p\u0159ik\u00fdvla Kr\u00e1l\u00edkov\u00e1. \u201eSamoz\u0159ejm\u011b, v pades\u00e1t\u00fdch letech se taky bojovalo se v\u0161\u00edm star\u00fdm, s vete\u0161\u00ed. Trend po marxisticku jednozna\u010dn\u011b sm\u011b\u0159uje k v\u00edt\u011bzstv\u00ed d\u011blnick\u00e9 t\u0159\u00eddy a v\u0161echny zp\u00e1te\u010dn\u00edky izolujeme, nejl\u00e9pe zav\u0159eme. Tohle je fantastick\u00e1 argumentace! V\u0161ak lid\u00e9 toho typu \u0159\u00edkaj\u00ed, a\u0165 se pod\u00edv\u00e1me do zem\u00ed, kde z\u00edtra znamen\u00e1 u\u017e v\u010dera, abychom jejich z\u00e1kazy p\u0159ejali, proto\u017ee oni ur\u010dit\u011b v\u011bd\u00ed nejl\u00edp, co a jak. Zaj\u00edmav\u00e9 je, \u017ee se tihle lid\u00e9 nepou\u010dili i v tom, \u017ee leckde na Z\u00e1pad\u011b je tolerance ur\u010dit\u00e9ho mno\u017estv\u00ed alkoholu za volantem,\u201c argumentoval Klaus\u016fv extajemn\u00edk.<\/p>\n<p>\u201eTyhle v\u011bci s diskutovan\u00fdm z\u00e1konem nesouvis\u00ed,\u201c st\u00e1la si na sv\u00e9m Eva Kr\u00e1l\u00edkov\u00e1. \u201eArgument, \u017ee si tab\u00e1kov\u00fd pr\u016fmysl nemohl p\u0159\u00e1t nic lep\u0161\u00edho, no to by jim asi pan Jakl m\u011bl vzk\u00e1zat, \u017ee se&#8230;\u201c za\u010dala l\u00e9ka\u0159ka. \u201eTo jim vzka\u017ete vy, vy jste s nimi ur\u010dit\u011b v kontaktu,\u201c vlo\u017eil se do toho Jakl. \u201eV\u017edy\u0165 nev\u00edte, co chci \u0159\u00edct!\u201c na\u0161tvala se Kr\u00e1l\u00edkov\u00e1.<\/p>\n<p>Nem\u011bl by na zdrav\u00ed obyvatel v ur\u010dit\u00e9 m\u00ed\u0159e st\u00e1t dohl\u00ed\u017eet? \u201ePokud jsme majetkem st\u00e1tu, pak ano. Nejnebezpe\u010dn\u011bj\u0161\u00ed v\u011bc pro lidsk\u00e9 zdrav\u00ed je \u017eivot. Nikdy v \u017eivot\u011b se v\u00e1m nestane tolik zran\u011bn\u00ed jako v \u017eivot\u011b. Existuje tolik riskantn\u00edch \u010dinnost\u00ed, p\u0159i kter\u00fdch se m\u016f\u017eete zranit. P\u0159esto to lid\u00e9 d\u011blaj\u00ed. Nejsou vypatlan\u00ed. Pom\u011b\u0159\u00ed rizika s profitem, kter\u00fd jim to p\u0159in\u00e1\u0161\u00ed, t\u0159eba vzru\u0161en\u00edm. Pro\u010d n\u011bkdo t\u0159et\u00ed jim \u0159\u00edk\u00e1 \u2013 jsi mal\u00e9 d\u00edt\u011b, nerozhoduje\u0161 o sob\u011b, j\u00e1 ti vysv\u011btl\u00edm, jak m\u00e1\u0161 pe\u010dovat o sv\u00e9 zdrav\u00ed,\u201c rozp\u00e1lil se Jakl.<\/p>\n<p>Z\u00e1kon omezuj\u00edc\u00ed kou\u0159en\u00ed plat\u00ed sice n\u011bkolik dn\u00ed, ale u\u017e se za\u010dali oz\u00fdvat lid\u00e9 bydl\u00edc\u00ed nad restauracemi, \u017ee ku\u0159\u00e1ci post\u00e1vaj\u00edc\u00ed na chodn\u00edku jim omezuj\u00ed \u017eivot t\u00edm, \u017ee d\u00fdm z cigaret stoup\u00e1 vzh\u016fru do oken. \u201eTo bude jist\u011b probl\u00e9m. P\u0159edpokl\u00e1d\u00e1m, \u017ee si ku\u0159\u00e1ci \u010dasem uv\u011bdom\u00ed, jak obt\u011b\u017euj\u00ed sv\u00e9 okol\u00ed,\u201c sd\u011blila Eva Kr\u00e1l\u00edkov\u00e1. \u201eKam by potom ku\u0159\u00e1ci \u0161li? U\u017e te\u010f byli vytla\u010deni z hospod na chodn\u00edk a pak budou vytla\u010deni je\u0161t\u011b z chodn\u00edk\u016f?\u201c kontroval moder\u00e1tor.<\/p>\n<p>\u201eTak n\u011bkde se nekou\u0159\u00ed ani venku. T\u0159eba v New Yorku od roku 2011, nezap\u00e1l\u00edte si t\u0159eba v Central Parku. Kou\u0159en\u00ed je bohu\u017eel n\u011bco, na \u010deho\u017e stra\u0161n\u00fd dopad jsme p\u0159i\u0161li a\u017e po pades\u00e1ti letech epidemie. J\u00e1 se toho nedo\u017eiju, ale cigarety \u010dasem nebudou norm\u00e1ln\u00edm zbo\u017e\u00edm na trhu, ale to nelze ud\u011blat n\u00e1hle,\u201c uzav\u0159ela l\u00e9ka\u0159ka Kr\u00e1l\u00edkov\u00e1.<\/p>\n<p>Ladislav Jakl sv\u00e9 vystoupen\u00ed zakon\u010dil t\u00edm, \u017ee mnoho lid\u00ed se proti antiku\u0159\u00e1ck\u00e9mu z\u00e1konu nevymezovalo a pr\u00e1va ku\u0159\u00e1k\u016f nikdo ne\u0159e\u0161il, ale pozd\u011bji nebude nikdo, kdo se zastane jin\u00fdch lid\u00ed, a\u017e se za\u010dnou omezovat dal\u0161\u00ed v\u011bci a \u010dinnosti.<\/p>\n<p><a href=\"http:\/\/www.parlamentnilisty.cz\/arena\/monitor\/Horke-tema-koureni-rozpalilo-Ladislava-Jakla-Ze-likvidujeme-starou-vetes-Tohle-jsme-slyseli-uz-v-padesatych-letech-soptil-na-lekarku-A-pak-doslo-i-na-striptyz-490611\">Zdroj<\/a><\/p>\n<p>&nbsp;<\/p>\n<div id=\"AdTrackOustreamContainer\">&nbsp;<\/div>\n","protected":false},"excerpt":{"rendered":"<p>Protiku\u0159\u00e1ck\u00fd z\u00e1kon za\u010dal platit, lid\u00e9 mus\u00ed z hospod s cigaretou na ulici. Paradoxn\u011b se zd\u00e1, \u017ee v\u00edc kritik\u016f z\u00e1kon na\u0161el a\u017e nyn\u00ed, kdy dopadl na zhruba t\u0159etinu obyvatelstva. T\u00e9ma z\u00e1kazu kou\u0159en\u00ed vedlo ve studiu PL TV k neb\u00fdval\u00e9mu st\u0159etu. Hosty po\u0159adu Hork\u00e9 t\u00e9ma byli extajemn\u00edk prezidenta Klause Ladislav Jakl a l\u00e9ka\u0159ka Eva Kr\u00e1l\u00edkov\u00e1, zn\u00e1m\u00e1 tv\u00e1\u0159 [&hellip;]<\/p>\n","protected":false},"author":1,"featured_media":0,"comment_status":"open","ping_status":"open","sticky":false,"template":"","format":"standard","meta":{"ngg_post_thumbnail":0,"footnotes":""},"categories":[11],"tags":[],"class_list":["post-7818","post","type-post","status-publish","format-standard","hentry","category-ozvena"],"_links":{"self":[{"href":"https:\/\/www.ladislavjakl.cz\/index.php?rest_route=\/wp\/v2\/posts\/7818","targetHints":{"allow":["GET"]}}],"collection":[{"href":"https:\/\/www.ladislavjakl.cz\/index.php?rest_route=\/wp\/v2\/posts"}],"about":[{"href":"https:\/\/www.ladislavjakl.cz\/index.php?rest_route=\/wp\/v2\/types\/post"}],"author":[{"embeddable":true,"href":"https:\/\/www.ladislavjakl.cz\/index.php?rest_route=\/wp\/v2\/users\/1"}],"replies":[{"embeddable":true,"href":"https:\/\/www.ladislavjakl.cz\/index.php?rest_route=%2Fwp%2Fv2%2Fcomments&post=7818"}],"version-history":[{"count":1,"href":"https:\/\/www.ladislavjakl.cz\/index.php?rest_route=\/wp\/v2\/posts\/7818\/revisions"}],"predecessor-version":[{"id":7819,"href":"https:\/\/www.ladislavjakl.cz\/index.php?rest_route=\/wp\/v2\/posts\/7818\/revisions\/7819"}],"wp:attachment":[{"href":"https:\/\/www.ladislavjakl.cz\/index.php?rest_route=%2Fwp%2Fv2%2Fmedia&parent=7818"}],"wp:term":[{"taxonomy":"category","embeddable":true,"href":"https:\/\/www.ladislavjakl.cz\/index.php?rest_route=%2Fwp%2Fv2%2Fcategories&post=7818"},{"taxonomy":"post_tag","embeddable":true,"href":"https:\/\/www.ladislavjakl.cz\/index.php?rest_route=%2Fwp%2Fv2%2Ftags&post=7818"}],"curies":[{"name":"wp","href":"https:\/\/api.w.org\/{rel}","templated":true}]}}