{"id":7828,"date":"2017-06-13T15:16:44","date_gmt":"2017-06-13T13:16:44","guid":{"rendered":"http:\/\/www.ladislavjakl.cz\/?p=7828"},"modified":"2017-06-13T15:16:44","modified_gmt":"2017-06-13T13:16:44","slug":"migracni-krize-budme-vice-solidarni","status":"publish","type":"post","link":"https:\/\/www.ladislavjakl.cz\/?p=7828","title":{"rendered":"Migra\u010dn\u00ed krize: bu\u010fme v\u00edce solid\u00e1rn\u00ed"},"content":{"rendered":"<div class=\"opener\">P\u0159edseda Evropsk\u00fdch lidov\u00fdch komisa\u0159\u016f Juncker \u017ealuje na \u010ceskou republiku, \u017ee ta nechce p\u0159ij\u00edmat neleg\u00e1ln\u00ed p\u0159ist\u011bhovalce. To bychom nem\u011bli br\u00e1t na lehkou v\u00e1hu.<\/div>\n<p><!--more--><\/p>\n<div id=\"art-text\" class=\"text\">\n<p>Juncker spr\u00e1v\u011b upozor\u0148uje, \u017ee jde p\u0159edev\u0161\u00edm o vz\u00e1jemnou solidaritu \u010dlensk\u00fdch zem\u00ed EU. A ruku na srdce, jsme dostate\u010dn\u011b solid\u00e1rn\u00ed s N\u011bmci, Francouzi, Belgi\u010dany, Brity \u010di \u0160pan\u011bly v jejich nelehk\u00e9m \u00fad\u011blu sn\u00e1\u0161et na sv\u00e9m \u00fazem\u00ed p\u016fsoben\u00ed r\u016fzn\u00fdch nep\u0159izp\u016fsobiv\u00fdch n\u00e1bo\u017eensk\u00fdch a etnick\u00fdch skupin? Nejsme.<\/p>\n<p>S takov\u00fdm pocitem viny bychom d\u00e1le ji\u017e \u017e\u00edt nem\u011bli. Jen tak si bezstarostn\u011b u\u017e\u00edvat bezpe\u010d\u00ed sv\u00e9 zem\u011b, zat\u00edmco jin\u00e9 zem\u011b trp\u00ed. Nab\u00edz\u00edm dv\u011b varianty, jak tuto svou vinu m\u016f\u017eeme od\u010dinit.<\/p>\n<p>Bu\u010f si solid\u00e1rn\u011b sami vyhod\u00edme do pov\u011bt\u0159\u00ed t\u0159eba pra\u017esk\u00e9 Hlavn\u00ed n\u00e1dra\u017e\u00ed, aby Juncker vid\u011bl, \u017ee jsme p\u0159ipraveni trp\u011bt s nimi. N\u011bco n\u011bjak\u00fd rockov\u00fd klub. Nebo metro? Prost\u011b n\u011bco, \u010d\u00edm bychom hlasit\u011b dok\u00e1zali, \u017ee nestoj\u00edme stranou.<\/p>\n<p>Anebo poj\u010fme solid\u00e1rn\u011b otev\u0159\u00edt dve\u0159e uprchl\u00edk\u016fm. Tedy t\u011bm rodil\u00fdm N\u011bmc\u016fm, Belgi\u010dan\u016fm, Angli\u010dan\u016fm \u010di \u0160pan\u011bl\u016fm, kte\u0159\u00ed ji\u017e necht\u011bj\u00ed \u017e\u00edt doma v atmosf\u00e9\u0159e strachu z dal\u0161\u00edch atent\u00e1t\u016f. Pod\u011blit se s nimi o bezpe\u010d\u00ed sv\u00e9 zem\u011b a nab\u00eddnout jim nov\u00fd domov, pry\u010d od teroru.<\/p>\n<p>To by pana Junckera mohlo uklidnit, co \u0159\u00edk\u00e1te?<\/p>\n<\/div>\n<p><a href=\"http:\/\/jakl.blog.idnes.cz\/blog.aspx?c=608807\">Zdroj<\/a><\/p>\n","protected":false},"excerpt":{"rendered":"<p>P\u0159edseda Evropsk\u00fdch lidov\u00fdch komisa\u0159\u016f Juncker \u017ealuje na \u010ceskou republiku, \u017ee ta nechce p\u0159ij\u00edmat neleg\u00e1ln\u00ed p\u0159ist\u011bhovalce. To bychom nem\u011bli br\u00e1t na lehkou v\u00e1hu.<\/p>\n","protected":false},"author":1,"featured_media":0,"comment_status":"open","ping_status":"open","sticky":false,"template":"","format":"standard","meta":{"ngg_post_thumbnail":0,"footnotes":""},"categories":[10],"tags":[],"class_list":["post-7828","post","type-post","status-publish","format-standard","hentry","category-zlehka"],"_links":{"self":[{"href":"https:\/\/www.ladislavjakl.cz\/index.php?rest_route=\/wp\/v2\/posts\/7828","targetHints":{"allow":["GET"]}}],"collection":[{"href":"https:\/\/www.ladislavjakl.cz\/index.php?rest_route=\/wp\/v2\/posts"}],"about":[{"href":"https:\/\/www.ladislavjakl.cz\/index.php?rest_route=\/wp\/v2\/types\/post"}],"author":[{"embeddable":true,"href":"https:\/\/www.ladislavjakl.cz\/index.php?rest_route=\/wp\/v2\/users\/1"}],"replies":[{"embeddable":true,"href":"https:\/\/www.ladislavjakl.cz\/index.php?rest_route=%2Fwp%2Fv2%2Fcomments&post=7828"}],"version-history":[{"count":1,"href":"https:\/\/www.ladislavjakl.cz\/index.php?rest_route=\/wp\/v2\/posts\/7828\/revisions"}],"predecessor-version":[{"id":7829,"href":"https:\/\/www.ladislavjakl.cz\/index.php?rest_route=\/wp\/v2\/posts\/7828\/revisions\/7829"}],"wp:attachment":[{"href":"https:\/\/www.ladislavjakl.cz\/index.php?rest_route=%2Fwp%2Fv2%2Fmedia&parent=7828"}],"wp:term":[{"taxonomy":"category","embeddable":true,"href":"https:\/\/www.ladislavjakl.cz\/index.php?rest_route=%2Fwp%2Fv2%2Fcategories&post=7828"},{"taxonomy":"post_tag","embeddable":true,"href":"https:\/\/www.ladislavjakl.cz\/index.php?rest_route=%2Fwp%2Fv2%2Ftags&post=7828"}],"curies":[{"name":"wp","href":"https:\/\/api.w.org\/{rel}","templated":true}]}}