{"id":7843,"date":"2017-06-23T13:41:46","date_gmt":"2017-06-23T11:41:46","guid":{"rendered":"http:\/\/www.ladislavjakl.cz\/?p=7843"},"modified":"2017-06-23T13:41:46","modified_gmt":"2017-06-23T11:41:46","slug":"jedine-letiste-v-ceskoslovensku-je-stolete","status":"publish","type":"post","link":"https:\/\/www.ladislavjakl.cz\/?p=7843","title":{"rendered":"Jedin\u00e9 leti\u0161t\u011b v \u010ceskoslovensku je stolet\u00e9"},"content":{"rendered":"<div class=\"opener\">Jako mal\u00e9 d\u00edt\u011b jsem o chebsk\u00e9m leti\u0161ti dob\u0159e v\u011bd\u011bl. Jakby ne. Ka\u017edou chv\u00edli bylo vid\u011bt n\u011bjak\u00e9 vyhl\u00eddkov\u00e9 nebo pr\u00e1\u0161kovac\u00ed letadlo, kter\u00e9 z n\u011bj odstartovalo.<\/div>\n<p><!--more--><\/p>\n<div id=\"art-text\" class=\"text\">\n<p>Pozd\u011bji jsem na leti\u0161t\u011b a jeho okol\u00ed po\u0159\u00e1dal dobrodru\u017en\u00e9 v\u00fdpravy. Ohromn\u00e9 z\u00e1zem\u00ed a mno\u017estv\u00ed rozbit\u00fdch nebo pr\u00e1zdn\u00fdch budov d\u00e1valo tu\u0161it, \u017ee kdysi tady bylo cosi mnohem v\u011bt\u0161\u00edho, ne\u017e jen to dne\u0161n\u00ed s\u00eddlo aeroklubu. Kolem t\u011bch m\u00edst se vzn\u00e1\u0161elo tajemstv\u00ed tajn\u00fdch n\u011bmeck\u00fdch podzemn\u00edch tov\u00e1ren, kter\u00e9 tu za v\u00e1lky m\u011bly vyv\u00edjet \u00fapln\u011b p\u0159evratn\u00e9 zbran\u011b, pr\u00fd schopn\u00e9 oto\u010dit v\u00fdvoj v\u00e1lky ve prosp\u011bch nacist\u016f.<\/p>\n<p>Dnes v\u00edme, \u017ee mnoh\u00e9 na on\u011bch zv\u011bstech m\u011blo pravdiv\u00fd z\u00e1klad. Co jsme ale tehdy netu\u0161ili v\u016fbec, byl fakt, \u017ee velik\u00e9 leti\u0161t\u011b s na svou dobu ojedin\u011blou betonovou ranvej\u00ed nebylo jedin\u00fdm chebsk\u00fdm leti\u0161t\u011bm. \u017de necel\u00e9 dva kilometry severn\u011bji byla jeho star\u0161\u00ed a historicky v\u00fdznamn\u011bj\u0161\u00ed \u010d\u00e1st. A to na \u00fazem\u00ed, kter\u00e9 jsme znali u\u017e jen jako oby\u010dejn\u00e9 pole naproti m\u011bstsk\u00e9mu h\u0159bitovu.<\/p>\n<p>A\u017e mnohem pozd\u011bji jsem se dov\u011bd\u011bl, a to p\u0159edev\u0161\u00edm d\u00edky publicistick\u00e9 pr\u00e1ci leteck\u00e9ho historika a chebsk\u00e9ho patriota Lu\u010fka Mat\u011bj\u00ed\u010dka, \u017ee v t\u011bchto m\u00edstech u\u017e za prvn\u00ed sv\u011btov\u00e9 v\u00e1lky \u2013 p\u0159esn\u011b p\u0159ed sto lety \u2013 vzniklo prvn\u00ed a tehdy i jedin\u00e9 leti\u0161t\u011b na \u010desk\u00e9m \u00fazem\u00ed. A kdy\u017e se narodila samostatn\u00e1 \u010ceskoslovensk\u00e1 republika, bylo to jedin\u00e9 jej\u00ed leti\u0161t\u011b a tamn\u00ed letadla jedin\u00fdmi letadly nov\u00e9 arm\u00e1dy.<\/p>\n<p>Za republiky zde vzniklo slavn\u00e9 Vojensk\u00e9 leteck\u00e9 u\u010dili\u0161t\u011b, kter\u00e9 vychovalo mnoho pozd\u011bj\u0161\u00ed leteck\u00fdch es Druh\u00e9 sv\u011btov\u00e9 v\u00e1lky. A\u017e teprve pozd\u011bji, p\u0159edev\u0161\u00edm kv\u016fli obav\u00e1m z nedostatku loajality chebsk\u00e9ho obyvatelstva k \u010ceskoslovensku, bylo z\u0159\u00edzeno leti\u0161t\u011b v Kbel\u00edch pobl\u00ed\u017e Prahy.<\/p>\n<p>Po Mnichovu Cheb i se sv\u00fdm leti\u0161t\u011bm p\u0159ipadl N\u011bmecku, kter\u00e9 zde m\u011blo z\u00e1kladnu st\u00edhac\u00edho letectva a u\u017e zmi\u0148ovan\u00e9 v\u00fdvojov\u00e9 pracovi\u0161t\u011b. V\u0161e bylo (pro v\u00fdvoj v\u00e1lky na\u0161t\u011bst\u00ed) zna\u010dn\u011b po\u0161kozeno americk\u00fdm bombardov\u00e1n\u00edm a na konci v\u00e1lky bylo p\u016fvodn\u00ed star\u0161\u00ed leti\u0161t\u011b u\u017e zcela zni\u010deno p\u0159i vlastn\u011b jedin\u00e9 zaznamen\u00e1n\u00edhodn\u00e9 skute\u010dn\u00e9 bojov\u00e9 operaci, kterou na na\u0161em \u00fazem\u00ed svedla americk\u00e1 arm\u00e1da p\u0159i osvobozov\u00e1n\u00ed z\u00e1padn\u00ed \u010d\u00e1sti \u010cech. V rozvalin\u00e1ch leti\u0161t\u011b pak byl i velk\u00fd zajateck\u00fd t\u00e1bor.<\/p>\n<p>Toto p\u016fvodn\u00ed \u201erakousk\u00e9\u201c leti\u0161t\u011b u\u017e nikdy nebylo obnoveno a \u2013 jak bylo \u0159e\u010deno &#8211; dnes je v jeho m\u00edstech pole a na severn\u00edm okraji nov\u00e9 industri\u00e1ln\u00ed budovy a haly. Nov\u011bj\u0161\u00ed leti\u0161t\u011b z doby t\u0159ic\u00e1t\u00fdch a \u010dty\u0159ic\u00e1t\u00fdch let bylo po v\u00e1lce \u010d\u00e1ste\u010dn\u011b obnoveno a ve skromn\u00e9m rozm\u011bru slou\u017e\u00ed dodnes, i kdy\u017e p\u016fvodn\u011b se zde po\u010d\u00edtalo s vybudov\u00e1n\u00edm modern\u00edho mezin\u00e1rodn\u00edho leti\u0161t\u011b, co\u017e si komunistick\u00e1 moc vzhledem k bl\u00edzkosti hranic rozmyslela. Skromn\u00e1 podoba dne\u0161n\u00edho chebsk\u00e9ho letectv\u00ed v\u0161ak bude zna\u010dn\u011b pov\u00fd\u0161ena o nadch\u00e1zej\u00edc\u00edm v\u00edkendu, kdy zde prob\u011bhne nejv\u011bt\u0161\u00ed leteck\u00e1 show v Chebu od slavn\u00e9ho p\u0159ist\u00e1n\u00ed vzducholodi Graf Zeppelin v roce 1939, kdy se do Chebu sjelo nejv\u00edce lid\u00ed v jeho tis\u00edcilet\u00e9 historii.<\/p>\n<p>Tehdej\u0161\u00ed rekord asi p\u0159ekon\u00e1n nebude, ale st\u00e9 v\u00fdro\u010d\u00ed kdysi jedin\u00e9ho \u010deskoslovensk\u00e9ho leti\u0161t\u011b i velk\u00fd leteck\u00fd den 24. \u010dervna lze doporu\u010dit nejen fand\u016fm historie l\u00e9t\u00e1n\u00ed.<\/p>\n<\/div>\n<p><a href=\"http:\/\/jakl.blog.idnes.cz\/blog.aspx?c=609977\">Zdroj<\/a><\/p>\n","protected":false},"excerpt":{"rendered":"<p>Jako mal\u00e9 d\u00edt\u011b jsem o chebsk\u00e9m leti\u0161ti dob\u0159e v\u011bd\u011bl. Jakby ne. Ka\u017edou chv\u00edli bylo vid\u011bt n\u011bjak\u00e9 vyhl\u00eddkov\u00e9 nebo pr\u00e1\u0161kovac\u00ed letadlo, kter\u00e9 z n\u011bj odstartovalo.<\/p>\n","protected":false},"author":1,"featured_media":0,"comment_status":"open","ping_status":"open","sticky":false,"template":"","format":"standard","meta":{"ngg_post_thumbnail":0,"footnotes":""},"categories":[1],"tags":[],"class_list":["post-7843","post","type-post","status-publish","format-standard","hentry","category-publikovane-clanky"],"_links":{"self":[{"href":"https:\/\/www.ladislavjakl.cz\/index.php?rest_route=\/wp\/v2\/posts\/7843","targetHints":{"allow":["GET"]}}],"collection":[{"href":"https:\/\/www.ladislavjakl.cz\/index.php?rest_route=\/wp\/v2\/posts"}],"about":[{"href":"https:\/\/www.ladislavjakl.cz\/index.php?rest_route=\/wp\/v2\/types\/post"}],"author":[{"embeddable":true,"href":"https:\/\/www.ladislavjakl.cz\/index.php?rest_route=\/wp\/v2\/users\/1"}],"replies":[{"embeddable":true,"href":"https:\/\/www.ladislavjakl.cz\/index.php?rest_route=%2Fwp%2Fv2%2Fcomments&post=7843"}],"version-history":[{"count":1,"href":"https:\/\/www.ladislavjakl.cz\/index.php?rest_route=\/wp\/v2\/posts\/7843\/revisions"}],"predecessor-version":[{"id":7844,"href":"https:\/\/www.ladislavjakl.cz\/index.php?rest_route=\/wp\/v2\/posts\/7843\/revisions\/7844"}],"wp:attachment":[{"href":"https:\/\/www.ladislavjakl.cz\/index.php?rest_route=%2Fwp%2Fv2%2Fmedia&parent=7843"}],"wp:term":[{"taxonomy":"category","embeddable":true,"href":"https:\/\/www.ladislavjakl.cz\/index.php?rest_route=%2Fwp%2Fv2%2Fcategories&post=7843"},{"taxonomy":"post_tag","embeddable":true,"href":"https:\/\/www.ladislavjakl.cz\/index.php?rest_route=%2Fwp%2Fv2%2Ftags&post=7843"}],"curies":[{"name":"wp","href":"https:\/\/api.w.org\/{rel}","templated":true}]}}